{"id":142532,"date":"2026-09-02T16:30:39","date_gmt":"2026-09-02T13:30:39","guid":{"rendered":"https:\/\/mersingazetesi.com\/?p=142532"},"modified":"2026-09-02T16:30:39","modified_gmt":"2026-09-02T13:30:39","slug":"belcikada-turk-babanin-polis-kursunuyla-hayatini-kaybettigi-iddiasi","status":"publish","type":"post","link":"https:\/\/mersingazetesi.com\/index.php\/2026\/09\/02\/belcikada-turk-babanin-polis-kursunuyla-hayatini-kaybettigi-iddiasi\/","title":{"rendered":"Bel\u00e7ika&#8217;da T\u00fcrk baban\u0131n polis kur\u015funuyla hayat\u0131n\u0131 kaybetti\u011fi iddias\u0131"},"content":{"rendered":"<p>Bel\u00e7ika&#8217;da ya\u015fayan 4 \u00e7ocuk babas\u0131 T\u00fcrk vatanda\u015f\u0131 Halit Altun&#8217;un, \u00e7ocuklar\u0131n\u0131 g\u00f6t\u00fcrd\u00fc\u011f\u00fc parkta \u00e7\u0131kan tart\u0131\u015fman\u0131n ard\u0131ndan polis taraf\u0131ndan vurularak hayat\u0131n\u0131 kaybetti\u011fi \u00f6ne s\u00fcr\u00fcld\u00fc. Altun&#8217;un day\u0131s\u0131, ye\u011feninin vurulduktan sonra kelep\u00e7elendi\u011fini ve ambulans\u0131n yakla\u015f\u0131k 40 dakika sonra geldi\u011fini iddia ederek, olay\u0131n ayd\u0131nlat\u0131lmas\u0131 i\u00e7in T\u00fcrk makamlar\u0131ndan yard\u0131m istedi.<br \/>\n\u0130ddiaya g\u00f6re olay, ge\u00e7ti\u011fimiz pazar g\u00fcn\u00fc Bel\u00e7ika&#8217;n\u0131n Eupen kentinde meydana geldi. Yakla\u015f\u0131k 15 y\u0131ld\u0131r Bel\u00e7ika&#8217;da ya\u015fayan ve bir kablo fabrikas\u0131nda i\u015f\u00e7i olarak \u00e7al\u0131\u015fan 4 \u00e7ocuk babas\u0131 Halit Altun (42), \u00e7ocuklar\u0131 Cebril (14), Yasin (13), Kamil (12) ve \u015eehmuz (11) ile parka gitti. Burada Altun&#8217;un \u00e7ocuklar\u0131 ile Ukraynal\u0131 oldu\u011fu ileri s\u00fcr\u00fclen bir grubun aras\u0131nda tart\u0131\u015fma \u00e7\u0131kt\u0131. Tart\u0131\u015fman\u0131n b\u00fcy\u00fcmesi \u00fczerine Altun&#8217;un \u00e7ocuklar\u0131n\u0131 korumak amac\u0131yla olaya m\u00fcdahale etti\u011fi, b\u00f6lgeye gelen polis ekiplerinin ise Altun&#8217;a ate\u015f etti\u011fi iddia edildi. Yaralanarak yere d\u00fc\u015fen Altun&#8217;un kelep\u00e7elendi\u011fi, yakla\u015f\u0131k 40 dakika sonra ambulansla hastaneye kald\u0131r\u0131ld\u0131\u011f\u0131 ve burada hayat\u0131n\u0131 kaybetti\u011fi \u00f6ne s\u00fcr\u00fcld\u00fc.<\/p>\n<p>&#8220;\u00c7ocuklar\u0131n\u0131 korumak i\u00e7in tepki vermeye \u00e7al\u0131\u015ft\u0131&#8221;<br \/>\nAltun&#8217;un\u00a0<strong class=\"searchword\">Mersin<\/strong>&#8216;de ya\u015fayan day\u0131s\u0131 Cihad \u00d6\u011f\u00fc\u015fl\u00fc, olay\u0131n \u00e7ocuklar aras\u0131nda ya\u015fanan k\u00fc\u00e7\u00fck bir tart\u0131\u015fmayla ba\u015flad\u0131\u011f\u0131n\u0131 belirterek, &#8220;Ye\u011fenim \u00e7ocuklar\u0131n\u0131 parka g\u00f6t\u00fcrmek istedi. Parktayken bir grup Ukraynal\u0131ya denk geldi. \u00c7ocuklar aras\u0131nda k\u00fc\u00e7\u00fck bir tart\u0131\u015fma vard\u0131. Tart\u0131\u015fman\u0131n ard\u0131ndan birka\u00e7 ki\u015fi topland\u0131lar. Hepsinin alkoll\u00fc oldu\u011funu d\u00fc\u015f\u00fcn\u00fcyoruz. Ye\u011fenime ve \u00e7ocuklar\u0131na sald\u0131rmaya ba\u015flad\u0131lar. Ye\u011fenim de \u00e7ocuklar\u0131n\u0131 korumak i\u00e7in onlara tepki vermeye \u00e7al\u0131\u015ft\u0131 ve olay b\u00fcy\u00fcd\u00fc&#8221; dedi.<\/p>\n<p>&#8220;Yere d\u00fc\u015ft\u00fckten sonra kelep\u00e7elediler&#8221;<br \/>\nPolisin olay yerine gelmesinin ard\u0131ndan ye\u011fenine ate\u015f edildi\u011fini \u00f6ne s\u00fcren \u00d6\u011f\u00fc\u015fl\u00fc, &#8220;Gelen polis memurlar\u0131 hi\u00e7bir \u015fey sormadan ye\u011fenime ate\u015f etmeye ba\u015flad\u0131. Ye\u011fenim yere d\u00fc\u015ft\u00fc. Yere d\u00fc\u015ft\u00fc\u011f\u00fc zaman tekrar ate\u015f edildi. Ard\u0131ndan ye\u011fenimi kelep\u00e7elediler. En az 40 dakika orada beklettiler, ambulans gelmedi. Daha sonra hastaneye g\u00f6t\u00fcrd\u00fcler ancak ye\u011fenim hayat\u0131n\u0131 kaybetmi\u015fti&#8221; diye konu\u015ftu.<br \/>\nOlay\u0131n ard\u0131ndan Altun&#8217;un evinde de arama yap\u0131ld\u0131\u011f\u0131n\u0131 ileri s\u00fcren \u00d6\u011f\u00fc\u015fl\u00fc, aramada herhangi bir su\u00e7 unsuruna rastlanmad\u0131\u011f\u0131n\u0131 savundu.<\/p>\n<p>&#8220;Babalar\u0131 g\u00f6zlerinin \u00f6n\u00fcnde \u00f6ld\u00fcr\u00fcld\u00fc&#8221;<br \/>\nYe\u011feninin 4 \u00e7ocu\u011funun olay s\u0131ras\u0131nda parkta bulundu\u011funu belirten \u00d6\u011f\u00fc\u015fl\u00fc, &#8220;Benim ye\u011fenim sadece \u00e7ocuklar\u0131n\u0131 korumak i\u00e7in \u00f6ld\u00fcr\u00fcld\u00fc. T\u00fcrkiye Cumhuriyeti devletinden yard\u0131m istiyoruz. Bu olay\u0131n pe\u015fini b\u0131rakmamas\u0131n\u0131 istiyoruz. Bel\u00e7ika h\u00fck\u00fcmetine de g\u00fcveniyoruz ve olay\u0131n ayd\u0131nlat\u0131lmas\u0131n\u0131 bekliyoruz. 4 \u00e7ocu\u011fu var, babalar\u0131 g\u00f6zlerinin \u00f6n\u00fcnde \u00f6ld\u00fcr\u00fcld\u00fc. \u00c7ocuklar\u0131n psikolojik destek almas\u0131n\u0131 istiyoruz. Hala tehdit alt\u0131nda olduklar\u0131n\u0131 d\u00fc\u015f\u00fcn\u00fcyoruz&#8221; ifadelerini kulland\u0131.<br \/>\nAltun&#8217;un uzun y\u0131llard\u0131r Bel\u00e7ika&#8217;da \u00e7al\u0131\u015ft\u0131\u011f\u0131n\u0131 anlatan \u00d6\u011f\u00fc\u015fl\u00fc, &#8220;Ye\u011fenim orada bir kablo fabrikas\u0131nda i\u015f\u00e7iydi. Evine ve \u00e7ocuklar\u0131na ba\u011fl\u0131 bir insand\u0131. Sadece parka gidip \u00e7ocuklar\u0131n\u0131 oynatmak istedi ve can\u0131ndan oldu&#8221; \u015feklinde konu\u015ftu.<\/p>\n<p>&#8220;Polisler g\u00f6r\u00fcnt\u00fc \u00e7eken ki\u015filere m\u00fcdahale ederek telefonlar\u0131n\u0131 ald\u0131&#8221;<br \/>\nOlay s\u0131ras\u0131nda baz\u0131 T\u00fcrk vatanda\u015flar\u0131n\u0131n ya\u015fananlar\u0131 cep telefonlar\u0131yla kaydetti\u011fini s\u00f6yleyen \u00d6\u011f\u00fc\u015fl\u00fc, &#8220;Oradaki T\u00fcrk vatanda\u015flar\u0131 olay\u0131 g\u00f6r\u00fcnt\u00fcledi. \u0130ddiaya g\u00f6re polisler g\u00f6r\u00fcnt\u00fc \u00e7eken ki\u015filere m\u00fcdahale ederek telefonlar\u0131n\u0131 ald\u0131. Baz\u0131lar\u0131n\u0131n telefonlar\u0131n\u0131n k\u0131r\u0131ld\u0131\u011f\u0131n\u0131, baz\u0131lar\u0131n\u0131n ise g\u00f6t\u00fcr\u00fcld\u00fc\u011f\u00fcn\u00fc \u00f6\u011frendik. Bir arkada\u015f\u0131m\u0131z\u0131n saklad\u0131\u011f\u0131 baz\u0131 foto\u011fraflar bize ula\u015ft\u0131&#8221; dedi.<br \/>\nHayat\u0131n\u0131 kaybeden Halit Altun&#8217;un\u00a0<strong class=\"searchword\">Mersin<\/strong>&#8216;de ya\u015fayan ailesi ve yak\u0131nlar\u0131, Toroslar il\u00e7esi Demirta\u015f Mahallesi&#8217;ndeki taziye evinde bir araya gelerek taziyeleri kabul etti. Altun&#8217;un cenazesinin yar\u0131n Akbelen Mezarl\u0131\u011f\u0131nda topra\u011fa verilece\u011fi \u00f6\u011frenildi. Aile ve yak\u0131nlar\u0131, olay\u0131n t\u00fcm y\u00f6nleriyle ayd\u0131nlat\u0131lmas\u0131n\u0131 ve sorumlular hakk\u0131nda gerekli i\u015flemlerin yap\u0131lmas\u0131n\u0131 istedi.<\/p>\n","protected":false},"excerpt":{"rendered":"<p>Bel\u00e7ika&#8217;da ya\u015fayan 4 \u00e7ocuk babas\u0131 T\u00fcrk vatanda\u015f\u0131 Halit Altun&#8217;un, \u00e7ocuklar\u0131n\u0131 g\u00f6t\u00fcrd\u00fc\u011f\u00fc parkta \u00e7\u0131kan tart\u0131\u015fman\u0131n ard\u0131ndan polis taraf\u0131ndan vurularak hayat\u0131n\u0131 kaybetti\u011fi \u00f6ne s\u00fcr\u00fcld\u00fc. Altun&#8217;un day\u0131s\u0131, ye\u011feninin vurulduktan sonra kelep\u00e7elendi\u011fini ve ambulans\u0131n yakla\u015f\u0131k 40 dakika sonra geldi\u011fini iddia ederek, olay\u0131n ayd\u0131nlat\u0131lmas\u0131 i\u00e7in T\u00fcrk makamlar\u0131ndan yard\u0131m istedi. \u0130ddiaya g\u00f6re olay, ge\u00e7ti\u011fimiz pazar g\u00fcn\u00fc Bel\u00e7ika&#8217;n\u0131n Eupen kentinde meydana geldi. [&hellip;]<\/p>\n","protected":false},"author":2,"featured_media":142533,"comment_status":"open","ping_status":"open","sticky":false,"template":"","format":"standard","meta":{"footnotes":""},"categories":[3],"tags":[],"class_list":["post-142532","post","type-post","status-publish","format-standard","has-post-thumbnail","hentry","category-dunya"],"views":140,"_links":{"self":[{"href":"https:\/\/mersingazetesi.com\/index.php\/wp-json\/wp\/v2\/posts\/142532","targetHints":{"allow":["GET"]}}],"collection":[{"href":"https:\/\/mersingazetesi.com\/index.php\/wp-json\/wp\/v2\/posts"}],"about":[{"href":"https:\/\/mersingazetesi.com\/index.php\/wp-json\/wp\/v2\/types\/post"}],"author":[{"embeddable":true,"href":"https:\/\/mersingazetesi.com\/index.php\/wp-json\/wp\/v2\/users\/2"}],"replies":[{"embeddable":true,"href":"https:\/\/mersingazetesi.com\/index.php\/wp-json\/wp\/v2\/comments?post=142532"}],"version-history":[{"count":1,"href":"https:\/\/mersingazetesi.com\/index.php\/wp-json\/wp\/v2\/posts\/142532\/revisions"}],"predecessor-version":[{"id":142534,"href":"https:\/\/mersingazetesi.com\/index.php\/wp-json\/wp\/v2\/posts\/142532\/revisions\/142534"}],"wp:featuredmedia":[{"embeddable":true,"href":"https:\/\/mersingazetesi.com\/index.php\/wp-json\/wp\/v2\/media\/142533"}],"wp:attachment":[{"href":"https:\/\/mersingazetesi.com\/index.php\/wp-json\/wp\/v2\/media?parent=142532"}],"wp:term":[{"taxonomy":"category","embeddable":true,"href":"https:\/\/mersingazetesi.com\/index.php\/wp-json\/wp\/v2\/categories?post=142532"},{"taxonomy":"post_tag","embeddable":true,"href":"https:\/\/mersingazetesi.com\/index.php\/wp-json\/wp\/v2\/tags?post=142532"}],"curies":[{"name":"wp","href":"https:\/\/api.w.org\/{rel}","templated":true}]}}