{"id":142529,"date":"2026-09-02T16:07:09","date_gmt":"2026-09-02T13:07:09","guid":{"rendered":"https:\/\/mersingazetesi.com\/?p=142529"},"modified":"2026-09-02T16:07:09","modified_gmt":"2026-09-02T13:07:09","slug":"tarsusta-saman-balyalarinin-oldugu-alanda-yangin","status":"publish","type":"post","link":"https:\/\/mersingazetesi.com\/index.php\/2026\/09\/02\/tarsusta-saman-balyalarinin-oldugu-alanda-yangin\/","title":{"rendered":"Tarsus\u2019ta saman balyalar\u0131n\u0131n oldu\u011fu alanda yang\u0131n"},"content":{"rendered":"<p><strong class=\"searchword\">Mersin<\/strong>\u2019in Tarsus il\u00e7esinde saman balyalar\u0131n\u0131n y\u0131\u011f\u0131l\u0131 oldu\u011fu alanda \u00e7\u0131kan yang\u0131n s\u00f6nd\u00fcr\u00fcld\u00fc.<br \/>\nOlay, il\u00e7eye ba\u011fl\u0131 Ula\u015f Mahallesi\u2019nde meydana geldi. Al\u0131nan bilgiye g\u00f6re mantar \u00fcretimi yap\u0131lan tesiste a\u00e7\u0131k arazide y\u0131\u011f\u0131n olarak bulundurulan saman balyalar\u0131, hen\u00fcz bilinmeyen nedenle alev ald\u0131. Dumanlar\u0131n y\u00fckseldi\u011fini g\u00f6ren \u00e7evredekiler durumu B\u00fcy\u00fck\u015fehir Belediyesi itfaiye ekiplerine bildirdi. Olay yerine intikal eden ekipler, alevleri kontrol alt\u0131na alarak s\u00f6nd\u00fcrd\u00fc. Maddi zarara neden olan yang\u0131n\u0131 s\u00f6nd\u00fcrme faaliyetinde i\u015f makinesi de kullan\u0131ld\u0131.<\/p>\n","protected":false},"excerpt":{"rendered":"<p>Mersin\u2019in Tarsus il\u00e7esinde saman balyalar\u0131n\u0131n y\u0131\u011f\u0131l\u0131 oldu\u011fu alanda \u00e7\u0131kan yang\u0131n s\u00f6nd\u00fcr\u00fcld\u00fc. Olay, il\u00e7eye ba\u011fl\u0131 Ula\u015f Mahallesi\u2019nde meydana geldi. Al\u0131nan bilgiye g\u00f6re mantar \u00fcretimi yap\u0131lan tesiste a\u00e7\u0131k arazide y\u0131\u011f\u0131n olarak bulundurulan saman balyalar\u0131, hen\u00fcz bilinmeyen nedenle alev ald\u0131. Dumanlar\u0131n y\u00fckseldi\u011fini g\u00f6ren \u00e7evredekiler durumu B\u00fcy\u00fck\u015fehir Belediyesi itfaiye ekiplerine bildirdi. Olay yerine intikal eden ekipler, alevleri kontrol alt\u0131na [&hellip;]<\/p>\n","protected":false},"author":2,"featured_media":142530,"comment_status":"open","ping_status":"open","sticky":false,"template":"","format":"standard","meta":{"footnotes":""},"categories":[1],"tags":[],"class_list":["post-142529","post","type-post","status-publish","format-standard","has-post-thumbnail","hentry","category-gundem"],"views":178,"_links":{"self":[{"href":"https:\/\/mersingazetesi.com\/index.php\/wp-json\/wp\/v2\/posts\/142529","targetHints":{"allow":["GET"]}}],"collection":[{"href":"https:\/\/mersingazetesi.com\/index.php\/wp-json\/wp\/v2\/posts"}],"about":[{"href":"https:\/\/mersingazetesi.com\/index.php\/wp-json\/wp\/v2\/types\/post"}],"author":[{"embeddable":true,"href":"https:\/\/mersingazetesi.com\/index.php\/wp-json\/wp\/v2\/users\/2"}],"replies":[{"embeddable":true,"href":"https:\/\/mersingazetesi.com\/index.php\/wp-json\/wp\/v2\/comments?post=142529"}],"version-history":[{"count":1,"href":"https:\/\/mersingazetesi.com\/index.php\/wp-json\/wp\/v2\/posts\/142529\/revisions"}],"predecessor-version":[{"id":142531,"href":"https:\/\/mersingazetesi.com\/index.php\/wp-json\/wp\/v2\/posts\/142529\/revisions\/142531"}],"wp:featuredmedia":[{"embeddable":true,"href":"https:\/\/mersingazetesi.com\/index.php\/wp-json\/wp\/v2\/media\/142530"}],"wp:attachment":[{"href":"https:\/\/mersingazetesi.com\/index.php\/wp-json\/wp\/v2\/media?parent=142529"}],"wp:term":[{"taxonomy":"category","embeddable":true,"href":"https:\/\/mersingazetesi.com\/index.php\/wp-json\/wp\/v2\/categories?post=142529"},{"taxonomy":"post_tag","embeddable":true,"href":"https:\/\/mersingazetesi.com\/index.php\/wp-json\/wp\/v2\/tags?post=142529"}],"curies":[{"name":"wp","href":"https:\/\/api.w.org\/{rel}","templated":true}]}}