{"id":142522,"date":"2026-09-02T15:38:35","date_gmt":"2026-09-02T12:38:35","guid":{"rendered":"https:\/\/mersingazetesi.com\/?p=142522"},"modified":"2026-09-02T15:42:12","modified_gmt":"2026-09-02T12:42:12","slug":"fiba-kadinlar-super-kupa-maci-mersinde","status":"publish","type":"post","link":"https:\/\/mersingazetesi.com\/index.php\/2026\/09\/02\/fiba-kadinlar-super-kupa-maci-mersinde\/","title":{"rendered":"FIBA Kad\u0131nlar S\u00fcper Kupa ma\u00e7\u0131 Mersin&#8217;de"},"content":{"rendered":"<p>Kad\u0131n basketbolunda sezonun ilk kupas\u0131 FIBA S\u00fcper Kupa i\u00e7in iki T\u00fcrk ekibi kozlar\u0131n\u0131 payla\u015facak. FIBA\u2019dan yap\u0131lan a\u00e7\u0131klamaya g\u00f6re, ge\u00e7en sezon EuroLeague Women \u015fampiyonu Fenerbah\u00e7e Tarfin ile EuroCup Women \u015fampiyonu \u00c7\u0130MSA \u00c7BK Mersin, FIBA S\u00fcper Kupa finalinde kar\u015f\u0131 kar\u015f\u0131ya gelecek. Servet Tazeg\u00fcl Spor Salonu\u2019nda oynanacak dev m\u00fccadele bug\u00fcn saat 19.30\u2019da ba\u015flayacak.<\/p>\n<p>FENERBAH\u00c7E 4 SEZONDA 3. KUPA PE\u015e\u0130NDE<\/p>\n<p>Sar\u0131-lacivertliler, 2023 ve 2024 y\u0131llar\u0131n\u0131n ard\u0131ndan bir kez daha Avrupa Ligi \u015fampiyonlu\u011funa ula\u015fm\u0131\u015ft\u0131. Fenerbah\u00e7e Tarfin, S\u00fcper Kupa\u2019y\u0131 da kazanmas\u0131 halinde son 4 sezonda 3. kez Avrupa\u2019n\u0131n en b\u00fcy\u00fck kupas\u0131n\u0131 m\u00fczesine g\u00f6t\u00fcrm\u00fc\u015f olacak.<\/p>\n<p>MERS\u0130N \u0130LK KEZ KUPA F\u0130NAL\u0130NDE<\/p>\n<p>Ev sahibi \u00c7\u0130MSA \u00c7BK Mersin ise tarihinde ilk kez S\u00fcper Kupa finalinde m\u00fccadele edecek. Avrupa Kupas\u0131 \u015fampiyonu unvan\u0131yla finale y\u00fckselen Mersin ekibi, taraftar\u0131 \u00f6n\u00fcnde kupa kazanarak b\u00fcy\u00fck bir ba\u015far\u0131ya imza atmak istiyor.\u0130ki T\u00fcrk tak\u0131m\u0131n\u0131 kar\u015f\u0131ya getirecek ma\u00e7\u0131n sonunda 2026 FIBA S\u00fcper Kupa\u2019n\u0131n sahibi de belli olacak ve kupa T\u00fcrkiye\u2019de kalacak.<\/p>\n","protected":false},"excerpt":{"rendered":"<p>Kad\u0131n basketbolunda sezonun ilk kupas\u0131 FIBA S\u00fcper Kupa i\u00e7in iki T\u00fcrk ekibi kozlar\u0131n\u0131 payla\u015facak. FIBA\u2019dan yap\u0131lan a\u00e7\u0131klamaya g\u00f6re, ge\u00e7en sezon EuroLeague Women \u015fampiyonu Fenerbah\u00e7e Tarfin ile EuroCup Women \u015fampiyonu \u00c7\u0130MSA \u00c7BK Mersin, FIBA S\u00fcper Kupa finalinde kar\u015f\u0131 kar\u015f\u0131ya gelecek. Servet Tazeg\u00fcl Spor Salonu\u2019nda oynanacak dev m\u00fccadele bug\u00fcn saat 19.30\u2019da ba\u015flayacak. FENERBAH\u00c7E 4 SEZONDA 3. KUPA [&hellip;]<\/p>\n","protected":false},"author":2,"featured_media":142523,"comment_status":"open","ping_status":"open","sticky":false,"template":"","format":"standard","meta":{"footnotes":""},"categories":[6],"tags":[],"class_list":["post-142522","post","type-post","status-publish","format-standard","has-post-thumbnail","hentry","category-spor"],"views":159,"_links":{"self":[{"href":"https:\/\/mersingazetesi.com\/index.php\/wp-json\/wp\/v2\/posts\/142522","targetHints":{"allow":["GET"]}}],"collection":[{"href":"https:\/\/mersingazetesi.com\/index.php\/wp-json\/wp\/v2\/posts"}],"about":[{"href":"https:\/\/mersingazetesi.com\/index.php\/wp-json\/wp\/v2\/types\/post"}],"author":[{"embeddable":true,"href":"https:\/\/mersingazetesi.com\/index.php\/wp-json\/wp\/v2\/users\/2"}],"replies":[{"embeddable":true,"href":"https:\/\/mersingazetesi.com\/index.php\/wp-json\/wp\/v2\/comments?post=142522"}],"version-history":[{"count":2,"href":"https:\/\/mersingazetesi.com\/index.php\/wp-json\/wp\/v2\/posts\/142522\/revisions"}],"predecessor-version":[{"id":142525,"href":"https:\/\/mersingazetesi.com\/index.php\/wp-json\/wp\/v2\/posts\/142522\/revisions\/142525"}],"wp:featuredmedia":[{"embeddable":true,"href":"https:\/\/mersingazetesi.com\/index.php\/wp-json\/wp\/v2\/media\/142523"}],"wp:attachment":[{"href":"https:\/\/mersingazetesi.com\/index.php\/wp-json\/wp\/v2\/media?parent=142522"}],"wp:term":[{"taxonomy":"category","embeddable":true,"href":"https:\/\/mersingazetesi.com\/index.php\/wp-json\/wp\/v2\/categories?post=142522"},{"taxonomy":"post_tag","embeddable":true,"href":"https:\/\/mersingazetesi.com\/index.php\/wp-json\/wp\/v2\/tags?post=142522"}],"curies":[{"name":"wp","href":"https:\/\/api.w.org\/{rel}","templated":true}]}}