{"id":142516,"date":"2026-09-02T15:35:28","date_gmt":"2026-09-02T12:35:28","guid":{"rendered":"https:\/\/mersingazetesi.com\/?p=142516"},"modified":"2026-09-02T15:36:16","modified_gmt":"2026-09-02T12:36:16","slug":"emekcinin-sorunlari-bitmiyor","status":"publish","type":"post","link":"https:\/\/mersingazetesi.com\/index.php\/2026\/09\/02\/emekcinin-sorunlari-bitmiyor\/","title":{"rendered":"\u201cEmek\u00e7inin Sorunlar\u0131 Bitmiyor\u201d"},"content":{"rendered":"<p>B\u00fcro Emek\u00e7ileri Sendikas\u0131 (BES) Mersin \u015eubesi, yeni adli y\u0131l\u0131n ba\u015flamas\u0131 nedeniyle Mersin Adliyesi \u00f6n\u00fcnde bas\u0131n a\u00e7\u0131klamas\u0131 yapt\u0131. Sendika, \u201cSorunlu bir yarg\u0131 y\u0131l\u0131n\u0131 geride b\u0131rakan yarg\u0131 kurumu, yeni sorunlarla a\u00e7\u0131l\u0131yor\u201d diyerek hem yarg\u0131 ba\u011f\u0131ms\u0131zl\u0131\u011f\u0131 hem de yarg\u0131 emek\u00e7ilerinin \u00e7al\u0131\u015fma ko\u015fullar\u0131ndaki sorunlara dikkat \u00e7ekti.<\/p>\n<p>BES Mersin \u015eube Ba\u015fkan\u0131 Do\u011fan Yarl\u0131ga\u015f ad\u0131na yap\u0131lan a\u00e7\u0131klamada, adli y\u0131l a\u00e7\u0131l\u0131\u015flar\u0131n\u0131n yarg\u0131 mensuplar\u0131n\u0131n temsil edildi\u011fi salonlar yerine y\u00fcr\u00fctmenin belirledi\u011fi salonlarda yap\u0131lmas\u0131n\u0131n \u201cyarg\u0131 ba\u011f\u0131ms\u0131zl\u0131\u011f\u0131n\u0131n olmad\u0131\u011f\u0131n\u0131n a\u00e7\u0131k ilan\u0131\u201d oldu\u011fu belirtildi.\u00a0Yarl\u0131ga\u015f, toplumda artan \u015fiddet ve haks\u0131zl\u0131k duygusunun birlikte ya\u015fama k\u00fclt\u00fcr\u00fcn\u00fc zedeledi\u011fini, bunun da yarg\u0131ya olan g\u00fcveni sarst\u0131\u011f\u0131n\u0131 s\u00f6yledi.<br \/>\n\u201cGeli\u015fmi\u015f demokrasilerde kazan\u0131lm\u0131\u015f haklar\u0131n g\u00fcvencesi olan yarg\u0131n\u0131n bu kadar \u015fiddetli tart\u0131\u015f\u0131lmas\u0131, toplumdaki \u015fiddet sarmal\u0131n\u0131n temel sebebi haline gelmi\u015ftir. Yarg\u0131, iktidar\u0131n tasarrufu do\u011frultusunda karar verirse bu s\u00fcre\u00e7 ne toplumun ne de demokrasinin hayr\u0131nad\u0131r. Yarg\u0131n\u0131n evrensel hukuk \u00e7er\u00e7evesinde davranmas\u0131 ve demokrasiyi korumas\u0131 gerekiyor\u201d dedi<\/p>\n<p>.\u201cYARGI YILI A\u00c7ILIYOR, SORUNLAR DEVAM ED\u0130YOR\u201d<\/p>\n<p>A\u00e7\u0131klamada ekonomik krizin en \u00e7ok yarg\u0131 emek\u00e7ilerini vurdu\u011fu vurguland\u0131. Artan yoksulluk ve toplumsal \u015fiddetin, yarg\u0131 emek\u00e7ileri i\u00e7in daha fazla dava dosyas\u0131, daha fazla duru\u015fma ve mobbing boyutuna ula\u015fan i\u015f y\u00fck\u00fc anlam\u0131na geldi\u011fi ifade edildi.Yarl\u0131ga\u015f, \u201c\u0130ktidar\u0131n 6 ayda bir \u00e7\u0131kard\u0131\u011f\u0131 yarg\u0131 reformu paketlerinde yarg\u0131 emek\u00e7ilerinin kangren olmu\u015f sorunlar\u0131 g\u00f6rmezden geliniyor. Dava say\u0131s\u0131ndaki art\u0131\u015f ve y\u0131llarca s\u00fcren s\u00fcre\u00e7ler \u00e7al\u0131\u015fma hayat\u0131n\u0131 kabusa \u00e7eviriyor. Emek\u00e7iler bir yandan keyfi davalarla u\u011fra\u015f\u0131rken, di\u011fer yandan i\u015f y\u00fck\u00fcn\u00fc yeti\u015ftiremedi\u011fi i\u00e7in soru\u015fturmalarla ma\u011fdur ediliyor\u201d diye konu\u015ftu.<\/p>\n<p>BES\u2019\u0130N TALEPLER\u0130<\/p>\n<p>BES, yarg\u0131 emek\u00e7ilerinin sorunlar\u0131n\u0131n \u00e7\u00f6z\u00fcm\u00fc i\u00e7in \u015fu talepleri s\u0131ralad\u0131:<\/p>\n<p>Ekonomik haklar: 2009\u2019dan bu yana kaybolan havuz paralar\u0131n\u0131n t\u00fcm yarg\u0131 emek\u00e7ilerine adil \u015fekilde \u00f6denmesi i\u00e7in yasal d\u00fczenleme yap\u0131lmas\u0131<\/p>\n<p>Atama ve liyakat: G\u00f6revde y\u00fckselme ve unvan de\u011fi\u015fikli\u011fi s\u0131navlar\u0131nda kurum i\u00e7inden atama, m\u00fclakat\u0131n kald\u0131r\u0131lmas\u0131 ve yaz\u0131l\u0131 s\u0131nav esasl\u0131 liyakatli atama<\/p>\n<p>Sosyal haklar: Yarg\u0131 emek\u00e7ilerinin \u00fccretsiz faydalanaca\u011f\u0131 kre\u015f ve bebek bak\u0131m odalar\u0131n\u0131n a\u00e7\u0131lmas\u0131, t\u00fcm emek\u00e7ilere ula\u015f\u0131m \u00fccreti verilmesiPersonel: Artan i\u015f y\u00fck\u00fcn\u00fcn azalt\u0131lmas\u0131 i\u00e7in acil personel al\u0131m\u0131<\/p>\n<p>Mobbing: Mobbingi de\u011ferlendirecek kurul olu\u015fturulmas\u0131 ve mobbing uygulayan amirlere yapt\u0131r\u0131m getirilmesi<\/p>\n<p>Yap\u0131sal d\u00fczenleme: Yarg\u0131 hizmetleri s\u0131n\u0131f\u0131n\u0131n olu\u015fturulmas\u0131, kadro ve unvanlar\u0131n yeniden tan\u0131mlanmas\u0131\u201c<\/p>\n<p>Yarg\u0131 emek\u00e7ileri 2009\u2019da 6009 Say\u0131l\u0131 Yasa ile havuz paras\u0131n\u0131 kaybetti. O g\u00fcnden bu yana \u00fccretler a\u00e7l\u0131k ve yoksulluk s\u0131n\u0131r\u0131 aras\u0131nda kald\u0131. Art\u0131k yeter! Sorunlar\u0131m\u0131za \u00e7\u00f6z\u00fcm istiyoruz\u201d diyen Yarl\u0131ga\u015f, sendika olarak ba\u011f\u0131ms\u0131z bir yarg\u0131 sistemi ve emek\u00e7ilerin haklar\u0131 i\u00e7in m\u00fccadele etmeye devam edeceklerini s\u00f6yledi.<\/p>\n","protected":false},"excerpt":{"rendered":"<p>B\u00fcro Emek\u00e7ileri Sendikas\u0131 (BES) Mersin \u015eubesi, yeni adli y\u0131l\u0131n ba\u015flamas\u0131 nedeniyle Mersin Adliyesi \u00f6n\u00fcnde bas\u0131n a\u00e7\u0131klamas\u0131 yapt\u0131. Sendika, \u201cSorunlu bir yarg\u0131 y\u0131l\u0131n\u0131 geride b\u0131rakan yarg\u0131 kurumu, yeni sorunlarla a\u00e7\u0131l\u0131yor\u201d diyerek hem yarg\u0131 ba\u011f\u0131ms\u0131zl\u0131\u011f\u0131 hem de yarg\u0131 emek\u00e7ilerinin \u00e7al\u0131\u015fma ko\u015fullar\u0131ndaki sorunlara dikkat \u00e7ekti. BES Mersin \u015eube Ba\u015fkan\u0131 Do\u011fan Yarl\u0131ga\u015f ad\u0131na yap\u0131lan a\u00e7\u0131klamada, adli y\u0131l a\u00e7\u0131l\u0131\u015flar\u0131n\u0131n yarg\u0131 [&hellip;]<\/p>\n","protected":false},"author":2,"featured_media":142521,"comment_status":"open","ping_status":"open","sticky":false,"template":"","format":"standard","meta":{"footnotes":""},"categories":[1],"tags":[],"class_list":["post-142516","post","type-post","status-publish","format-standard","has-post-thumbnail","hentry","category-gundem"],"views":144,"_links":{"self":[{"href":"https:\/\/mersingazetesi.com\/index.php\/wp-json\/wp\/v2\/posts\/142516","targetHints":{"allow":["GET"]}}],"collection":[{"href":"https:\/\/mersingazetesi.com\/index.php\/wp-json\/wp\/v2\/posts"}],"about":[{"href":"https:\/\/mersingazetesi.com\/index.php\/wp-json\/wp\/v2\/types\/post"}],"author":[{"embeddable":true,"href":"https:\/\/mersingazetesi.com\/index.php\/wp-json\/wp\/v2\/users\/2"}],"replies":[{"embeddable":true,"href":"https:\/\/mersingazetesi.com\/index.php\/wp-json\/wp\/v2\/comments?post=142516"}],"version-history":[{"count":1,"href":"https:\/\/mersingazetesi.com\/index.php\/wp-json\/wp\/v2\/posts\/142516\/revisions"}],"predecessor-version":[{"id":142519,"href":"https:\/\/mersingazetesi.com\/index.php\/wp-json\/wp\/v2\/posts\/142516\/revisions\/142519"}],"wp:featuredmedia":[{"embeddable":true,"href":"https:\/\/mersingazetesi.com\/index.php\/wp-json\/wp\/v2\/media\/142521"}],"wp:attachment":[{"href":"https:\/\/mersingazetesi.com\/index.php\/wp-json\/wp\/v2\/media?parent=142516"}],"wp:term":[{"taxonomy":"category","embeddable":true,"href":"https:\/\/mersingazetesi.com\/index.php\/wp-json\/wp\/v2\/categories?post=142516"},{"taxonomy":"post_tag","embeddable":true,"href":"https:\/\/mersingazetesi.com\/index.php\/wp-json\/wp\/v2\/tags?post=142516"}],"curies":[{"name":"wp","href":"https:\/\/api.w.org\/{rel}","templated":true}]}}