{"id":142508,"date":"2026-09-02T12:41:29","date_gmt":"2026-09-02T09:41:29","guid":{"rendered":"https:\/\/mersingazetesi.com\/?p=142508"},"modified":"2026-09-02T12:41:29","modified_gmt":"2026-09-02T09:41:29","slug":"gulnarda-kus-uzumu-hasadi-basladi-2","status":"publish","type":"post","link":"https:\/\/mersingazetesi.com\/index.php\/2026\/09\/02\/gulnarda-kus-uzumu-hasadi-basladi-2\/","title":{"rendered":"G\u00dcLNAR\u2019DA KU\u015e \u00dcZ\u00dcM\u00dc HASADI BA\u015eLADI"},"content":{"rendered":"<p class=\"isSelectedEnd\"><strong>Ta\u015feli\u2019nin \u00f6nemli gelir kaynaklar\u0131ndan ku\u015f \u00fcz\u00fcm\u00fcnde bu y\u0131l yakla\u015f\u0131k 5 bin ton rekolte bekleniyor.<\/strong><\/p>\n<p class=\"isSelectedEnd\">Mersin\u2019in G\u00fclnar il\u00e7esinde ku\u015f \u00fcz\u00fcm\u00fc hasad\u0131 ba\u015flad\u0131. Y\u00f6rede <strong>\u201cki\u015fni\u015f\u201d<\/strong> ad\u0131yla da bilinen ku\u015f \u00fcz\u00fcm\u00fc, Ta\u015feli b\u00f6lgesinin \u00f6nemli tar\u0131msal gelir kaynaklar\u0131 aras\u0131nda yer al\u0131yor.<\/p>\n<p class=\"isSelectedEnd\">Ba\u011f tar\u0131m\u0131n\u0131n yayg\u0131n oldu\u011fu G\u00fclnar\u2019da, mevsimsel iklim ko\u015fullar\u0131na ba\u011fl\u0131 olarak y\u0131llara g\u00f6re de\u011fi\u015fmekle birlikte <strong>y\u0131lda yakla\u015f\u0131k 5 bin ton ku\u015f \u00fcz\u00fcm\u00fc \u00fcretimi<\/strong> ger\u00e7ekle\u015ftiriliyor.<\/p>\n<p class=\"isSelectedEnd\">Bu y\u0131l da \u00fcretimin yakla\u015f\u0131k 5 bin ton seviyesinde ger\u00e7ekle\u015fmesi bekleniyor. Hasad\u0131n ba\u015flamas\u0131yla birlikte \u00fcreticiler ba\u011flardaki \u00fcr\u00fcnlerini toplamaya ba\u015flad\u0131.<\/p>\n<p class=\"isSelectedEnd\">Ku\u015f \u00fcz\u00fcm\u00fc, geleneksel kullan\u0131m\u0131n\u0131n yan\u0131 s\u0131ra <strong>modern T\u00fcrk mutfa\u011f\u0131nda ve \u00e7e\u015fitli g\u0131da \u00fcr\u00fcnlerinde \u00f6nemli bir hammadde<\/strong> olarak de\u011ferlendiriliyor. \u00dcr\u00fcn\u00fcn ekonomik de\u011ferinin yan\u0131 s\u0131ra y\u00f6rede ba\u011fc\u0131l\u0131\u011f\u0131n ve tar\u0131msal \u00fcretimin s\u00fcrd\u00fcr\u00fclebilirli\u011fi a\u00e7\u0131s\u0131ndan da \u00f6nemli bir yere sahip oldu\u011fu belirtiliyor.<\/p>\n<p>G\u00fclnar\u2019da ku\u015f \u00fcz\u00fcm\u00fc hasad\u0131n\u0131n \u00f6n\u00fcm\u00fczdeki g\u00fcnlerde yo\u011funla\u015fmas\u0131 bekleniyor.<\/p>\n","protected":false},"excerpt":{"rendered":"<p>Ta\u015feli\u2019nin \u00f6nemli gelir kaynaklar\u0131ndan ku\u015f \u00fcz\u00fcm\u00fcnde bu y\u0131l yakla\u015f\u0131k 5 bin ton rekolte bekleniyor. Mersin\u2019in G\u00fclnar il\u00e7esinde ku\u015f \u00fcz\u00fcm\u00fc hasad\u0131 ba\u015flad\u0131. Y\u00f6rede \u201cki\u015fni\u015f\u201d ad\u0131yla da bilinen ku\u015f \u00fcz\u00fcm\u00fc, Ta\u015feli b\u00f6lgesinin \u00f6nemli tar\u0131msal gelir kaynaklar\u0131 aras\u0131nda yer al\u0131yor. Ba\u011f tar\u0131m\u0131n\u0131n yayg\u0131n oldu\u011fu G\u00fclnar\u2019da, mevsimsel iklim ko\u015fullar\u0131na ba\u011fl\u0131 olarak y\u0131llara g\u00f6re de\u011fi\u015fmekle birlikte y\u0131lda yakla\u015f\u0131k 5 bin [&hellip;]<\/p>\n","protected":false},"author":2,"featured_media":142509,"comment_status":"open","ping_status":"open","sticky":false,"template":"","format":"standard","meta":{"footnotes":""},"categories":[1],"tags":[],"class_list":["post-142508","post","type-post","status-publish","format-standard","has-post-thumbnail","hentry","category-gundem"],"views":361,"_links":{"self":[{"href":"https:\/\/mersingazetesi.com\/index.php\/wp-json\/wp\/v2\/posts\/142508","targetHints":{"allow":["GET"]}}],"collection":[{"href":"https:\/\/mersingazetesi.com\/index.php\/wp-json\/wp\/v2\/posts"}],"about":[{"href":"https:\/\/mersingazetesi.com\/index.php\/wp-json\/wp\/v2\/types\/post"}],"author":[{"embeddable":true,"href":"https:\/\/mersingazetesi.com\/index.php\/wp-json\/wp\/v2\/users\/2"}],"replies":[{"embeddable":true,"href":"https:\/\/mersingazetesi.com\/index.php\/wp-json\/wp\/v2\/comments?post=142508"}],"version-history":[{"count":1,"href":"https:\/\/mersingazetesi.com\/index.php\/wp-json\/wp\/v2\/posts\/142508\/revisions"}],"predecessor-version":[{"id":142510,"href":"https:\/\/mersingazetesi.com\/index.php\/wp-json\/wp\/v2\/posts\/142508\/revisions\/142510"}],"wp:featuredmedia":[{"embeddable":true,"href":"https:\/\/mersingazetesi.com\/index.php\/wp-json\/wp\/v2\/media\/142509"}],"wp:attachment":[{"href":"https:\/\/mersingazetesi.com\/index.php\/wp-json\/wp\/v2\/media?parent=142508"}],"wp:term":[{"taxonomy":"category","embeddable":true,"href":"https:\/\/mersingazetesi.com\/index.php\/wp-json\/wp\/v2\/categories?post=142508"},{"taxonomy":"post_tag","embeddable":true,"href":"https:\/\/mersingazetesi.com\/index.php\/wp-json\/wp\/v2\/tags?post=142508"}],"curies":[{"name":"wp","href":"https:\/\/api.w.org\/{rel}","templated":true}]}}