{"id":142501,"date":"2026-09-02T12:20:12","date_gmt":"2026-09-02T09:20:12","guid":{"rendered":"https:\/\/mersingazetesi.com\/?p=142501"},"modified":"2026-09-02T12:20:12","modified_gmt":"2026-09-02T09:20:12","slug":"gurelin-mesai-arkadasi-konustu-bir-tane-yelek-vermisler-onu-da-kizina-vermis","status":"publish","type":"post","link":"https:\/\/mersingazetesi.com\/index.php\/2026\/09\/02\/gurelin-mesai-arkadasi-konustu-bir-tane-yelek-vermisler-onu-da-kizina-vermis\/","title":{"rendered":"G\u00fcrel&#8217;in mesai arkada\u015f\u0131 konu\u015ftu: &#8220;Bir tane yelek vermi\u015fler, onu da k\u0131z\u0131na vermi\u015f&#8221;"},"content":{"rendered":"<p>Kuzey K\u0131br\u0131s T\u00fcrk Cumhuriyeti&#8217;nin (KKTC) Girne kenti a\u00e7\u0131klar\u0131nda meydana gelen feribot facias\u0131nda hayat\u0131n\u0131 kaybeden G\u00fclcan G\u00fcrel&#8217;in mesai arkada\u015f\u0131 Leyla \u00d6zta\u015f, ya\u015fananlar\u0131 ve G\u00fcrel&#8217;i anlatt\u0131. G\u00fcrel&#8217;in k\u0131z\u0131n\u0131 kurtarmak i\u00e7in kendisine verilen can yele\u011fini evlad\u0131na verdi\u011fini belirten \u00d6zta\u015f, &#8220;Bir tane yelek verilmi\u015f sadece diye \u00f6\u011frendim ben. Onu da k\u0131z\u0131na vermi\u015f, k\u0131z\u0131n\u0131 kurtarma ama\u00e7l\u0131&#8221; dedi.<br \/>\nKKTC&#8217;den Mersin&#8217;e d\u00f6n\u00fc\u015f yolunda meydana gelen feribot facias\u0131nda hayat\u0131n\u0131 kaybeden \u015eehir Hastanesi ta\u015feron firma \u00e7al\u0131\u015fan\u0131 G\u00fclcan G\u00fcrel, Mersin&#8217;de son yolculu\u011funa u\u011furland\u0131. G\u00fcrel&#8217;in cenaze t\u00f6renine kat\u0131lan mesai arkada\u015f\u0131 Leyla \u00d6zta\u015f, birlikte \u00e7al\u0131\u015ft\u0131\u011f\u0131 arkada\u015f\u0131n\u0131 g\u00f6zya\u015flar\u0131 i\u00e7erisinde anlatt\u0131.<\/p>\n<p>&#8220;Y\u0131ll\u0131k izne gitmi\u015fti&#8221;<br \/>\nG\u00fclcan G\u00fcrel ile ayn\u0131 i\u015f yerinde \u00e7al\u0131\u015ft\u0131klar\u0131n\u0131 ifade eden \u00d6zta\u015f, G\u00fcrel&#8217;in y\u0131ll\u0131k iznini ge\u00e7irmek ve asker olan karde\u015fini ziyaret etmek amac\u0131yla KKTC&#8217;ye gitti\u011fini s\u00f6yledi. \u00d6zta\u015f, &#8220;Ben \u00e7al\u0131\u015fma arkada\u015f\u0131yd\u0131m, birlikte ayn\u0131 yerde \u00e7al\u0131\u015f\u0131yorduk kendisiyle. Y\u0131ll\u0131k izne gitmi\u015fti. K\u0131br\u0131s&#8217;a gitti, karde\u015fi askerdi. Hem tatil ama\u00e7l\u0131 hem karde\u015fini g\u00f6rme ama\u00e7l\u0131yd\u0131&#8221; diye konu\u015ftu.<br \/>\n&#8220;Bir tane yelek vermi\u015fler, onu da k\u0131z\u0131na vermi\u015f&#8221;<br \/>\nFaciada ihmal olup olmad\u0131\u011f\u0131 konusunda soru i\u015faretleri bulundu\u011funu dile getiren \u00d6zta\u015f, G\u00fcrel&#8217;in kendisine verilen can yele\u011fini k\u0131z\u0131 Tusem&#8217;e verdi\u011fini belirterek, &#8220;O esnada bir ihmal var ama nedir bilemiyoruz. Bir tane yelek verilmi\u015f sadece diye \u00f6\u011frendim ben. Onu da k\u0131z\u0131na vermi\u015f, k\u0131z\u0131n\u0131 kurtarma ama\u00e7l\u0131&#8221; ifadelerini kulland\u0131.<br \/>\n&#8220;\u00c7ok iyi bir insand\u0131&#8221;<br \/>\nMesai arkada\u015f\u0131n\u0131n ki\u015fili\u011fine ili\u015fkin de konu\u015fan \u00d6zta\u015f, G\u00fclcan G\u00fcrel&#8217;in \u00e7evresinde sevilen ve kimseyle sorun ya\u015famayan biri oldu\u011funu ifade ederek, &#8220;\u00c7ok iyi bir insand\u0131, kimseyle k\u00f6t\u00fcl\u00fck yapmazd\u0131, kimseyle bir sorunu yoktu. Sadece i\u015fini yapar, \u00e7\u0131kar giderdi&#8221; dedi.<br \/>\nG\u00fcrel&#8217;in babas\u0131 Bayram Payam, k\u0131z karde\u015fi Eda Payam ve k\u0131z\u0131 Tusem ile birlikte, askeri personel olan erkek karde\u015fi Mehmet Payam&#8217;\u0131 ziyaret etmek \u00fczere KKTC&#8217;ye gitti\u011fi, d\u00f6n\u00fc\u015f yolunda ise ailenin feribot facias\u0131na yakaland\u0131\u011f\u0131 \u00f6\u011frenildi.<\/p>\n","protected":false},"excerpt":{"rendered":"<p>Kuzey K\u0131br\u0131s T\u00fcrk Cumhuriyeti&#8217;nin (KKTC) Girne kenti a\u00e7\u0131klar\u0131nda meydana gelen feribot facias\u0131nda hayat\u0131n\u0131 kaybeden G\u00fclcan G\u00fcrel&#8217;in mesai arkada\u015f\u0131 Leyla \u00d6zta\u015f, ya\u015fananlar\u0131 ve G\u00fcrel&#8217;i anlatt\u0131. G\u00fcrel&#8217;in k\u0131z\u0131n\u0131 kurtarmak i\u00e7in kendisine verilen can yele\u011fini evlad\u0131na verdi\u011fini belirten \u00d6zta\u015f, &#8220;Bir tane yelek verilmi\u015f sadece diye \u00f6\u011frendim ben. Onu da k\u0131z\u0131na vermi\u015f, k\u0131z\u0131n\u0131 kurtarma ama\u00e7l\u0131&#8221; dedi. KKTC&#8217;den Mersin&#8217;e d\u00f6n\u00fc\u015f [&hellip;]<\/p>\n","protected":false},"author":2,"featured_media":142502,"comment_status":"open","ping_status":"open","sticky":false,"template":"","format":"standard","meta":{"footnotes":""},"categories":[1],"tags":[],"class_list":["post-142501","post","type-post","status-publish","format-standard","has-post-thumbnail","hentry","category-gundem"],"views":173,"_links":{"self":[{"href":"https:\/\/mersingazetesi.com\/index.php\/wp-json\/wp\/v2\/posts\/142501","targetHints":{"allow":["GET"]}}],"collection":[{"href":"https:\/\/mersingazetesi.com\/index.php\/wp-json\/wp\/v2\/posts"}],"about":[{"href":"https:\/\/mersingazetesi.com\/index.php\/wp-json\/wp\/v2\/types\/post"}],"author":[{"embeddable":true,"href":"https:\/\/mersingazetesi.com\/index.php\/wp-json\/wp\/v2\/users\/2"}],"replies":[{"embeddable":true,"href":"https:\/\/mersingazetesi.com\/index.php\/wp-json\/wp\/v2\/comments?post=142501"}],"version-history":[{"count":1,"href":"https:\/\/mersingazetesi.com\/index.php\/wp-json\/wp\/v2\/posts\/142501\/revisions"}],"predecessor-version":[{"id":142503,"href":"https:\/\/mersingazetesi.com\/index.php\/wp-json\/wp\/v2\/posts\/142501\/revisions\/142503"}],"wp:featuredmedia":[{"embeddable":true,"href":"https:\/\/mersingazetesi.com\/index.php\/wp-json\/wp\/v2\/media\/142502"}],"wp:attachment":[{"href":"https:\/\/mersingazetesi.com\/index.php\/wp-json\/wp\/v2\/media?parent=142501"}],"wp:term":[{"taxonomy":"category","embeddable":true,"href":"https:\/\/mersingazetesi.com\/index.php\/wp-json\/wp\/v2\/categories?post=142501"},{"taxonomy":"post_tag","embeddable":true,"href":"https:\/\/mersingazetesi.com\/index.php\/wp-json\/wp\/v2\/tags?post=142501"}],"curies":[{"name":"wp","href":"https:\/\/api.w.org\/{rel}","templated":true}]}}