{"id":142492,"date":"2026-09-02T12:11:47","date_gmt":"2026-09-02T09:11:47","guid":{"rendered":"https:\/\/mersingazetesi.com\/?p=142492"},"modified":"2026-09-02T12:11:47","modified_gmt":"2026-09-02T09:11:47","slug":"dogru-yol-partili-baskan-nesrin-vural-narenciye-dalinda-degil-ureticinin-yuzunde-gulsun","status":"publish","type":"post","link":"https:\/\/mersingazetesi.com\/index.php\/2026\/09\/02\/dogru-yol-partili-baskan-nesrin-vural-narenciye-dalinda-degil-ureticinin-yuzunde-gulsun\/","title":{"rendered":"Do\u011fru Yol Partili Ba\u015fkan Nesrin Vural: Narenciye Dal\u0131nda De\u011fil, \u00dcreticinin Y\u00fcz\u00fcnde G\u00fcls\u00fcn"},"content":{"rendered":"<div id=\"message-htmlpart1\" class=\"message-htmlpart\">\n<div id=\"message-htmlpart1\" class=\"rcmBody\">\n<div dir=\"ltr\">Do\u011fru Yol Partisi (DYP) Mersin \u0130l Ba\u015fkan\u0131 Nesrin Vural, Mersin&#8217;de yeni narenciye sezonuna ili\u015fkin de\u011ferlendirmelerde bulunarak limon, mandalina, portakal ve greyfurt \u00fcreticisinin artan \u00fcretim maliyetleri kar\u015f\u0131s\u0131nda eme\u011finin kar\u015f\u0131l\u0131\u011f\u0131n\u0131 alabilmesi i\u00e7in \u015fimdiden gerekli tedbirlerin al\u0131nmas\u0131 \u00e7a\u011fr\u0131s\u0131nda bulundu. Mersin&#8217;in T\u00fcrkiye&#8217;nin en \u00f6nemli narenciye \u00fcretim merkezlerinden biri oldu\u011funu vurgulayan Vural, &#8220;\u00dcreticimiz aylarca bah\u00e7esine emek veriyor. Sezon geldi\u011finde tek kayg\u0131s\u0131 &#8216;\u00dcr\u00fcn\u00fcm\u00fc ka\u00e7a sataca\u011f\u0131m, al\u0131c\u0131 bulabilecek miyim?&#8217; olmamal\u0131d\u0131r. Narenciye dal\u0131nda de\u011fil, \u00fcreticinin y\u00fcz\u00fcnde g\u00fcls\u00fcn&#8221; dedi.<\/p>\n<p>&#8220;\u00dcRET\u0130C\u0130 HASAT BA\u015eLADI\u011eINDA DE\u011e\u0130L, BUG\u00dcNDEN KORUNMALI&#8221;<\/p>\n<p>Narenciye \u00fcreticisinin g\u00fcbre, ila\u00e7, sulama, enerji, i\u015f\u00e7ilik, hasat, ambalaj ve nakliye giderleriyle kar\u015f\u0131 kar\u015f\u0131ya oldu\u011funu belirten Vural, \u00fcreticinin sezon sonunda zarar etmesinin yaln\u0131zca \u00e7ift\u00e7inin de\u011fil Mersin ekonomisinin sorunu oldu\u011funu ifade etti.<br \/>\nVural \u015funlar\u0131 s\u00f6yledi:<br \/>\n&#8220;\u00dcreticimiz bir y\u0131l boyunca bah\u00e7esine bak\u0131yor, \u00fcr\u00fcn\u00fcn\u00fc hastal\u0131ktan, s\u0131caktan, so\u011fuktan korumaya \u00e7al\u0131\u015f\u0131yor ve ciddi bir maliyetin alt\u0131na giriyor. Hasat zaman\u0131 geldi\u011finde ise fiyat\u0131n ne olaca\u011f\u0131n\u0131, t\u00fcccar\u0131n gelip gelmeyece\u011fini, ihracat\u0131n nas\u0131l seyredece\u011fini d\u00fc\u015f\u00fcnmeye ba\u015fl\u0131yor. Tar\u0131m b\u00f6yle bir belirsizlik i\u00e7erisinde s\u00fcrd\u00fcr\u00fclemez. \u00c7ift\u00e7i \u00f6n\u00fcn\u00fc g\u00f6rebilmeli ve \u00fcretti\u011fi \u00fcr\u00fcn\u00fcn kendisine zarar de\u011fil gelir getirece\u011fini bilmelidir.&#8221;<\/p>\n<p>&#8220;MERS\u0130N \u00dcRET\u0130YORSA PAZARINI DA B\u00dcY\u00dcTMEK ZORUNDAYIZ&#8221;<\/p>\n<p>Narenciyede ihracat pazarlar\u0131n\u0131n \u00e7e\u015fitlendirilmesinin \u00f6nemine dikkat \u00e7eken Vural, yaln\u0131zca geleneksel pazarlara ba\u011f\u0131ml\u0131 kal\u0131nmamas\u0131 gerekti\u011fini s\u00f6yledi.<br \/>\n&#8220;Limonumuz, mandalinam\u0131z, portakal\u0131m\u0131z d\u00fcnyan\u0131n farkl\u0131 \u00fclkelerindeki sofralara ula\u015fabilecek kaliteye sahiptir. Mesele yaln\u0131zca \u00fcretmek de\u011fildir; \u00fcretti\u011finiz \u00fcr\u00fcn\u00fc de\u011ferinde satabilece\u011finiz g\u00fc\u00e7l\u00fc ve s\u00fcrd\u00fcr\u00fclebilir pazarlar\u0131 da olu\u015fturman\u0131z gerekir. Yeni \u00fclkelerle ihracat ba\u011flant\u0131lar\u0131 g\u00fc\u00e7lendirilmeli, \u00fcreticimiz d\u0131\u015f pazardaki dalgalanmalar\u0131n alt\u0131nda ezilmemelidir. Mersin&#8217;in narenciyedeki g\u00fcc\u00fc uluslararas\u0131 pazarlarda daha etkin kullan\u0131lmal\u0131d\u0131r.&#8221;<\/p>\n<p>&#8220;\u00dcRET\u0130C\u0130 UCUZA SATARKEN T\u00dcKET\u0130C\u0130 PAHALIYA ALMAMALI&#8221;<\/p>\n<p>\u00dcretici ile t\u00fcketici aras\u0131ndaki fiyat makas\u0131n\u0131n da yak\u0131ndan takip edilmesi gerekti\u011fini belirten Vural, \u00e7ift\u00e7inin eme\u011finin kar\u015f\u0131l\u0131\u011f\u0131n\u0131 alamad\u0131\u011f\u0131, vatanda\u015f\u0131n ise \u00fcr\u00fcn\u00fc y\u00fcksek fiyatlarla sat\u0131n ald\u0131\u011f\u0131 bir sistemin s\u00fcrd\u00fcr\u00fclebilir olmad\u0131\u011f\u0131n\u0131 vurgulad\u0131.<br \/>\n&#8220;Biz hem \u00fcreticinin kazanmas\u0131n\u0131 hem de vatanda\u015f\u0131m\u0131z\u0131n narenciyeye makul fiyatlarla ula\u015fmas\u0131n\u0131 istiyoruz. \u00dcreticiden t\u00fcketiciye uzanan zincirin her a\u015famas\u0131 \u015feffaf bi\u00e7imde incelenmelidir. \u00c7ift\u00e7inin bah\u00e7esinde de\u011fersizle\u015fen \u00fcr\u00fcn\u00fcn market raf\u0131nda katlanarak pahalanmas\u0131 kabul edilemez. Kazanan yaln\u0131zca arac\u0131lar de\u011fil; \u00f6nce topra\u011f\u0131 i\u015fleyen, \u00fcreten ve \u00fclkemizin ekonomisine katk\u0131 sa\u011flayan \u00e7ift\u00e7imiz olmal\u0131d\u0131r.&#8221;<\/p>\n<p>&#8220;B\u0130R TEK L\u0130MONUN B\u0130LE DALDA KALMASINA SEY\u0130RC\u0130 KALMAYIN&#8221;<\/p>\n<p>Yeni sezon \u00f6ncesinde ilgili bakanl\u0131klar\u0131, ihracat\u00e7\u0131 birliklerini, yerel y\u00f6netimleri, ziraat odalar\u0131n\u0131 ve sekt\u00f6r temsilcilerini ortak \u00e7al\u0131\u015fma y\u00fcr\u00fctmeye \u00e7a\u011f\u0131ran Vural, narenciye \u00fcreticisinin sorunlar\u0131n\u0131n \u00fcr\u00fcn dalda kald\u0131ktan sonra de\u011fil sezon ba\u015flamadan \u00e7\u00f6z\u00fclmesi gerekti\u011fini belirtti.<br \/>\nVural s\u00f6zlerini \u015f\u00f6yle tamamlad\u0131:<br \/>\n&#8220;Buradan yetkililere \u00e7a\u011fr\u0131da bulunuyorum: \u00dcreticinin feryad\u0131n\u0131 \u00fcr\u00fcn dalda kald\u0131ktan sonra duymay\u0131n. \u015eimdiden tedbir al\u0131n. \u0130hracat pazarlar\u0131n\u0131 geni\u015fletin, \u00fcretim maliyetlerini azaltacak destekleri g\u00fc\u00e7lendirin, depolama ve paketleme altyap\u0131s\u0131n\u0131 geli\u015ftirin, \u00fcreticinin pazara do\u011frudan ula\u015fabilece\u011fi modelleri destekleyin. Mersin&#8217;in limonu, portakal\u0131 ve mandalinas\u0131 yaln\u0131zca bir tar\u0131m \u00fcr\u00fcn\u00fc de\u011fildir; binlerce ailenin ekmek kap\u0131s\u0131d\u0131r. Erdemli&#8217;den Silifke&#8217;ye, Tarsus&#8217;tan Akdeniz&#8217;e kadar topra\u011fa emek veren \u00fcreticimizin al\u0131n terini korumak zorunday\u0131z. \u00c7ift\u00e7i kazanamazsa gelecek y\u0131l \u00fcretmez. \u00dcretim azal\u0131rsa bunun bedelini yaln\u0131zca \u00e7ift\u00e7i de\u011fil, t\u00fcketici ve \u00fclke ekonomisi de \u00f6der. Do\u011fru Yol Partisi olarak \u00fcreticimizin yan\u0131nda olmaya devam edece\u011fiz. Yeni sezonda beklentimiz nettir: \u00dcretici zarar etmesin, \u00fcr\u00fcn dal\u0131nda kalmas\u0131n, ihracat yollar\u0131 a\u00e7\u0131k olsun ve Mersin&#8217;in narenciyesi hak etti\u011fi de\u011feri bulsun.&#8221;<\/p><\/div>\n<\/div>\n<\/div>\n<p class=\"image-attachment\">\n","protected":false},"excerpt":{"rendered":"<p>Do\u011fru Yol Partisi (DYP) Mersin \u0130l Ba\u015fkan\u0131 Nesrin Vural, Mersin&#8217;de yeni narenciye sezonuna ili\u015fkin de\u011ferlendirmelerde bulunarak limon, mandalina, portakal ve greyfurt \u00fcreticisinin artan \u00fcretim maliyetleri kar\u015f\u0131s\u0131nda eme\u011finin kar\u015f\u0131l\u0131\u011f\u0131n\u0131 alabilmesi i\u00e7in \u015fimdiden gerekli tedbirlerin al\u0131nmas\u0131 \u00e7a\u011fr\u0131s\u0131nda bulundu. Mersin&#8217;in T\u00fcrkiye&#8217;nin en \u00f6nemli narenciye \u00fcretim merkezlerinden biri oldu\u011funu vurgulayan Vural, &#8220;\u00dcreticimiz aylarca bah\u00e7esine emek veriyor. Sezon geldi\u011finde tek [&hellip;]<\/p>\n","protected":false},"author":2,"featured_media":142493,"comment_status":"open","ping_status":"open","sticky":false,"template":"","format":"standard","meta":{"footnotes":""},"categories":[1],"tags":[],"class_list":["post-142492","post","type-post","status-publish","format-standard","has-post-thumbnail","hentry","category-gundem"],"views":187,"_links":{"self":[{"href":"https:\/\/mersingazetesi.com\/index.php\/wp-json\/wp\/v2\/posts\/142492","targetHints":{"allow":["GET"]}}],"collection":[{"href":"https:\/\/mersingazetesi.com\/index.php\/wp-json\/wp\/v2\/posts"}],"about":[{"href":"https:\/\/mersingazetesi.com\/index.php\/wp-json\/wp\/v2\/types\/post"}],"author":[{"embeddable":true,"href":"https:\/\/mersingazetesi.com\/index.php\/wp-json\/wp\/v2\/users\/2"}],"replies":[{"embeddable":true,"href":"https:\/\/mersingazetesi.com\/index.php\/wp-json\/wp\/v2\/comments?post=142492"}],"version-history":[{"count":1,"href":"https:\/\/mersingazetesi.com\/index.php\/wp-json\/wp\/v2\/posts\/142492\/revisions"}],"predecessor-version":[{"id":142494,"href":"https:\/\/mersingazetesi.com\/index.php\/wp-json\/wp\/v2\/posts\/142492\/revisions\/142494"}],"wp:featuredmedia":[{"embeddable":true,"href":"https:\/\/mersingazetesi.com\/index.php\/wp-json\/wp\/v2\/media\/142493"}],"wp:attachment":[{"href":"https:\/\/mersingazetesi.com\/index.php\/wp-json\/wp\/v2\/media?parent=142492"}],"wp:term":[{"taxonomy":"category","embeddable":true,"href":"https:\/\/mersingazetesi.com\/index.php\/wp-json\/wp\/v2\/categories?post=142492"},{"taxonomy":"post_tag","embeddable":true,"href":"https:\/\/mersingazetesi.com\/index.php\/wp-json\/wp\/v2\/tags?post=142492"}],"curies":[{"name":"wp","href":"https:\/\/api.w.org\/{rel}","templated":true}]}}