{"id":142489,"date":"2026-09-02T11:32:26","date_gmt":"2026-09-02T08:32:26","guid":{"rendered":"https:\/\/mersingazetesi.com\/?p=142489"},"modified":"2026-09-02T11:32:26","modified_gmt":"2026-09-02T08:32:26","slug":"feribot-faciasinda-hayatini-kaybeden-uzman-cavus-son-yolculuguna-ugurlandi","status":"publish","type":"post","link":"https:\/\/mersingazetesi.com\/index.php\/2026\/09\/02\/feribot-faciasinda-hayatini-kaybeden-uzman-cavus-son-yolculuguna-ugurlandi\/","title":{"rendered":"Feribot facias\u0131nda hayat\u0131n\u0131 kaybeden uzman \u00e7avu\u015f son yolculu\u011funa u\u011furland\u0131"},"content":{"rendered":"<p>Kuzey K\u0131br\u0131s T\u00fcrk Cumhuriyeti&#8217;nin (KKTC) Girne kenti a\u00e7\u0131klar\u0131nda batan yolcu feribotunda hayat\u0131n\u0131 kaybeden 28 ya\u015f\u0131ndaki Uzman \u00c7avu\u015f Fahri Ate\u015f&#8217;in naa\u015f\u0131 memleketi Mersin&#8217;de g\u00f6zya\u015flar\u0131 aras\u0131nda topra\u011fa verildi.<br \/>\nGirne-Ta\u015fucu seferini yapan Filo Jet isimli feribot, 30 A\u011fustos&#8217;ta Girne Liman\u0131&#8217;ndan ayr\u0131ld\u0131ktan k\u0131sa s\u00fcre sonra su alarak alabora oldu. 8 ki\u015finin hayat\u0131n\u0131 kaybetti\u011fi olayda kay\u0131p 20 ki\u015fiyi arama \u00e7al\u0131\u015fmalar\u0131 s\u00fcrerken, gemi facias\u0131nda \u00f6lenlerin naa\u015f\u0131 da memleketlerine g\u00f6nderildi.<br \/>\nMersin&#8217;in Erdemli il\u00e7esi \u00c7er\u00e7ili Mahallesi&#8217;nden olan ve gemide e\u015fi ve \u00e7ocu\u011fu ile bulunan Uzman \u00c7avu\u015f Fahri Ate\u015f&#8217;in naa\u015f\u0131 da d\u00fcn u\u00e7akla \u00c7ukurova Uluslararas\u0131 Havaliman\u0131na, oradan da karayoluyla Erdemli il\u00e7esine getirildi.<br \/>\nErdemli Devlet Hastanesi morgundan al\u0131nan Ate\u015f i\u00e7in bug\u00fcn \u00c7er\u00e7ili Mahallesi&#8217;nde t\u00f6ren d\u00fczenlendi. Baba evinde helallik al\u0131nmas\u0131n\u0131n ard\u0131ndan cenaze, mahalle mezarl\u0131\u011f\u0131nda getirildi. Cenaze arac\u0131ndan askerler taraf\u0131ndan omuzlara al\u0131nan naa\u015f, namaz k\u0131l\u0131nacak alana al\u0131nd\u0131. \u0130l M\u00fcft\u00fcs\u00fc Mustafa Topal taraf\u0131ndan k\u0131ld\u0131r\u0131lan namaz\u0131n ard\u0131ndan cenaze g\u00f6zya\u015flar\u0131 aras\u0131nda defnedildi.<br \/>\nT\u00f6rene Mersin Vali Yard\u0131mc\u0131s\u0131 Mehmet Ali \u00d6zkan, \u0130l Emniyet M\u00fcd\u00fcr\u00fc Fahri Akta\u015f, \u0130l Jandarma Komutan\u0131 Tu\u011fgeneral \u015einasi G\u00fc\u00e7l\u00fc, Erdemli Belediye Ba\u015fkan\u0131 Mustafa Kara, milletvekilleri, il ve il\u00e7e protokol\u00fc, Ate\u015f&#8217;in ailesi, yak\u0131nlar\u0131, mahalle sakinleri, askeri ve emniyet personeli kat\u0131ld\u0131.<br \/>\nUzman \u00c7avu\u015f Ate\u015f&#8217;in sa\u011fl\u0131k personeli e\u015fi Ay\u00e7a Ate\u015f, babas\u0131 Y\u00fcksel Ate\u015f ile di\u011fer aile \u00fcyeleri t\u00f6ren s\u00fcresince g\u00f6zya\u015flar\u0131n\u0131 tutamad\u0131.<br \/>\nFeribot facias\u0131nda Ate\u015f&#8217;in e\u015fi ve 4 ya\u015f\u0131ndaki \u00e7ocu\u011fu Atabey ile bir g\u00fcn \u00f6nce d\u00f6nmek istedi\u011fi ancak olay\u0131n ya\u015fand\u0131\u011f\u0131 g\u00fcn yola \u00e7\u0131kabildikleri belirtildi. Kazadan Ate\u015f&#8217;in e\u015fi ve \u00e7ocuklar\u0131 sa\u011f olarak kurtulmu\u015ftu.<\/p>\n","protected":false},"excerpt":{"rendered":"<p>Kuzey K\u0131br\u0131s T\u00fcrk Cumhuriyeti&#8217;nin (KKTC) Girne kenti a\u00e7\u0131klar\u0131nda batan yolcu feribotunda hayat\u0131n\u0131 kaybeden 28 ya\u015f\u0131ndaki Uzman \u00c7avu\u015f Fahri Ate\u015f&#8217;in naa\u015f\u0131 memleketi Mersin&#8217;de g\u00f6zya\u015flar\u0131 aras\u0131nda topra\u011fa verildi. Girne-Ta\u015fucu seferini yapan Filo Jet isimli feribot, 30 A\u011fustos&#8217;ta Girne Liman\u0131&#8217;ndan ayr\u0131ld\u0131ktan k\u0131sa s\u00fcre sonra su alarak alabora oldu. 8 ki\u015finin hayat\u0131n\u0131 kaybetti\u011fi olayda kay\u0131p 20 ki\u015fiyi arama \u00e7al\u0131\u015fmalar\u0131 [&hellip;]<\/p>\n","protected":false},"author":2,"featured_media":142490,"comment_status":"open","ping_status":"open","sticky":false,"template":"","format":"standard","meta":{"footnotes":""},"categories":[1],"tags":[],"class_list":["post-142489","post","type-post","status-publish","format-standard","has-post-thumbnail","hentry","category-gundem"],"views":173,"_links":{"self":[{"href":"https:\/\/mersingazetesi.com\/index.php\/wp-json\/wp\/v2\/posts\/142489","targetHints":{"allow":["GET"]}}],"collection":[{"href":"https:\/\/mersingazetesi.com\/index.php\/wp-json\/wp\/v2\/posts"}],"about":[{"href":"https:\/\/mersingazetesi.com\/index.php\/wp-json\/wp\/v2\/types\/post"}],"author":[{"embeddable":true,"href":"https:\/\/mersingazetesi.com\/index.php\/wp-json\/wp\/v2\/users\/2"}],"replies":[{"embeddable":true,"href":"https:\/\/mersingazetesi.com\/index.php\/wp-json\/wp\/v2\/comments?post=142489"}],"version-history":[{"count":1,"href":"https:\/\/mersingazetesi.com\/index.php\/wp-json\/wp\/v2\/posts\/142489\/revisions"}],"predecessor-version":[{"id":142491,"href":"https:\/\/mersingazetesi.com\/index.php\/wp-json\/wp\/v2\/posts\/142489\/revisions\/142491"}],"wp:featuredmedia":[{"embeddable":true,"href":"https:\/\/mersingazetesi.com\/index.php\/wp-json\/wp\/v2\/media\/142490"}],"wp:attachment":[{"href":"https:\/\/mersingazetesi.com\/index.php\/wp-json\/wp\/v2\/media?parent=142489"}],"wp:term":[{"taxonomy":"category","embeddable":true,"href":"https:\/\/mersingazetesi.com\/index.php\/wp-json\/wp\/v2\/categories?post=142489"},{"taxonomy":"post_tag","embeddable":true,"href":"https:\/\/mersingazetesi.com\/index.php\/wp-json\/wp\/v2\/tags?post=142489"}],"curies":[{"name":"wp","href":"https:\/\/api.w.org\/{rel}","templated":true}]}}