{"id":142486,"date":"2026-09-02T11:31:37","date_gmt":"2026-09-02T08:31:37","guid":{"rendered":"https:\/\/mersingazetesi.com\/?p=142486"},"modified":"2026-09-02T11:31:37","modified_gmt":"2026-09-02T08:31:37","slug":"gemi-faciasinda-hayatini-kaybeden-hastane-personeli-gulcan-gurel-son-yolculuguna-ugurlandi","status":"publish","type":"post","link":"https:\/\/mersingazetesi.com\/index.php\/2026\/09\/02\/gemi-faciasinda-hayatini-kaybeden-hastane-personeli-gulcan-gurel-son-yolculuguna-ugurlandi\/","title":{"rendered":"Gemi facias\u0131nda hayat\u0131n\u0131 kaybeden hastane personeli G\u00fclcan G\u00fcrel son yolculu\u011funa u\u011furland\u0131"},"content":{"rendered":"<p>Kuzey K\u0131br\u0131s T\u00fcrk Cumhuriyeti&#8217;nin (KKTC) Girne kenti a\u00e7\u0131klar\u0131nda meydana gelen feribot facias\u0131nda hayat\u0131n\u0131 kaybeden Mersin \u015eehir Hastanesi ta\u015feron firma \u00e7al\u0131\u015fan\u0131 G\u00fclcan G\u00fcrel, Mersin&#8217;de son yolculu\u011funa u\u011furland\u0131. G\u00fcrel&#8217;in, geminin alabora olmaya ba\u015flad\u0131\u011f\u0131 s\u0131rada \u00fczerindeki can yele\u011fini \u00e7\u0131kararak k\u0131z\u0131 Tusem&#8217;e giydirdi\u011fi, kendisinin ise dalgalara kap\u0131larak hayat\u0131n\u0131 kaybetti\u011fi belirtildi.<br \/>\nGirne&#8217;den Mersin&#8217;in Ta\u015fucu Liman\u0131&#8217;na seyir halindeyken alabora olan yolcu gemisinde hayat\u0131n\u0131 kaybeden G\u00fclcan G\u00fcrel&#8217;in cenazesi, d\u00fcn ak\u015fam saatlerinde u\u00e7akla \u00c7ukurova Havaliman\u0131&#8217;na getirildi. Buradan Mersin&#8217;e getirilen G\u00fcrel&#8217;in cenazesi, hastane morguna kald\u0131r\u0131ld\u0131.<\/p>\n<p>Hastane bah\u00e7esinde t\u00f6ren d\u00fczenlendi<br \/>\nUzun s\u00fcredir Mersin \u015eehir Hastanesi&#8217;nde g\u00f6rev yapt\u0131\u011f\u0131 \u00f6\u011frenilen G\u00fcrel i\u00e7in bug\u00fcn hastane bah\u00e7esinde t\u00f6ren d\u00fczenlendi. T\u00f6rene G\u00fcrel&#8217;in ailesi ve yak\u0131nlar\u0131n\u0131n yan\u0131 s\u0131ra \u0130l Sa\u011fl\u0131k M\u00fcd\u00fcr\u00fc Mustafa Ekici, Hastane Ba\u015fhekimi Mehmet Ball\u0131, hastane personeli ve \u00e7ok say\u0131da vatanda\u015f kat\u0131ld\u0131.<br \/>\nT\u00f6rende G\u00fcrel&#8217;in yak\u0131nlar\u0131 ve mesai arkada\u015flar\u0131 g\u00f6zya\u015flar\u0131na hakim olamad\u0131. Yap\u0131lan dualar\u0131n ard\u0131ndan G\u00fcrel&#8217;in cenazesi, defnedilmek \u00fczere G\u00fcneykent Mezarl\u0131\u011f\u0131&#8217;na g\u00f6t\u00fcr\u00fcld\u00fc.<\/p>\n<p>Yak\u0131nlar\u0131 g\u00f6zya\u015flar\u0131na bo\u011fuldu<br \/>\nG\u00fcneykent Mezarl\u0131\u011f\u0131&#8217;ndaki cenaze t\u00f6renine ise Vali Atilla Toros, \u0130l Sa\u011fl\u0131k M\u00fcd\u00fcr\u00fc Mustafa Ekici, baz\u0131 siyasi parti temsilcileri ve \u00e7ok say\u0131da vatanda\u015f kat\u0131ld\u0131. G\u00f6zya\u015flar\u0131n\u0131n adeta sel olup akt\u0131\u011f\u0131 t\u00f6rende, birli\u011finden izin alarak cenaze t\u00f6renine kat\u0131lan asker karde\u015fi Mehmet Payam, ablas\u0131n\u0131n tabutuna sar\u0131larak uzun s\u00fcre g\u00f6zya\u015f\u0131 d\u00f6kt\u00fc. Ac\u0131l\u0131 e\u015f Kemal G\u00fcrel ile di\u011fer aile fertlerini Vali Atilla Toros ve yak\u0131nlar\u0131 teselli etmeye \u00e7al\u0131\u015ft\u0131.<br \/>\nG\u00fcrel&#8217;in cenazesi, k\u0131l\u0131nan cenaze namaz\u0131n\u0131n ve edilen dualar\u0131n ard\u0131ndan G\u00fcneykent Mezarl\u0131\u011f\u0131&#8217;nda topra\u011fa verildi.<\/p>\n<p>Can yele\u011fini k\u0131z\u0131na giydirdi<br \/>\nG\u00fclcan G\u00fcrel&#8217;in babas\u0131 Bayram Payam, k\u0131z karde\u015fi Eda Payam ve k\u0131z\u0131 Tusem ile birlikte, askeri personel olan erkek karde\u015fi Mehmet Payam&#8217;\u0131 ziyaret etmek \u00fczere KKTC&#8217;ye gitti\u011fi \u00f6\u011frenildi. T\u00f6renin ard\u0131ndan Mersin&#8217;e d\u00f6nmek \u00fczere yolcu gemisine binen aile, facian\u0131n ortas\u0131nda kald\u0131.<br \/>\nGeminin alabora olmaya ba\u015flamas\u0131yla ya\u015fanan panik s\u0131ras\u0131nda G\u00fclcan G\u00fcrel&#8217;in \u00fczerindeki can yele\u011fini \u00e7\u0131kararak k\u0131z\u0131 Tusem&#8217;e giydirdi\u011fi belirtildi. G\u00fcrel&#8217;in, k\u0131z karde\u015fi Eda&#8217;ya ise, &#8220;K\u0131z\u0131m bundan sonra sana emanet&#8221; dedi\u011fi \u00f6\u011frenildi.<\/p>\n<p>Evlad\u0131n\u0131 kurtard\u0131, kendisi hayat\u0131n\u0131 kaybetti<br \/>\nFacia s\u0131ras\u0131nda evlad\u0131 i\u00e7in b\u00fcy\u00fck bir fedakarl\u0131k yapt\u0131\u011f\u0131 ortaya \u00e7\u0131kan G\u00fcrel&#8217;in, \u00fczerindeki can yele\u011fini k\u0131z\u0131na vererek onun hayata tutunmas\u0131n\u0131 sa\u011flad\u0131\u011f\u0131 ifade edildi.<\/p>\n","protected":false},"excerpt":{"rendered":"<p>Kuzey K\u0131br\u0131s T\u00fcrk Cumhuriyeti&#8217;nin (KKTC) Girne kenti a\u00e7\u0131klar\u0131nda meydana gelen feribot facias\u0131nda hayat\u0131n\u0131 kaybeden Mersin \u015eehir Hastanesi ta\u015feron firma \u00e7al\u0131\u015fan\u0131 G\u00fclcan G\u00fcrel, Mersin&#8217;de son yolculu\u011funa u\u011furland\u0131. G\u00fcrel&#8217;in, geminin alabora olmaya ba\u015flad\u0131\u011f\u0131 s\u0131rada \u00fczerindeki can yele\u011fini \u00e7\u0131kararak k\u0131z\u0131 Tusem&#8217;e giydirdi\u011fi, kendisinin ise dalgalara kap\u0131larak hayat\u0131n\u0131 kaybetti\u011fi belirtildi. Girne&#8217;den Mersin&#8217;in Ta\u015fucu Liman\u0131&#8217;na seyir halindeyken alabora olan yolcu [&hellip;]<\/p>\n","protected":false},"author":2,"featured_media":142487,"comment_status":"open","ping_status":"open","sticky":false,"template":"","format":"standard","meta":{"footnotes":""},"categories":[1],"tags":[],"class_list":["post-142486","post","type-post","status-publish","format-standard","has-post-thumbnail","hentry","category-gundem"],"views":172,"_links":{"self":[{"href":"https:\/\/mersingazetesi.com\/index.php\/wp-json\/wp\/v2\/posts\/142486","targetHints":{"allow":["GET"]}}],"collection":[{"href":"https:\/\/mersingazetesi.com\/index.php\/wp-json\/wp\/v2\/posts"}],"about":[{"href":"https:\/\/mersingazetesi.com\/index.php\/wp-json\/wp\/v2\/types\/post"}],"author":[{"embeddable":true,"href":"https:\/\/mersingazetesi.com\/index.php\/wp-json\/wp\/v2\/users\/2"}],"replies":[{"embeddable":true,"href":"https:\/\/mersingazetesi.com\/index.php\/wp-json\/wp\/v2\/comments?post=142486"}],"version-history":[{"count":1,"href":"https:\/\/mersingazetesi.com\/index.php\/wp-json\/wp\/v2\/posts\/142486\/revisions"}],"predecessor-version":[{"id":142488,"href":"https:\/\/mersingazetesi.com\/index.php\/wp-json\/wp\/v2\/posts\/142486\/revisions\/142488"}],"wp:featuredmedia":[{"embeddable":true,"href":"https:\/\/mersingazetesi.com\/index.php\/wp-json\/wp\/v2\/media\/142487"}],"wp:attachment":[{"href":"https:\/\/mersingazetesi.com\/index.php\/wp-json\/wp\/v2\/media?parent=142486"}],"wp:term":[{"taxonomy":"category","embeddable":true,"href":"https:\/\/mersingazetesi.com\/index.php\/wp-json\/wp\/v2\/categories?post=142486"},{"taxonomy":"post_tag","embeddable":true,"href":"https:\/\/mersingazetesi.com\/index.php\/wp-json\/wp\/v2\/tags?post=142486"}],"curies":[{"name":"wp","href":"https:\/\/api.w.org\/{rel}","templated":true}]}}