{"id":142480,"date":"2026-09-02T10:11:59","date_gmt":"2026-09-02T07:11:59","guid":{"rendered":"https:\/\/mersingazetesi.com\/?p=142480"},"modified":"2026-09-02T10:11:59","modified_gmt":"2026-09-02T07:11:59","slug":"tarladan-sofraya-uzanan-emek-tufanbeylide-kuru-fasulye-hasadi-basladi","status":"publish","type":"post","link":"https:\/\/mersingazetesi.com\/index.php\/2026\/09\/02\/tarladan-sofraya-uzanan-emek-tufanbeylide-kuru-fasulye-hasadi-basladi\/","title":{"rendered":"Tarladan sofraya uzanan emek: Tufanbeyli&#8217;de kuru fasulye hasad\u0131 ba\u015flad\u0131"},"content":{"rendered":"<div dir=\"auto\">Adana&#8217;n\u0131n Tufanbeyli il\u00e7esine ba\u011fl\u0131 P\u0131narlar Mahallesi&#8217;nde beyaz kuru fasulyenin hasad\u0131na ba\u015fland\u0131. May\u0131s ay\u0131nda toprakla bulu\u015fturulan fasulyeler, aylar s\u00fcren bak\u0131m ve sulama \u00e7al\u0131\u015fmalar\u0131n\u0131n ard\u0131ndan hasat olgunlu\u011funa ula\u015ft\u0131.<\/div>\n<div dir=\"auto\">Sabah\u0131n erken saatlerinde tarlaya gelen \u00fcreticiler ve tar\u0131m i\u015f\u00e7ileri, olgunla\u015fan fasulyeleri k\u00f6kleriyle birlikte s\u00f6kerek toplamaya ba\u015flad\u0131. Geni\u015f tar\u0131m arazilerindeki hasat \u00e7al\u0131\u015fmalar\u0131 havadan g\u00f6r\u00fcnt\u00fclenirken, \u00fcreticiler sezon boyunca verdikleri eme\u011fin kar\u015f\u0131l\u0131\u011f\u0131n\u0131 alabilmenin heyecan\u0131n\u0131 ya\u015f\u0131yor.<\/div>\n<div dir=\"auto\">Tufanbeyli&#8217;nin \u00f6nemli tar\u0131m alanlar\u0131ndan P\u0131narlar Mahallesi&#8217;nde fasulye \u00fcretimi, b\u00f6lgedeki \u00fcreticiler i\u00e7in \u00f6nemli bir ge\u00e7im kayna\u011f\u0131 olu\u015fturuyor.<\/div>\n<div dir=\"auto\">Aylar s\u00fcren eme\u011fin ard\u0131ndan hasat ba\u015flad\u0131<\/div>\n<div dir=\"auto\">Fasulyenin may\u0131s ay\u0131nda ekilmesiyle ba\u015flayan \u00fcretim s\u00fcrecinde tarlalar\u0131n bak\u0131m\u0131, sulama ve \u00fcr\u00fcn\u00fcn geli\u015fiminin takibi yap\u0131l\u0131yor. Hasat d\u00f6neminin gelmesiyle birlikte tarlalarda yo\u011fun \u00e7al\u0131\u015fma ba\u015flad\u0131.<\/div>\n<div dir=\"auto\">\u00dcreticiler taraf\u0131ndan k\u00f6kleriyle s\u00f6k\u00fclen fasulyeler, kurutma s\u00fcrecinin ard\u0131ndan patozdan ge\u00e7iriliyor. Bu i\u015flemin ard\u0131ndan taneler ayr\u0131\u015ft\u0131r\u0131l\u0131yor ve sat\u0131\u015fa haz\u0131rlan\u0131yor.<\/div>\n<div dir=\"auto\">Fasulye \u00fcreticisi Mehmet Tokdemir, sezon boyunca hava \u015fartlar\u0131n\u0131n ve tar\u0131msal bak\u0131m \u00e7al\u0131\u015fmalar\u0131n\u0131n \u00fcretim a\u00e7\u0131s\u0131ndan belirleyici oldu\u011funu belirterek, hasat d\u00f6nemine ula\u015fman\u0131n kendileri a\u00e7\u0131s\u0131ndan \u00f6nemli oldu\u011funu s\u00f6yledi.<\/div>\n<div dir=\"auto\">Tokdemir, fasulye ve nohut \u00fcretimi yapt\u0131klar\u0131n\u0131, hasat edilen \u00fcr\u00fcnleri farkl\u0131 b\u00f6lgelerdeki t\u00fcketicilere ula\u015ft\u0131rmak i\u00e7in internet ve sosyal medya kanallar\u0131ndan da yararland\u0131klar\u0131n\u0131 ifade etti.<\/div>\n<div dir=\"auto\">\u00dcreticinin hedefi do\u011frudan sat\u0131\u015f<\/div>\n<div dir=\"auto\">Tarladan \u00e7\u0131kan fasulyenin sofraya ula\u015fmadan \u00f6nce birka\u00e7 a\u015famadan ge\u00e7ti\u011fini anlatan Tokdemir, \u00fcr\u00fcnlerin \u00f6nce kurutuldu\u011funu, ard\u0131ndan patoz i\u015fleminden ge\u00e7irildi\u011fini ve sonras\u0131nda ay\u0131klanarak sat\u0131\u015fa haz\u0131rland\u0131\u011f\u0131n\u0131 kaydetti.<\/div>\n<div dir=\"auto\">\u00dcr\u00fcnlerin kargo yoluyla farkl\u0131 illerdeki t\u00fcketicilere g\u00f6nderildi\u011fini belirten Tokdemir, y\u00f6rede yeti\u015ftirilen fasulyenin daha geni\u015f bir pazara ula\u015ft\u0131r\u0131lmas\u0131n\u0131 hedeflediklerini dile getirdi.<\/div>\n<div dir=\"auto\">&#8220;Fasulyenin lezzeti i\u00e7in serin hava \u00f6nemli&#8221;<\/div>\n<div dir=\"auto\">\u00dcretici Dudu Tokdemir ise Tufanbeyli&#8217;nin iklim ko\u015fullar\u0131n\u0131n fasulye \u00fcretiminde \u00f6nemli bir avantaj sa\u011flad\u0131\u011f\u0131n\u0131 belirtti.<\/div>\n<div dir=\"auto\">Fasulyenin serin ve r\u00fczg\u00e2rl\u0131 havay\u0131 sevdi\u011fini ifade eden Tokdemir, bu sezon \u00fcr\u00fcnlerin geli\u015fiminden memnun olduklar\u0131n\u0131 s\u00f6yledi.<\/div>\n<div dir=\"auto\">Kendi \u00fcretim y\u00f6ntemlerinde kimyasal g\u00fcbre ve ila\u00e7 kullanmad\u0131klar\u0131n\u0131 belirten Tokdemir, tarladaki \u00fcr\u00fcnlerin do\u011fal \u00fcretim y\u00f6ntemleriyle yeti\u015ftirildi\u011fini ifade etti.<\/div>\n<div dir=\"auto\">Hasat s\u00fcrecini de anlatan Tokdemir, olgunla\u015fan fasulyelerin s\u00f6k\u00fclmesinin ard\u0131ndan kurutma ve patoz i\u015flemlerinin ger\u00e7ekle\u015ftirilece\u011fini, daha sonra \u00fcr\u00fcnlerin tek tek se\u00e7ilerek t\u00fcketiciye ula\u015ft\u0131r\u0131laca\u011f\u0131n\u0131 kaydetti.<\/div>\n<div dir=\"auto\">Tokdemir&#8217;in hasat s\u00fcrecini anlat\u0131rken kulland\u0131\u011f\u0131, &#8220;Patozdan sonra tekrar bir elden ge\u00e7iririz. Se\u00e7eriz tek tek, m\u00fc\u015fterilerimize ula\u015ft\u0131r\u0131r\u0131z.&#8221; ifadeleri, \u00fcretimin tarladan sofraya kadar uzanan emek boyutunu ortaya koydu.<\/div>\n<div dir=\"auto\">Kad\u0131n eme\u011fi hasad\u0131n merkezinde<\/div>\n<div dir=\"auto\">P\u0131narlar&#8217;daki fasulye hasad\u0131nda kad\u0131nlar\u0131n eme\u011fi de \u00f6ne \u00e7\u0131k\u0131yor. Tarlada \u00e7al\u0131\u015fan kad\u0131nlar, olgunla\u015fan fasulyelerin s\u00f6k\u00fclmesi ve toplanmas\u0131 \u00e7al\u0131\u015fmalar\u0131na kat\u0131l\u0131yor.<\/div>\n<div dir=\"auto\">Hasat s\u0131ras\u0131nda kad\u0131nlar\u0131n \u00fcr\u00fcnleri elleriyle s\u00f6kmesi, tarlada biriken fasulye demetleri ve \u00fcreticilerin \u00fcr\u00fcnleri incelemesi haberin g\u00f6rsel anlat\u0131m\u0131n\u0131 g\u00fc\u00e7lendiriyor.<\/div>\n<div dir=\"auto\">Tarlay\u0131 internetten g\u00f6rd\u00fc, yerinde inceledi<\/div>\n<div dir=\"auto\">P\u0131narlar Mahallesi&#8217;ndeki fasulye tarlas\u0131n\u0131 internet \u00fczerinden g\u00f6rerek ziyaret eden Serna G\u00f6le, \u00fcretim alan\u0131n\u0131 yerinde inceledi ve hasat \u00e7al\u0131\u015fmalar\u0131na tan\u0131kl\u0131k etti.<\/div>\n<div dir=\"auto\">Tarladaki \u00fcretim s\u00fcrecini yak\u0131ndan g\u00f6rd\u00fc\u011f\u00fcn\u00fc belirten G\u00f6le, fasulyenin yeti\u015ftirildi\u011fi ortamdan memnun kald\u0131\u011f\u0131n\u0131 ifade ederek \u00fcr\u00fcn\u00fc t\u00fcketicilere tavsiye etti.<\/div>\n<div dir=\"auto\">G\u00f6le, izlenimlerini do\u011fal ifadelerle anlat\u0131rken, &#8220;Geldim, g\u00f6rd\u00fcm, g\u00f6zlerimle g\u00f6rd\u00fcm.&#8221; s\u00f6zleriyle tarlada g\u00f6rd\u00fc\u011f\u00fc \u00fcretim s\u00fcrecine dikkat \u00e7ekti.<\/div>\n<div dir=\"auto\">Tarladan sofraya uzanan yolculuk<\/div>\n<div dir=\"auto\">P\u0131narlar Mahallesi&#8217;nde ba\u015flayan fasulye hasad\u0131, \u00fcr\u00fcnlerin tarladan \u00e7\u0131kar\u0131lmas\u0131yla sona ermiyor. Kurutma, patoz, ay\u0131klama ve sat\u0131\u015f a\u015famalar\u0131n\u0131n ard\u0131ndan fasulyeler t\u00fcketiciye ula\u015ft\u0131r\u0131l\u0131yor.<\/div>\n<div dir=\"auto\">\u00dcreticiler, y\u00f6rede yeti\u015ftirilen beyaz kuru fasulyenin daha geni\u015f kitleler taraf\u0131ndan tan\u0131nmas\u0131n\u0131 ve do\u011frudan t\u00fcketiciyle bulu\u015fturulmas\u0131n\u0131 ama\u00e7l\u0131yor.<\/div>\n<div dir=\"auto\">Tarlalarda hasat mesaisi s\u00fcrerken \u00fcreticilerin en b\u00fcy\u00fck beklentisi ise aylar s\u00fcren eme\u011fin kar\u015f\u0131l\u0131\u011f\u0131n\u0131 alabilmek ve \u00fcr\u00fcnlerini de\u011ferinde satabilmek.<\/div>\n","protected":false},"excerpt":{"rendered":"<p>Adana&#8217;n\u0131n Tufanbeyli il\u00e7esine ba\u011fl\u0131 P\u0131narlar Mahallesi&#8217;nde beyaz kuru fasulyenin hasad\u0131na ba\u015fland\u0131. May\u0131s ay\u0131nda toprakla bulu\u015fturulan fasulyeler, aylar s\u00fcren bak\u0131m ve sulama \u00e7al\u0131\u015fmalar\u0131n\u0131n ard\u0131ndan hasat olgunlu\u011funa ula\u015ft\u0131. Sabah\u0131n erken saatlerinde tarlaya gelen \u00fcreticiler ve tar\u0131m i\u015f\u00e7ileri, olgunla\u015fan fasulyeleri k\u00f6kleriyle birlikte s\u00f6kerek toplamaya ba\u015flad\u0131. Geni\u015f tar\u0131m arazilerindeki hasat \u00e7al\u0131\u015fmalar\u0131 havadan g\u00f6r\u00fcnt\u00fclenirken, \u00fcreticiler sezon boyunca verdikleri eme\u011fin kar\u015f\u0131l\u0131\u011f\u0131n\u0131 [&hellip;]<\/p>\n","protected":false},"author":2,"featured_media":142481,"comment_status":"open","ping_status":"open","sticky":false,"template":"","format":"standard","meta":{"footnotes":""},"categories":[1],"tags":[],"class_list":["post-142480","post","type-post","status-publish","format-standard","has-post-thumbnail","hentry","category-gundem"],"views":195,"_links":{"self":[{"href":"https:\/\/mersingazetesi.com\/index.php\/wp-json\/wp\/v2\/posts\/142480","targetHints":{"allow":["GET"]}}],"collection":[{"href":"https:\/\/mersingazetesi.com\/index.php\/wp-json\/wp\/v2\/posts"}],"about":[{"href":"https:\/\/mersingazetesi.com\/index.php\/wp-json\/wp\/v2\/types\/post"}],"author":[{"embeddable":true,"href":"https:\/\/mersingazetesi.com\/index.php\/wp-json\/wp\/v2\/users\/2"}],"replies":[{"embeddable":true,"href":"https:\/\/mersingazetesi.com\/index.php\/wp-json\/wp\/v2\/comments?post=142480"}],"version-history":[{"count":1,"href":"https:\/\/mersingazetesi.com\/index.php\/wp-json\/wp\/v2\/posts\/142480\/revisions"}],"predecessor-version":[{"id":142482,"href":"https:\/\/mersingazetesi.com\/index.php\/wp-json\/wp\/v2\/posts\/142480\/revisions\/142482"}],"wp:featuredmedia":[{"embeddable":true,"href":"https:\/\/mersingazetesi.com\/index.php\/wp-json\/wp\/v2\/media\/142481"}],"wp:attachment":[{"href":"https:\/\/mersingazetesi.com\/index.php\/wp-json\/wp\/v2\/media?parent=142480"}],"wp:term":[{"taxonomy":"category","embeddable":true,"href":"https:\/\/mersingazetesi.com\/index.php\/wp-json\/wp\/v2\/categories?post=142480"},{"taxonomy":"post_tag","embeddable":true,"href":"https:\/\/mersingazetesi.com\/index.php\/wp-json\/wp\/v2\/tags?post=142480"}],"curies":[{"name":"wp","href":"https:\/\/api.w.org\/{rel}","templated":true}]}}