{"id":142474,"date":"2026-09-02T10:08:01","date_gmt":"2026-09-02T07:08:01","guid":{"rendered":"https:\/\/mersingazetesi.com\/?p=142474"},"modified":"2026-09-02T10:08:01","modified_gmt":"2026-09-02T07:08:01","slug":"gemi-faciasinda-hayatini-kaybeden-hastane-personeli-gulcan-gurel-icin-toren-duzenlendi","status":"publish","type":"post","link":"https:\/\/mersingazetesi.com\/index.php\/2026\/09\/02\/gemi-faciasinda-hayatini-kaybeden-hastane-personeli-gulcan-gurel-icin-toren-duzenlendi\/","title":{"rendered":"Gemi facias\u0131nda hayat\u0131n\u0131 kaybeden hastane personeli G\u00fclcan G\u00fcrel i\u00e7in t\u00f6ren d\u00fczenlendi"},"content":{"rendered":"<p>Kuzey K\u0131br\u0131s T\u00fcrk Cumhuriyeti\u2019nin (KKTC) Girne kenti a\u00e7\u0131klar\u0131nda meydana gelen feribot facias\u0131nda hayat\u0131n\u0131 kaybeden\u00a0<strong class=\"searchword\">Mersin<\/strong>\u00a0\u015eehir Hastanesi ta\u015feron firma \u00e7al\u0131\u015fan\u0131 G\u00fclcan G\u00fcrel i\u00e7in hastane bah\u00e7esinde t\u00f6ren d\u00fczenlendi. G\u00fcrel\u2019in, geminin alabora olmaya ba\u015flad\u0131\u011f\u0131 s\u0131rada \u00fczerindeki can yele\u011fini \u00e7\u0131kararak k\u0131z\u0131 Eda\u2019ya giydirdi\u011fi, kendisinin ise dalgalara kap\u0131larak hayat\u0131n\u0131 kaybetti\u011fi belirtildi.<br \/>\nGirne\u2019den\u00a0<strong class=\"searchword\">Mersin<\/strong>\u2019in Ta\u015fucu Liman\u0131\u2019na seyir halindeyken alabora olan yolcu gemisinde hayat\u0131n\u0131 kaybeden G\u00fclcan G\u00fcrel\u2019in cenazesi, d\u00fcn ak\u015fam saatlerinde u\u00e7akla \u00c7ukurova Havaliman\u0131\u2019na getirildi. Buradan\u00a0<strong class=\"searchword\">Mersin<\/strong>\u2019e getirilen G\u00fcrel\u2019in cenazesi, hastane morguna kald\u0131r\u0131ld\u0131.<\/p>\n<p>Hastane bah\u00e7esinde t\u00f6ren d\u00fczenlendi<br \/>\nUzun s\u00fcredir\u00a0<strong class=\"searchword\">Mersin<\/strong>\u00a0\u015eehir Hastanesi\u2019nde g\u00f6rev yapt\u0131\u011f\u0131 \u00f6\u011frenilen G\u00fcrel i\u00e7in bug\u00fcn hastane bah\u00e7esinde t\u00f6ren d\u00fczenlendi. T\u00f6rene G\u00fcrel\u2019in ailesi ve yak\u0131nlar\u0131n\u0131n yan\u0131 s\u0131ra \u0130l Sa\u011fl\u0131k M\u00fcd\u00fcr\u00fc Mustafa Ekici, Hastane Ba\u015fhekimi Mehmet Ball\u0131, hastane personeli ve \u00e7ok say\u0131da vatanda\u015f kat\u0131ld\u0131.<br \/>\nT\u00f6rende G\u00fcrel\u2019in yak\u0131nlar\u0131 ve mesai arkada\u015flar\u0131 g\u00f6zya\u015flar\u0131na hakim olamad\u0131. Yap\u0131lan dualar\u0131n ard\u0131ndan G\u00fcrel\u2019in cenazesi, defnedilmek \u00fczere G\u00fcneyken Mezarl\u0131\u011f\u0131&#8217;na g\u00f6t\u00fcr\u00fcld\u00fc.<\/p>\n<p>Can yele\u011fini k\u0131z\u0131na giydirdi<br \/>\nG\u00fclcan G\u00fcrel\u2019in, babas\u0131 Bayram Payam, k\u0131z karde\u015fi Eda Payam ve k\u0131z\u0131 Tusem ile birlikte, askeri personel olan erkek karde\u015fi Mehmet Payam&#8217;\u0131 ziyaret etmek \u00fczere KKTC&#8217;ye gitti\u011fi \u00f6\u011frenildi. T\u00f6renin ard\u0131ndan\u00a0<strong class=\"searchword\">Mersin<\/strong>\u2019e d\u00f6nmek \u00fczere yolcu gemisine binen aile, facian\u0131n ortas\u0131nda kald\u0131.<br \/>\nGeminin alabora olmaya ba\u015flamas\u0131yla ya\u015fanan panik s\u0131ras\u0131nda G\u00fclcan G\u00fcrel\u2019in \u00fczerindeki can yele\u011fini \u00e7\u0131kararak k\u0131z\u0131 Eda\u2019ya giydirdi\u011fi belirtildi. G\u00fcrel\u2019in, k\u0131z karde\u015fi Zahide\u2019ye ise, &#8220;K\u0131z\u0131m bundan sonra sana emanet&#8221; dedi\u011fi \u00f6\u011frenildi.<\/p>\n<p>Evlad\u0131n\u0131 kurtard\u0131, kendisi hayat\u0131n\u0131 kaybetti<br \/>\nFacia s\u0131ras\u0131nda evlad\u0131 i\u00e7in b\u00fcy\u00fck bir fedakarl\u0131k yapt\u0131\u011f\u0131 ortaya \u00e7\u0131kan G\u00fcrel\u2019in, \u00fczerindeki can yele\u011fini k\u0131z\u0131na vererek onun hayata tutunmas\u0131n\u0131 sa\u011flad\u0131\u011f\u0131 ifade edildi.<\/p>\n","protected":false},"excerpt":{"rendered":"<p>Kuzey K\u0131br\u0131s T\u00fcrk Cumhuriyeti\u2019nin (KKTC) Girne kenti a\u00e7\u0131klar\u0131nda meydana gelen feribot facias\u0131nda hayat\u0131n\u0131 kaybeden\u00a0Mersin\u00a0\u015eehir Hastanesi ta\u015feron firma \u00e7al\u0131\u015fan\u0131 G\u00fclcan G\u00fcrel i\u00e7in hastane bah\u00e7esinde t\u00f6ren d\u00fczenlendi. G\u00fcrel\u2019in, geminin alabora olmaya ba\u015flad\u0131\u011f\u0131 s\u0131rada \u00fczerindeki can yele\u011fini \u00e7\u0131kararak k\u0131z\u0131 Eda\u2019ya giydirdi\u011fi, kendisinin ise dalgalara kap\u0131larak hayat\u0131n\u0131 kaybetti\u011fi belirtildi. Girne\u2019den\u00a0Mersin\u2019in Ta\u015fucu Liman\u0131\u2019na seyir halindeyken alabora olan yolcu gemisinde hayat\u0131n\u0131 [&hellip;]<\/p>\n","protected":false},"author":2,"featured_media":142475,"comment_status":"open","ping_status":"open","sticky":false,"template":"","format":"standard","meta":{"footnotes":""},"categories":[1],"tags":[],"class_list":["post-142474","post","type-post","status-publish","format-standard","has-post-thumbnail","hentry","category-gundem"],"views":194,"_links":{"self":[{"href":"https:\/\/mersingazetesi.com\/index.php\/wp-json\/wp\/v2\/posts\/142474","targetHints":{"allow":["GET"]}}],"collection":[{"href":"https:\/\/mersingazetesi.com\/index.php\/wp-json\/wp\/v2\/posts"}],"about":[{"href":"https:\/\/mersingazetesi.com\/index.php\/wp-json\/wp\/v2\/types\/post"}],"author":[{"embeddable":true,"href":"https:\/\/mersingazetesi.com\/index.php\/wp-json\/wp\/v2\/users\/2"}],"replies":[{"embeddable":true,"href":"https:\/\/mersingazetesi.com\/index.php\/wp-json\/wp\/v2\/comments?post=142474"}],"version-history":[{"count":1,"href":"https:\/\/mersingazetesi.com\/index.php\/wp-json\/wp\/v2\/posts\/142474\/revisions"}],"predecessor-version":[{"id":142476,"href":"https:\/\/mersingazetesi.com\/index.php\/wp-json\/wp\/v2\/posts\/142474\/revisions\/142476"}],"wp:featuredmedia":[{"embeddable":true,"href":"https:\/\/mersingazetesi.com\/index.php\/wp-json\/wp\/v2\/media\/142475"}],"wp:attachment":[{"href":"https:\/\/mersingazetesi.com\/index.php\/wp-json\/wp\/v2\/media?parent=142474"}],"wp:term":[{"taxonomy":"category","embeddable":true,"href":"https:\/\/mersingazetesi.com\/index.php\/wp-json\/wp\/v2\/categories?post=142474"},{"taxonomy":"post_tag","embeddable":true,"href":"https:\/\/mersingazetesi.com\/index.php\/wp-json\/wp\/v2\/tags?post=142474"}],"curies":[{"name":"wp","href":"https:\/\/api.w.org\/{rel}","templated":true}]}}