{"id":142464,"date":"2026-09-02T09:44:13","date_gmt":"2026-09-02T06:44:13","guid":{"rendered":"https:\/\/mersingazetesi.com\/?p=142464"},"modified":"2026-09-02T09:44:13","modified_gmt":"2026-09-02T06:44:13","slug":"miy-kadroyu-guclendiriyor","status":"publish","type":"post","link":"https:\/\/mersingazetesi.com\/index.php\/2026\/09\/02\/miy-kadroyu-guclendiriyor\/","title":{"rendered":"M\u0130Y KADROYU G\u00dc\u00c7LEND\u0130R\u0130YOR"},"content":{"rendered":"<div class=\"x14z9mp xat24cr x1lziwak x1vvkbs xtlvy1s x126k92a\">\n<div dir=\"auto\">Yeni Mersin \u0130dman Yurdu transferlerini s\u00fcrd\u00fcr\u00fcyor. Daha \u00f6nce Yeni Malatyaspor, Kar\u015f\u0131yaka, \u00dcmraniyespor ve Malatya Ye\u015filyurtspor formalar\u0131 giyen, 2006 do\u011fumlu h\u00fccum oyuncusu Mehmet G\u00fcne\u015f ile anla\u015fmaya vartld\u0131.<\/div>\n<\/div>\n<div dir=\"auto\"><\/div>\n<div dir=\"auto\">\n<div class=\"x14z9mp xat24cr x1lziwak x1vvkbs xtlvy1s x126k92a\">\n<div dir=\"auto\">Bir di\u011fer transfer ise, daha \u00f6nce Yeni Malatyaspor, Ad\u0131yamanspor ve Erciyes 38 formalar\u0131 giyen, 2000 do\u011fumlu orta saha oyuncusu H\u00fcseyin Ekici oldu.<\/div>\n<div dir=\"auto\">Kul\u00fcp yeni transferlere, Yeni Mersin \u0130dman Yurdu Ailesine ho\u015f geldin dedi ve ba\u015far\u0131lar diledi<\/div>\n<\/div>\n<div class=\"x14z9mp xat24cr x1lziwak x1vvkbs xtlvy1s x126k92a\"><\/div>\n<\/div>\n<div class=\"x14z9mp xat24cr x1lziwak x1vvkbs xtlvy1s x126k92a\"><img loading=\"lazy\" decoding=\"async\" class=\"alignnone  wp-image-142465\" src=\"http:\/\/mersingazetesi.com\/wp-content\/uploads\/2026\/09\/791996286_18125265964880987_8359686934388132328_n.jpg\" alt=\"\" width=\"215\" height=\"269\" srcset=\"https:\/\/mersingazetesi.com\/wp-content\/uploads\/2026\/09\/791996286_18125265964880987_8359686934388132328_n.jpg 1350w, https:\/\/mersingazetesi.com\/wp-content\/uploads\/2026\/09\/791996286_18125265964880987_8359686934388132328_n-384x480.jpg 384w\" sizes=\"auto, (max-width: 215px) 100vw, 215px\" \/><\/div>\n","protected":false},"excerpt":{"rendered":"<p>Yeni Mersin \u0130dman Yurdu transferlerini s\u00fcrd\u00fcr\u00fcyor. Daha \u00f6nce Yeni Malatyaspor, Kar\u015f\u0131yaka, \u00dcmraniyespor ve Malatya Ye\u015filyurtspor formalar\u0131 giyen, 2006 do\u011fumlu h\u00fccum oyuncusu Mehmet G\u00fcne\u015f ile anla\u015fmaya vartld\u0131. Bir di\u011fer transfer ise, daha \u00f6nce Yeni Malatyaspor, Ad\u0131yamanspor ve Erciyes 38 formalar\u0131 giyen, 2000 do\u011fumlu orta saha oyuncusu H\u00fcseyin Ekici oldu. Kul\u00fcp yeni transferlere, Yeni Mersin \u0130dman Yurdu [&hellip;]<\/p>\n","protected":false},"author":2,"featured_media":142466,"comment_status":"open","ping_status":"open","sticky":false,"template":"","format":"standard","meta":{"footnotes":""},"categories":[6],"tags":[],"class_list":["post-142464","post","type-post","status-publish","format-standard","has-post-thumbnail","hentry","category-spor"],"views":226,"_links":{"self":[{"href":"https:\/\/mersingazetesi.com\/index.php\/wp-json\/wp\/v2\/posts\/142464","targetHints":{"allow":["GET"]}}],"collection":[{"href":"https:\/\/mersingazetesi.com\/index.php\/wp-json\/wp\/v2\/posts"}],"about":[{"href":"https:\/\/mersingazetesi.com\/index.php\/wp-json\/wp\/v2\/types\/post"}],"author":[{"embeddable":true,"href":"https:\/\/mersingazetesi.com\/index.php\/wp-json\/wp\/v2\/users\/2"}],"replies":[{"embeddable":true,"href":"https:\/\/mersingazetesi.com\/index.php\/wp-json\/wp\/v2\/comments?post=142464"}],"version-history":[{"count":2,"href":"https:\/\/mersingazetesi.com\/index.php\/wp-json\/wp\/v2\/posts\/142464\/revisions"}],"predecessor-version":[{"id":142468,"href":"https:\/\/mersingazetesi.com\/index.php\/wp-json\/wp\/v2\/posts\/142464\/revisions\/142468"}],"wp:featuredmedia":[{"embeddable":true,"href":"https:\/\/mersingazetesi.com\/index.php\/wp-json\/wp\/v2\/media\/142466"}],"wp:attachment":[{"href":"https:\/\/mersingazetesi.com\/index.php\/wp-json\/wp\/v2\/media?parent=142464"}],"wp:term":[{"taxonomy":"category","embeddable":true,"href":"https:\/\/mersingazetesi.com\/index.php\/wp-json\/wp\/v2\/categories?post=142464"},{"taxonomy":"post_tag","embeddable":true,"href":"https:\/\/mersingazetesi.com\/index.php\/wp-json\/wp\/v2\/tags?post=142464"}],"curies":[{"name":"wp","href":"https:\/\/api.w.org\/{rel}","templated":true}]}}