{"id":142460,"date":"2026-09-02T09:39:44","date_gmt":"2026-09-02T06:39:44","guid":{"rendered":"https:\/\/mersingazetesi.com\/?p=142460"},"modified":"2026-09-02T09:39:44","modified_gmt":"2026-09-02T06:39:44","slug":"yurt-yonetim-personellerine-yonelik-gelisim-egitimi-basladi","status":"publish","type":"post","link":"https:\/\/mersingazetesi.com\/index.php\/2026\/09\/02\/yurt-yonetim-personellerine-yonelik-gelisim-egitimi-basladi\/","title":{"rendered":"Yurt Y\u00f6netim Personellerine Y\u00f6nelik Geli\u015fim E\u011fitimi Ba\u015flad\u0131"},"content":{"rendered":"<div class=\"x14z9mp xat24cr x1lziwak x1vvkbs xtlvy1s x126k92a\">\n<div dir=\"auto\">Mersin Gen\u00e7lik ve Spor \u0130l M\u00fcd\u00fcrl\u00fc\u011f\u00fc taraf\u0131ndan, yurtlarda g\u00f6rev yapan personellerin mesleki bilgi ve becerilerini geli\u015ftirmek, gen\u00e7lere sunulan hizmetlerin niteli\u011fini art\u0131rmak ve farkl\u0131 durumlara daha etkin \u015fekilde haz\u0131rlanmalar\u0131n\u0131 sa\u011flamak amac\u0131yla \u201cYurt Y\u00f6netim Personeli Geli\u015fim E\u011fitimi\u201d d\u00fczenlendi.<\/div>\n<div dir=\"auto\"><\/div>\n<\/div>\n<div class=\"x14z9mp xat24cr x1lziwak x1vvkbs xtlvy1s x126k92a\">\n<div dir=\"auto\">Mersin K\u0131z \u00d6\u011frenci Yurdu Konferans Salonu\u2019nda 31 A\u011fustos \u2013 1 Eyl\u00fcl 2026 tarihleri aras\u0131nda ger\u00e7ekle\u015ftirilen e\u011fitim program\u0131, Mersin Gen\u00e7lik ve Spor \u0130l M\u00fcd\u00fcr\u00fc G\u00f6ksun \u00d6z\u2019\u00fcn kat\u0131l\u0131m\u0131yla ba\u015flad\u0131.<\/div>\n<\/div>\n<div class=\"x14z9mp xat24cr x1lziwak x1vvkbs xtlvy1s x126k92a\">\n<div dir=\"auto\">Program\u0131n a\u00e7\u0131l\u0131\u015f\u0131nda yurt y\u00f6netim personelleriyle bir araya gelen \u0130l M\u00fcd\u00fcr\u00fc G\u00f6ksun \u00d6z, personellerle sohbet ederek g\u00f6rev ve sorumluluklar ile gen\u00e7lere sunulan yurt hizmetlerinin \u00f6nemi \u00fczerine de\u011ferlendirmelerde bulundu.<\/div>\n<div dir=\"auto\"><\/div>\n<\/div>\n<div class=\"x14z9mp xat24cr x1lziwak x1vvkbs xtlvy1s x126k92a\">\n<div dir=\"auto\">E\u011fitim program\u0131nda; \u00d6\u011frenci Beslenme Hizmetleri, \u00d6\u011frenci \u0130leti\u015fim Hizmetleri, Toplumsal Olaylarda Emniyet Tedbirleri, \u00c7at\u0131\u015fma ve Kriz Y\u00f6netimi, \u00d6\u011frenci E\u011fitim Hizmetleri, Gen\u00e7lik Psikolojisi, Kurumsal Temsil ve Protokol Kurallar\u0131, Etkili \u0130leti\u015fim ve Tak\u0131m \u00c7al\u0131\u015fmas\u0131 ve Kamu Eti\u011fi ve \u00c7al\u0131\u015fma Ahlak\u0131 ba\u015fl\u0131klar\u0131nda kapsaml\u0131 e\u011fitimler ger\u00e7ekle\u015ftirildi.<\/div>\n<\/div>\n<div class=\"x14z9mp xat24cr x1lziwak x1vvkbs xtlvy1s x126k92a\">\n<div dir=\"auto\"><\/div>\n<div dir=\"auto\">Yap\u0131lan a\u00e7\u0131klamada, &#8221;Hedefimiz; gen\u00e7lerimizin g\u00fcvenli, sa\u011fl\u0131kl\u0131 ve huzurlu bir ortamda bar\u0131nmalar\u0131n\u0131 sa\u011flarken, yurtlar\u0131m\u0131zda g\u00f6rev yapan personellerimizin mesleki yetkinliklerini g\u00fc\u00e7lendirmek ve \u00f6\u011frenci odakl\u0131 hizmet anlay\u0131\u015f\u0131m\u0131z\u0131 daha da ileri ta\u015f\u0131mak.<\/div>\n<\/div>\n<div class=\"x14z9mp xat24cr x1lziwak x1vvkbs xtlvy1s x126k92a\">\n<div dir=\"auto\">Gen\u00e7lerimizin gelece\u011fine dokunan her alanda oldu\u011fu gibi, yurtlar\u0131m\u0131zda sunulan hizmetlerin kalitesini art\u0131rmak i\u00e7in e\u011fitim \u00e7al\u0131\u015fmalar\u0131m\u0131z\u0131 s\u00fcrd\u00fcr\u00fcyoruz.&#8221; denildi.<\/div>\n<\/div>\n","protected":false},"excerpt":{"rendered":"<p>Mersin Gen\u00e7lik ve Spor \u0130l M\u00fcd\u00fcrl\u00fc\u011f\u00fc taraf\u0131ndan, yurtlarda g\u00f6rev yapan personellerin mesleki bilgi ve becerilerini geli\u015ftirmek, gen\u00e7lere sunulan hizmetlerin niteli\u011fini art\u0131rmak ve farkl\u0131 durumlara daha etkin \u015fekilde haz\u0131rlanmalar\u0131n\u0131 sa\u011flamak amac\u0131yla \u201cYurt Y\u00f6netim Personeli Geli\u015fim E\u011fitimi\u201d d\u00fczenlendi. Mersin K\u0131z \u00d6\u011frenci Yurdu Konferans Salonu\u2019nda 31 A\u011fustos \u2013 1 Eyl\u00fcl 2026 tarihleri aras\u0131nda ger\u00e7ekle\u015ftirilen e\u011fitim program\u0131, Mersin Gen\u00e7lik [&hellip;]<\/p>\n","protected":false},"author":2,"featured_media":142461,"comment_status":"open","ping_status":"open","sticky":false,"template":"","format":"standard","meta":{"footnotes":""},"categories":[1],"tags":[],"class_list":["post-142460","post","type-post","status-publish","format-standard","has-post-thumbnail","hentry","category-gundem"],"views":200,"_links":{"self":[{"href":"https:\/\/mersingazetesi.com\/index.php\/wp-json\/wp\/v2\/posts\/142460","targetHints":{"allow":["GET"]}}],"collection":[{"href":"https:\/\/mersingazetesi.com\/index.php\/wp-json\/wp\/v2\/posts"}],"about":[{"href":"https:\/\/mersingazetesi.com\/index.php\/wp-json\/wp\/v2\/types\/post"}],"author":[{"embeddable":true,"href":"https:\/\/mersingazetesi.com\/index.php\/wp-json\/wp\/v2\/users\/2"}],"replies":[{"embeddable":true,"href":"https:\/\/mersingazetesi.com\/index.php\/wp-json\/wp\/v2\/comments?post=142460"}],"version-history":[{"count":2,"href":"https:\/\/mersingazetesi.com\/index.php\/wp-json\/wp\/v2\/posts\/142460\/revisions"}],"predecessor-version":[{"id":142463,"href":"https:\/\/mersingazetesi.com\/index.php\/wp-json\/wp\/v2\/posts\/142460\/revisions\/142463"}],"wp:featuredmedia":[{"embeddable":true,"href":"https:\/\/mersingazetesi.com\/index.php\/wp-json\/wp\/v2\/media\/142461"}],"wp:attachment":[{"href":"https:\/\/mersingazetesi.com\/index.php\/wp-json\/wp\/v2\/media?parent=142460"}],"wp:term":[{"taxonomy":"category","embeddable":true,"href":"https:\/\/mersingazetesi.com\/index.php\/wp-json\/wp\/v2\/categories?post=142460"},{"taxonomy":"post_tag","embeddable":true,"href":"https:\/\/mersingazetesi.com\/index.php\/wp-json\/wp\/v2\/tags?post=142460"}],"curies":[{"name":"wp","href":"https:\/\/api.w.org\/{rel}","templated":true}]}}