{"id":142437,"date":"2026-09-01T18:15:21","date_gmt":"2026-09-01T15:15:21","guid":{"rendered":"https:\/\/mersingazetesi.com\/?p=142437"},"modified":"2026-09-01T18:15:21","modified_gmt":"2026-09-01T15:15:21","slug":"anamurda-adli-yil-acilis-toreni","status":"publish","type":"post","link":"https:\/\/mersingazetesi.com\/index.php\/2026\/09\/01\/anamurda-adli-yil-acilis-toreni\/","title":{"rendered":"Anamur\u2019da adli y\u0131l a\u00e7\u0131l\u0131\u015f t\u00f6reni"},"content":{"rendered":"<p>Anamur Cumhuriyet Ba\u015fsavc\u0131s\u0131 Tanju \u00c7atl\u0131, adli y\u0131l a\u00e7\u0131l\u0131\u015f t\u00f6reninde yapt\u0131\u011f\u0131 konu\u015fmada, &#8220;Maddi ger\u00e7e\u011fin pe\u015finde, adaletin yan\u0131nda ve gecikmeyen yarg\u0131n\u0131n hizmetinde olmak temel ilkemizdir&#8221; dedi.<br \/>\nMersin&#8217;in Anamur il\u00e7esinde adli y\u0131l a\u00e7\u0131l\u0131\u015f\u0131 nedeniyle t\u00f6ren d\u00fczenlendi. Anamur Cumhuriyet Ba\u015fsavc\u0131s\u0131 Tanju \u00c7atl\u0131, t\u00f6rende yapt\u0131\u011f\u0131 konu\u015fmada, gecikmeyen yarg\u0131 ilkesinin vazge\u00e7ilmez oldu\u011funu vurgulayarak Adalet Bakan\u0131 Ak\u0131n G\u00fcrlek\u2019in vizyonuyla hayata ge\u00e7irilen Yarg\u0131n\u0131n Etkinli\u011fi B\u00fcrosunun, dosya birikiminin \u00f6nlenmesi ve yarg\u0131 s\u00fcre\u00e7lerinin h\u0131zland\u0131r\u0131lmas\u0131 a\u00e7\u0131s\u0131ndan kritik \u00f6neme sahip oldu\u011funu s\u00f6yledi.<br \/>\nYeni adli y\u0131la de\u011finen \u00c7atl\u0131, gecikmeyen yarg\u0131y\u0131 t\u00fcm s\u00fcre\u00e7lerin merkezine koyacaklar\u0131n\u0131, dosya y\u00fck\u00fcn\u00fc azaltacak uygulamalar\u0131 g\u00fc\u00e7lendireceklerini, hukukun \u00fcst\u00fcnl\u00fc\u011f\u00fc ve yarg\u0131 ba\u011f\u0131ms\u0131zl\u0131\u011f\u0131n\u0131 tavizsiz koruyacaklar\u0131n\u0131 kaydetti. \u00c7atl\u0131, &#8220;Maddi ger\u00e7e\u011fin pe\u015finde, adaletin yan\u0131nda ve gecikmeyen yarg\u0131n\u0131n hizmetinde olmak temel ilkemizdir&#8221; dedi.<br \/>\nAdalet u\u011fruna hayat\u0131n\u0131 kaybeden yarg\u0131 mensuplar\u0131n\u0131n da an\u0131ld\u0131\u011f\u0131 programda, Adalet Komisyonu Ba\u015fkan\u0131 S\u00fcreyya Topalo\u011flu ve Baro Temsilcisi Ali Kaan Do\u011fan da konu\u015fma yapt\u0131.<br \/>\nAnamur Adliyesinde d\u00fczenlenen t\u00f6rende \u0130l\u00e7e Kaymakam\u0131 Kemal Duru, Garnizon Komutan\u0131 Albay Serhan G\u00fcng\u00f6r, Adalet Komisyonu Ba\u015fkan\u0131 S\u00fcreyya Topalo\u011flu, hakimler, cumhuriyet savc\u0131lar\u0131, avukatlar ve adliye personelleri yer ald\u0131.<\/p>\n","protected":false},"excerpt":{"rendered":"<p>Anamur Cumhuriyet Ba\u015fsavc\u0131s\u0131 Tanju \u00c7atl\u0131, adli y\u0131l a\u00e7\u0131l\u0131\u015f t\u00f6reninde yapt\u0131\u011f\u0131 konu\u015fmada, &#8220;Maddi ger\u00e7e\u011fin pe\u015finde, adaletin yan\u0131nda ve gecikmeyen yarg\u0131n\u0131n hizmetinde olmak temel ilkemizdir&#8221; dedi. Mersin&#8217;in Anamur il\u00e7esinde adli y\u0131l a\u00e7\u0131l\u0131\u015f\u0131 nedeniyle t\u00f6ren d\u00fczenlendi. Anamur Cumhuriyet Ba\u015fsavc\u0131s\u0131 Tanju \u00c7atl\u0131, t\u00f6rende yapt\u0131\u011f\u0131 konu\u015fmada, gecikmeyen yarg\u0131 ilkesinin vazge\u00e7ilmez oldu\u011funu vurgulayarak Adalet Bakan\u0131 Ak\u0131n G\u00fcrlek\u2019in vizyonuyla hayata ge\u00e7irilen Yarg\u0131n\u0131n [&hellip;]<\/p>\n","protected":false},"author":2,"featured_media":142438,"comment_status":"open","ping_status":"open","sticky":false,"template":"","format":"standard","meta":{"footnotes":""},"categories":[1],"tags":[],"class_list":["post-142437","post","type-post","status-publish","format-standard","has-post-thumbnail","hentry","category-gundem"],"views":59,"_links":{"self":[{"href":"https:\/\/mersingazetesi.com\/index.php\/wp-json\/wp\/v2\/posts\/142437","targetHints":{"allow":["GET"]}}],"collection":[{"href":"https:\/\/mersingazetesi.com\/index.php\/wp-json\/wp\/v2\/posts"}],"about":[{"href":"https:\/\/mersingazetesi.com\/index.php\/wp-json\/wp\/v2\/types\/post"}],"author":[{"embeddable":true,"href":"https:\/\/mersingazetesi.com\/index.php\/wp-json\/wp\/v2\/users\/2"}],"replies":[{"embeddable":true,"href":"https:\/\/mersingazetesi.com\/index.php\/wp-json\/wp\/v2\/comments?post=142437"}],"version-history":[{"count":1,"href":"https:\/\/mersingazetesi.com\/index.php\/wp-json\/wp\/v2\/posts\/142437\/revisions"}],"predecessor-version":[{"id":142439,"href":"https:\/\/mersingazetesi.com\/index.php\/wp-json\/wp\/v2\/posts\/142437\/revisions\/142439"}],"wp:featuredmedia":[{"embeddable":true,"href":"https:\/\/mersingazetesi.com\/index.php\/wp-json\/wp\/v2\/media\/142438"}],"wp:attachment":[{"href":"https:\/\/mersingazetesi.com\/index.php\/wp-json\/wp\/v2\/media?parent=142437"}],"wp:term":[{"taxonomy":"category","embeddable":true,"href":"https:\/\/mersingazetesi.com\/index.php\/wp-json\/wp\/v2\/categories?post=142437"},{"taxonomy":"post_tag","embeddable":true,"href":"https:\/\/mersingazetesi.com\/index.php\/wp-json\/wp\/v2\/tags?post=142437"}],"curies":[{"name":"wp","href":"https:\/\/api.w.org\/{rel}","templated":true}]}}