{"id":142434,"date":"2026-09-01T18:14:46","date_gmt":"2026-09-01T15:14:46","guid":{"rendered":"https:\/\/mersingazetesi.com\/?p=142434"},"modified":"2026-09-01T18:14:46","modified_gmt":"2026-09-01T15:14:46","slug":"feribot-faciasinda-hayatini-kaybeden-uzman-cavusun-naasi-mersine-getirildi","status":"publish","type":"post","link":"https:\/\/mersingazetesi.com\/index.php\/2026\/09\/01\/feribot-faciasinda-hayatini-kaybeden-uzman-cavusun-naasi-mersine-getirildi\/","title":{"rendered":"Feribot facias\u0131nda hayat\u0131n\u0131 kaybeden uzman \u00e7avu\u015fun naa\u015f\u0131 Mersin&#8217;e getirildi"},"content":{"rendered":"<p>Kuzey K\u0131br\u0131s T\u00fcrk Cumhuriyeti&#8217;nin (KKTC) Girne kenti a\u00e7\u0131klar\u0131nda batan Filo Jet isimli yolcu feribotunda hayat\u0131n\u0131 kaybeden Uzman \u00c7avu\u015f Fahri Ate\u015f&#8217;in naa\u015f\u0131 memleketi Mersin&#8217;in Erdemli il\u00e7esine getirildi.<br \/>\nGirne-Ta\u015fucu seferini yapan Filo Jet isimli feribot, 30 A\u011fustos&#8217;ta Girne Liman\u0131&#8217;ndan ayr\u0131ld\u0131ktan k\u0131sa s\u00fcre sonra su alarak alabora oldu. 8 ki\u015finin hayat\u0131n\u0131 kaybetti\u011fi olayda kay\u0131p 20 ki\u015fiyi arama \u00e7al\u0131\u015fmalar\u0131 s\u00fcrerken, gemi facias\u0131nda \u00f6lenlerin naa\u015f\u0131 da memleketlerine g\u00f6nderildi.<br \/>\nMersin&#8217;in Erdemli il\u00e7esine ba\u011fl\u0131 \u00c7er\u00e7ili Mahallesi&#8217;nden olan ve gemide e\u015fi ve \u00e7ocu\u011fu ile bulunan Uzman \u00c7avu\u015f Fahri Ate\u015f&#8217;in de hayat\u0131n\u0131 kaybedenler aras\u0131nda oldu\u011fu \u00f6\u011frenildi. Ate\u015f&#8217;in naa\u015f\u0131 bug\u00fcn u\u00e7akla \u00c7ukurova Uluslararas\u0131 Havaliman\u0131na, oradan da Erdemli il\u00e7esine karayoluyla getirildi. Ate\u015f&#8217;in cenazesi, Erdemli Devlet Hastanesi morguna al\u0131nd\u0131. Ate\u015f&#8217;in e\u015fi Ay\u00e7a Ate\u015f, ailesi ve yak\u0131nlar\u0131 g\u00f6zya\u015flar\u0131 d\u00f6kt\u00fc. Ate\u015f&#8217;in cenazesinin yar\u0131n \u00c7er\u00e7ili Mahallesi&#8217;nde d\u00fczenlenecek t\u00f6renin ard\u0131ndan son yolculu\u011funa u\u011furlanaca\u011f\u0131 \u00f6\u011frenildi.<br \/>\n\u00d6te yandan, Uzman \u00c7avu\u015f Ate\u015f&#8217;in e\u015fi ve \u00e7ocu\u011funu g\u00fcverteye \u00e7\u0131kartt\u0131ktan sonra can yele\u011fi bulmak i\u00e7in tekrar feribotun i\u00e7erisine girmesi sonras\u0131nda hayat\u0131n\u0131 kaybetti\u011fi ileri s\u00fcr\u00fcld\u00fc.<\/p>\n","protected":false},"excerpt":{"rendered":"<p>Kuzey K\u0131br\u0131s T\u00fcrk Cumhuriyeti&#8217;nin (KKTC) Girne kenti a\u00e7\u0131klar\u0131nda batan Filo Jet isimli yolcu feribotunda hayat\u0131n\u0131 kaybeden Uzman \u00c7avu\u015f Fahri Ate\u015f&#8217;in naa\u015f\u0131 memleketi Mersin&#8217;in Erdemli il\u00e7esine getirildi. Girne-Ta\u015fucu seferini yapan Filo Jet isimli feribot, 30 A\u011fustos&#8217;ta Girne Liman\u0131&#8217;ndan ayr\u0131ld\u0131ktan k\u0131sa s\u00fcre sonra su alarak alabora oldu. 8 ki\u015finin hayat\u0131n\u0131 kaybetti\u011fi olayda kay\u0131p 20 ki\u015fiyi arama \u00e7al\u0131\u015fmalar\u0131 [&hellip;]<\/p>\n","protected":false},"author":2,"featured_media":142435,"comment_status":"open","ping_status":"open","sticky":false,"template":"","format":"standard","meta":{"footnotes":""},"categories":[1],"tags":[],"class_list":["post-142434","post","type-post","status-publish","format-standard","has-post-thumbnail","hentry","category-gundem"],"views":67,"_links":{"self":[{"href":"https:\/\/mersingazetesi.com\/index.php\/wp-json\/wp\/v2\/posts\/142434","targetHints":{"allow":["GET"]}}],"collection":[{"href":"https:\/\/mersingazetesi.com\/index.php\/wp-json\/wp\/v2\/posts"}],"about":[{"href":"https:\/\/mersingazetesi.com\/index.php\/wp-json\/wp\/v2\/types\/post"}],"author":[{"embeddable":true,"href":"https:\/\/mersingazetesi.com\/index.php\/wp-json\/wp\/v2\/users\/2"}],"replies":[{"embeddable":true,"href":"https:\/\/mersingazetesi.com\/index.php\/wp-json\/wp\/v2\/comments?post=142434"}],"version-history":[{"count":1,"href":"https:\/\/mersingazetesi.com\/index.php\/wp-json\/wp\/v2\/posts\/142434\/revisions"}],"predecessor-version":[{"id":142436,"href":"https:\/\/mersingazetesi.com\/index.php\/wp-json\/wp\/v2\/posts\/142434\/revisions\/142436"}],"wp:featuredmedia":[{"embeddable":true,"href":"https:\/\/mersingazetesi.com\/index.php\/wp-json\/wp\/v2\/media\/142435"}],"wp:attachment":[{"href":"https:\/\/mersingazetesi.com\/index.php\/wp-json\/wp\/v2\/media?parent=142434"}],"wp:term":[{"taxonomy":"category","embeddable":true,"href":"https:\/\/mersingazetesi.com\/index.php\/wp-json\/wp\/v2\/categories?post=142434"},{"taxonomy":"post_tag","embeddable":true,"href":"https:\/\/mersingazetesi.com\/index.php\/wp-json\/wp\/v2\/tags?post=142434"}],"curies":[{"name":"wp","href":"https:\/\/api.w.org\/{rel}","templated":true}]}}