{"id":142431,"date":"2026-09-01T17:50:49","date_gmt":"2026-09-01T14:50:49","guid":{"rendered":"https:\/\/mersingazetesi.com\/?p=142431"},"modified":"2026-09-01T17:50:49","modified_gmt":"2026-09-01T14:50:49","slug":"tarsus-belediye-meclisi-eylul-ayi-olagan-toplantisi-gerceklestirildi","status":"publish","type":"post","link":"https:\/\/mersingazetesi.com\/index.php\/2026\/09\/01\/tarsus-belediye-meclisi-eylul-ayi-olagan-toplantisi-gerceklestirildi\/","title":{"rendered":"TARSUS BELED\u0130YE MECL\u0130S\u0130 EYL\u00dcL AYI OLA\u011eAN TOPLANTISI GER\u00c7EKLE\u015eT\u0130R\u0130LD\u0130"},"content":{"rendered":"<p>Tarsus Belediye Meclisi Eyl\u00fcl Ay\u0131 Ola\u011fan Toplant\u0131s\u0131, Tarsus Belediye Ba\u015fkan\u0131 Ali Bolta\u00e7 ba\u015fkanl\u0131\u011f\u0131nda ger\u00e7ekle\u015ftirildi. Toplant\u0131da; k\u00fc\u00e7\u00fck \u00fcreticilere y\u00f6nelik zirai dron hizmetinden evsel kat\u0131 at\u0131k tarifesine, Tarsus \u00c7ift\u00e7i E\u011fitim Merkezi\u2019nin (TAR\u00c7EM) isimlendirilmesinden \u015eehit F\u0131rat Y\u0131lmaz \u00c7ak\u0131ro\u011flu\u2019nun ad\u0131n\u0131n okuma salonuna verilmesine kadar kenti ilgilendiren \u00f6nemli g\u00fcndem maddeleri g\u00f6r\u00fc\u015f\u00fcld\u00fc.<\/p>\n<p>&nbsp;<\/p>\n<p><strong>YAVUZ SULTAN SEL\u0130M CAM\u0130 \u0130\u00c7\u0130N GE\u00c7\u0130C\u0130 TAHS\u0130S<\/strong><\/p>\n<p>&nbsp;<\/p>\n<p>An\u0131t Mahallesi&#8217;nde Emine Bora Sitesi yan\u0131nda bulunan Yavuz Sultan Selim Cami\u2019nin, Kahramanmara\u015f merkezli depremler nedeniyle ihtiya\u00e7 duydu\u011fu bak\u0131m, onar\u0131m ve tamirat \u00e7al\u0131\u015fmalar\u0131n\u0131n yap\u0131labilmesi amac\u0131yla 2 y\u0131l s\u00fcreyle ge\u00e7ici tahsis edilmesi konusunda Ba\u015fkan Ali Bolta\u00e7\u2019a yetki verildi.<\/p>\n<p>&nbsp;<\/p>\n<p>\u0130l\u00e7e M\u00fcft\u00fcl\u00fc\u011f\u00fc taraf\u0131ndan iletilen talep do\u011frultusunda al\u0131nan kararla caminin ihtiya\u00e7lar\u0131n\u0131n giderilmesinin \u00f6n\u00fc a\u00e7\u0131l\u0131rken, Ba\u015fkan Ali Bolta\u00e7 ilerleyen s\u00fcre\u00e7te gerekli \u00f6denek ve kaynaklar\u0131n sa\u011flanmas\u0131 halinde kal\u0131c\u0131 tahsis konusunda da el birli\u011fiyle \u00e7al\u0131\u015fma y\u00fcr\u00fct\u00fclece\u011fini ifade etti.<\/p>\n<p>&nbsp;<\/p>\n<p><strong>EVSEL KATI ATIK TAR\u0130FES\u0130NDE F\u0130YAT FARKI OLMAYACAK<\/strong><\/p>\n<p>&nbsp;<\/p>\n<p>Evsel Kat\u0131 At\u0131k Tarife \u00dccreti de meclis g\u00fcndeminde g\u00f6r\u00fc\u015f\u00fcld\u00fc. Ba\u015fkan Ali Bolta\u00e7, ge\u00e7en y\u0131l oldu\u011fu gibi bu y\u0131l da fiyat fark\u0131 olu\u015fmas\u0131n\u0131 istemediklerini belirtti. Yap\u0131lan de\u011ferlendirmelerin ard\u0131ndan tarifenin ge\u00e7en y\u0131l uygulanan haliyle de\u011ferlendirilmesi y\u00f6n\u00fcnde karar al\u0131nd\u0131.<\/p>\n<p>&nbsp;<\/p>\n<p><strong>\u015eEH\u0130T FIRAT YILMAZ \u00c7AKIRO\u011eLU\u2019NUN \u0130SM\u0130 OKUMA SALONUNDA YA\u015eATILACAK<\/strong><\/p>\n<p>&nbsp;<\/p>\n<p>Komisyonlardan gelen evraklar kapsam\u0131nda, Atat\u00fcrk Mahallesi \u00dcmit Ya\u015far O\u011fuzcan Bulvar\u0131 \u00fczerinde bulunan okuma salonuna \u201c\u015eehit F\u0131rat Y\u0131lmaz \u00c7ak\u0131ro\u011flu\u201d isminin verilmesi konusu g\u00f6r\u00fc\u015f\u00fcld\u00fc. \u00d6neri, mecliste yap\u0131lan oylamayla kabul edildi.<\/p>\n<p>&nbsp;<\/p>\n<p>Ba\u015fkan Ali Bolta\u00e7, s\u00f6z konusu karar\u0131n 2016 y\u0131l\u0131nda al\u0131nabilecek durumda olmas\u0131na ra\u011fmen o d\u00f6nem al\u0131nmad\u0131\u011f\u0131n\u0131 belirterek, 2026 y\u0131l\u0131nda meclisin ortak iradesiyle hayata ge\u00e7irildi\u011fini vurgulad\u0131. \u015eehit F\u0131rat Y\u0131lmaz \u00c7ak\u0131ro\u011flu\u2019nun isminin bir yerden kald\u0131r\u0131larak ba\u015fka bir yere verildi\u011fi y\u00f6n\u00fcndeki iddialara da a\u00e7\u0131kl\u0131k getiren Ba\u015fkan Ali Bolta\u00e7, b\u00f6yle bir durumun s\u00f6z konusu olmad\u0131\u011f\u0131n\u0131 ifade etti.<\/p>\n<p>&nbsp;<\/p>\n<p>Ba\u015fkan Ali Bolta\u00e7, \u201cBug\u00fcn al\u0131nan kararla birlikte \u015fehidimizin ismini Atat\u00fcrk Mahallesi \u00dcmit Ya\u015far O\u011fuzcan Bulvar\u0131\u2019nda bulunan okuma salonuna verdik. Bu meclis verdi bu karar\u0131. Te\u015fekk\u00fcr ediyorum. S\u0131rr\u0131 S\u00fcreyya \u00d6nder Okuma Salonu nas\u0131l oy birli\u011fi ile isimlendirildiyse, ayn\u0131 \u015fekilde \u015fehidimizin de ismini verdik. Bu Tarsus\u2019un kazan\u0131m\u0131d\u0131r.\u201d dedi.<\/p>\n<p>&nbsp;<\/p>\n<p><strong>TAR\u00c7EM \u0130SM\u0130 MECL\u0130STE KABUL ED\u0130LD\u0130<\/strong><\/p>\n<p>&nbsp;<\/p>\n<p>Hidroponik \u00c7ilek Seras\u0131 ve T\u0131bbi Aromatik Bitki Distilasyon Tesisi\u2019nin yer ald\u0131\u011f\u0131 alana \u201cTarsus \u00c7ift\u00e7i E\u011fitim Merkezi &#8211; TAR\u00c7EM\u201d isminin verilmesi de g\u00f6r\u00fc\u015f\u00fcld\u00fc.<\/p>\n<p>&nbsp;<\/p>\n<p>Ba\u015fkan Ali Bolta\u00e7, TAR\u00c7EM isminin tesise yak\u0131\u015ft\u0131\u011f\u0131n\u0131 belirterek, merkezin \u00f6zellikle kad\u0131nlar olmak \u00fczere bir\u00e7ok vatanda\u015f\u0131n faydalanabilece\u011fi, e\u011fitim ve \u00fcretim alan\u0131nda katk\u0131 sunacak bir merkez olaca\u011f\u0131n\u0131 ifade etti.<\/p>\n<p>&nbsp;<\/p>\n<p><strong>K\u00dc\u00c7\u00dcK \u00dcRET\u0130C\u0130YE Z\u0130RA\u0130 DRON DESTE\u011e\u0130<\/strong><\/p>\n<p>&nbsp;<\/p>\n<p>Tarsus Belediyesi Tar\u0131msal Hizmetler M\u00fcd\u00fcrl\u00fc\u011f\u00fc b\u00fcnyesinde bulunan zirai dronun \u00fcreticilerin hizmetine sunulmas\u0131na ili\u015fkin uygulama da meclis g\u00fcndeminde yer ald\u0131. \u00d6zellikle 50 dekar\u0131n alt\u0131nda \u00fcretim yapan k\u00fc\u00e7\u00fck \u00e7ift\u00e7ilerin hizmetten faydalanmas\u0131na \u00f6nem verilece\u011fi belirtildi.<\/p>\n<p>&nbsp;<\/p>\n<p>Ba\u015fkan Ali Bolta\u00e7, zirai dron hizmetinin k\u00fc\u00e7\u00fck \u00fcreticinin y\u00fck\u00fcn\u00fc hafifletmesi gerekti\u011fini belirterek, dar gelirli vatanda\u015flar\u0131n bu hizmetten m\u00fcmk\u00fcn olan en ekonomik ko\u015fullarda yararlanmas\u0131n\u0131 istediklerini s\u00f6yledi. Fiyatlarda daha fazla indirim yap\u0131lmas\u0131 gerekti\u011fini ifade eden Ba\u015fkan Ali Bolta\u00e7, tarifelerin 2027 y\u0131l\u0131 b\u00fct\u00e7e g\u00f6r\u00fc\u015fmelerinde yeniden de\u011ferlendirilebilece\u011fini belirtti.<\/p>\n<p>&nbsp;<\/p>\n<p><strong>VATANDA\u015eIN TALEB\u0130 KOM\u0130SYONA SEVK ED\u0130LD\u0130<\/strong><\/p>\n<p>&nbsp;<\/p>\n<p>Belediye hizmet alan\u0131 ve sosyo-k\u00fclt\u00fcrel tesis alan\u0131 olarak belirlenen bir ta\u015f\u0131nmaza ili\u015fkin vatanda\u015f\u0131n kamula\u015ft\u0131rma talebi meclis g\u00fcndemine geldi. Ta\u015f\u0131nmaz\u0131n bedelinin y\u00fcksek olmas\u0131 nedeniyle trampa veya takas y\u00f6ntemiyle de\u011ferlendirilmesi \u00f6nerilen konu, ilgili komisyonlara sevk edildi.<\/p>\n<p>&nbsp;<\/p>\n<p><strong>TARSUSLU SPORCUDAN B\u00dcY\u00dcK BA\u015eARI<\/strong><\/p>\n<p>&nbsp;<\/p>\n<p>Tarsus Gelecek Spor Kul\u00fcb\u00fc sporcusu Furkan Emre Kara\u2019n\u0131n da ba\u015far\u0131lar\u0131 mecliste payla\u015f\u0131ld\u0131. D\u00f6rt y\u0131ld\u0131r kul\u00fcb\u00fcn sporcusu olan Kara\u2019n\u0131n son iki y\u0131lda \u00fc\u00e7 kez \u00fcst \u00fcste T\u00fcrkiye \u015eampiyonu oldu\u011fu, Avrupa standartlar\u0131nda elit seviyeye ula\u015ft\u0131\u011f\u0131 ve atletizmde kendi kategorisinde t\u00fcm zamanlar\u0131n en h\u0131zl\u0131s\u0131 olarak tarihe ge\u00e7ti\u011fi belirtildi.<\/p>\n<p>&nbsp;<\/p>\n<p><strong>TARSUS BELED\u0130YES\u0130\u2019N\u0130N ARA\u00c7 F\u0130LOSUNA YEN\u0130 GREYDER<\/strong><\/p>\n<p>&nbsp;<\/p>\n<p>Tarsus Belediyesi\u2019nin ara\u00e7 envanterine yeni bir greyder daha kazand\u0131r\u0131ld\u0131. Ba\u015fkan Ali Bolta\u00e7, arac\u0131n Tarsus\u2019a kazand\u0131r\u0131lmas\u0131ndaki katk\u0131lar\u0131ndan dolay\u0131 Mersin B\u00fcy\u00fck\u015fehir Belediye Ba\u015fkan\u0131 ve T\u00fcrkiye Belediyeler Birli\u011fi Ba\u015fkan\u0131 Vahap Se\u00e7er\u2019e te\u015fekk\u00fcr etti.<\/p>\n<p>&nbsp;<\/p>\n<p>Yeni greyderin Tarsus\u2019un farkl\u0131 mahallelerinde, arazilerinde ve yollar\u0131nda y\u00fcr\u00fct\u00fclecek \u00e7al\u0131\u015fmalara katk\u0131 sa\u011flayaca\u011f\u0131n\u0131 belirten Ba\u015fkan Ali Bolta\u00e7, B\u00fcy\u00fck\u015fehir Belediyesi ve T\u00fcrkiye Belediyeler Birli\u011fi ile uyum i\u00e7erisinde \u00e7al\u0131\u015fmaya devam edeceklerini ifade etti.<\/p>\n<p>&nbsp;<\/p>\n<p>Ba\u015fkan Ali Bolta\u00e7, \u201cUyumla, huzurla ve memnuniyetle \u00e7al\u0131\u015faca\u011f\u0131z. \u00c7al\u0131\u015fmaya devam edece\u011fiz. Vatanda\u015f bizden hizmet bekler. Allah i\u00e7in, millet i\u00e7in elimizden gelenin de\u011fil, gere\u011fini yapaca\u011f\u0131z.\u201d dedi.<\/p>\n<p>&nbsp;<\/p>\n<p>Ba\u015fkan Ali Bolta\u00e7, Tarsus\u2019a hizmet noktas\u0131nda meclis \u00fcyeleriyle birlikte \u00e7al\u0131\u015fmaya devam edeceklerini belirterek, toplant\u0131da al\u0131nan kararlar\u0131n Tarsus\u2019a hay\u0131rl\u0131 olmas\u0131n\u0131 temenni etti.<\/p>\n","protected":false},"excerpt":{"rendered":"<p>Tarsus Belediye Meclisi Eyl\u00fcl Ay\u0131 Ola\u011fan Toplant\u0131s\u0131, Tarsus Belediye Ba\u015fkan\u0131 Ali Bolta\u00e7 ba\u015fkanl\u0131\u011f\u0131nda ger\u00e7ekle\u015ftirildi. Toplant\u0131da; k\u00fc\u00e7\u00fck \u00fcreticilere y\u00f6nelik zirai dron hizmetinden evsel kat\u0131 at\u0131k tarifesine, Tarsus \u00c7ift\u00e7i E\u011fitim Merkezi\u2019nin (TAR\u00c7EM) isimlendirilmesinden \u015eehit F\u0131rat Y\u0131lmaz \u00c7ak\u0131ro\u011flu\u2019nun ad\u0131n\u0131n okuma salonuna verilmesine kadar kenti ilgilendiren \u00f6nemli g\u00fcndem maddeleri g\u00f6r\u00fc\u015f\u00fcld\u00fc. &nbsp; YAVUZ SULTAN SEL\u0130M CAM\u0130 \u0130\u00c7\u0130N GE\u00c7\u0130C\u0130 TAHS\u0130S &nbsp; [&hellip;]<\/p>\n","protected":false},"author":2,"featured_media":142432,"comment_status":"open","ping_status":"open","sticky":false,"template":"","format":"standard","meta":{"footnotes":""},"categories":[1],"tags":[],"class_list":["post-142431","post","type-post","status-publish","format-standard","has-post-thumbnail","hentry","category-gundem"],"views":64,"_links":{"self":[{"href":"https:\/\/mersingazetesi.com\/index.php\/wp-json\/wp\/v2\/posts\/142431","targetHints":{"allow":["GET"]}}],"collection":[{"href":"https:\/\/mersingazetesi.com\/index.php\/wp-json\/wp\/v2\/posts"}],"about":[{"href":"https:\/\/mersingazetesi.com\/index.php\/wp-json\/wp\/v2\/types\/post"}],"author":[{"embeddable":true,"href":"https:\/\/mersingazetesi.com\/index.php\/wp-json\/wp\/v2\/users\/2"}],"replies":[{"embeddable":true,"href":"https:\/\/mersingazetesi.com\/index.php\/wp-json\/wp\/v2\/comments?post=142431"}],"version-history":[{"count":1,"href":"https:\/\/mersingazetesi.com\/index.php\/wp-json\/wp\/v2\/posts\/142431\/revisions"}],"predecessor-version":[{"id":142433,"href":"https:\/\/mersingazetesi.com\/index.php\/wp-json\/wp\/v2\/posts\/142431\/revisions\/142433"}],"wp:featuredmedia":[{"embeddable":true,"href":"https:\/\/mersingazetesi.com\/index.php\/wp-json\/wp\/v2\/media\/142432"}],"wp:attachment":[{"href":"https:\/\/mersingazetesi.com\/index.php\/wp-json\/wp\/v2\/media?parent=142431"}],"wp:term":[{"taxonomy":"category","embeddable":true,"href":"https:\/\/mersingazetesi.com\/index.php\/wp-json\/wp\/v2\/categories?post=142431"},{"taxonomy":"post_tag","embeddable":true,"href":"https:\/\/mersingazetesi.com\/index.php\/wp-json\/wp\/v2\/tags?post=142431"}],"curies":[{"name":"wp","href":"https:\/\/api.w.org\/{rel}","templated":true}]}}