{"id":142415,"date":"2026-09-01T17:00:18","date_gmt":"2026-09-01T14:00:18","guid":{"rendered":"https:\/\/mersingazetesi.com\/?p=142415"},"modified":"2026-09-01T17:00:18","modified_gmt":"2026-09-01T14:00:18","slug":"gemi-faciasinda-hayatini-kaybeden-reyhan-verim-mersinde-topraga-verildi","status":"publish","type":"post","link":"https:\/\/mersingazetesi.com\/index.php\/2026\/09\/01\/gemi-faciasinda-hayatini-kaybeden-reyhan-verim-mersinde-topraga-verildi\/","title":{"rendered":"Gemi facias\u0131nda hayat\u0131n\u0131 kaybeden Reyhan Verim Mersin&#8217;de topra\u011fa verildi"},"content":{"rendered":"<p>Kuzey K\u0131br\u0131s T\u00fcrk Cumhuriyeti\u2019nin (KKTC) Girne kenti a\u00e7\u0131klar\u0131nda meydana gelen feribot facias\u0131nda hayat\u0131n\u0131 kaybeden Reyhan Verim (55), sevenlerinin g\u00f6zya\u015flar\u0131 aras\u0131nda memleketi\u00a0<strong class=\"searchword\">Mersin<\/strong>&#8216;de topra\u011fa verildi.<br \/>\nGirne\u2019den\u00a0<strong class=\"searchword\">Mersin<\/strong>\u2019in Ta\u015fucu Liman\u0131\u2019na seyir halindeyken alabora olan yolcu gemisinde hayat\u0131n\u0131 kaybeden Reyhan Verim&#8217;in cenazesi, i\u015flemlerin tamamlanmas\u0131n\u0131n ard\u0131ndan d\u00fcn ak\u015fam saatlerinde u\u00e7akla \u00c7ukurova Uluslararas\u0131 Havaliman\u0131na, oradan da Toroslar il\u00e7esinde bulunan \u015eehir Mezarl\u0131\u011f\u0131 morguna getirildi.<br \/>\nReyhan Verim i\u00e7in bug\u00fcn \u015eehir Mezarl\u0131\u011f\u0131nda t\u00f6ren d\u00fczenlendi. T\u00f6rene Verim&#8217;in yak\u0131nlar\u0131n\u0131n yan\u0131 s\u0131ra, Vali Atilla Toros, \u0130l Emniyet M\u00fcd\u00fcr\u00fc Fahri Akta\u015f ve baz\u0131 siyasi parti temsilcileri ile \u00e7ok say\u0131da vatanda\u015f kat\u0131ld\u0131. Verim&#8217;in ye\u011feni Mert Baykal&#8217;\u0131n cenaze namaz\u0131 s\u0131ras\u0131nda g\u00f6zya\u015flar\u0131n\u0131 tutamad\u0131\u011f\u0131 g\u00f6r\u00fcld\u00fc.<br \/>\nReyhan Verim&#8217;in, k\u0131z karde\u015fi Seyran Kahveci, kuzenleri Oya Oru\u00e7 ve Ayda Arkal\u0131 ile birlikte tatil i\u00e7in K\u0131br\u0131s&#8217;a gittikleri, d\u00f6n\u00fc\u015f yolunda feribot kazas\u0131na yakaland\u0131klar\u0131 belirtildi.<\/p>\n","protected":false},"excerpt":{"rendered":"<p>Kuzey K\u0131br\u0131s T\u00fcrk Cumhuriyeti\u2019nin (KKTC) Girne kenti a\u00e7\u0131klar\u0131nda meydana gelen feribot facias\u0131nda hayat\u0131n\u0131 kaybeden Reyhan Verim (55), sevenlerinin g\u00f6zya\u015flar\u0131 aras\u0131nda memleketi\u00a0Mersin&#8216;de topra\u011fa verildi. Girne\u2019den\u00a0Mersin\u2019in Ta\u015fucu Liman\u0131\u2019na seyir halindeyken alabora olan yolcu gemisinde hayat\u0131n\u0131 kaybeden Reyhan Verim&#8217;in cenazesi, i\u015flemlerin tamamlanmas\u0131n\u0131n ard\u0131ndan d\u00fcn ak\u015fam saatlerinde u\u00e7akla \u00c7ukurova Uluslararas\u0131 Havaliman\u0131na, oradan da Toroslar il\u00e7esinde bulunan \u015eehir Mezarl\u0131\u011f\u0131 morguna [&hellip;]<\/p>\n","protected":false},"author":2,"featured_media":142418,"comment_status":"open","ping_status":"open","sticky":false,"template":"","format":"standard","meta":{"footnotes":""},"categories":[1],"tags":[],"class_list":["post-142415","post","type-post","status-publish","format-standard","has-post-thumbnail","hentry","category-gundem"],"views":75,"_links":{"self":[{"href":"https:\/\/mersingazetesi.com\/index.php\/wp-json\/wp\/v2\/posts\/142415","targetHints":{"allow":["GET"]}}],"collection":[{"href":"https:\/\/mersingazetesi.com\/index.php\/wp-json\/wp\/v2\/posts"}],"about":[{"href":"https:\/\/mersingazetesi.com\/index.php\/wp-json\/wp\/v2\/types\/post"}],"author":[{"embeddable":true,"href":"https:\/\/mersingazetesi.com\/index.php\/wp-json\/wp\/v2\/users\/2"}],"replies":[{"embeddable":true,"href":"https:\/\/mersingazetesi.com\/index.php\/wp-json\/wp\/v2\/comments?post=142415"}],"version-history":[{"count":1,"href":"https:\/\/mersingazetesi.com\/index.php\/wp-json\/wp\/v2\/posts\/142415\/revisions"}],"predecessor-version":[{"id":142419,"href":"https:\/\/mersingazetesi.com\/index.php\/wp-json\/wp\/v2\/posts\/142415\/revisions\/142419"}],"wp:featuredmedia":[{"embeddable":true,"href":"https:\/\/mersingazetesi.com\/index.php\/wp-json\/wp\/v2\/media\/142418"}],"wp:attachment":[{"href":"https:\/\/mersingazetesi.com\/index.php\/wp-json\/wp\/v2\/media?parent=142415"}],"wp:term":[{"taxonomy":"category","embeddable":true,"href":"https:\/\/mersingazetesi.com\/index.php\/wp-json\/wp\/v2\/categories?post=142415"},{"taxonomy":"post_tag","embeddable":true,"href":"https:\/\/mersingazetesi.com\/index.php\/wp-json\/wp\/v2\/tags?post=142415"}],"curies":[{"name":"wp","href":"https:\/\/api.w.org\/{rel}","templated":true}]}}