{"id":142412,"date":"2026-09-01T16:56:07","date_gmt":"2026-09-01T13:56:07","guid":{"rendered":"https:\/\/mersingazetesi.com\/?p=142412"},"modified":"2026-09-01T17:13:16","modified_gmt":"2026-09-01T14:13:16","slug":"akkuyu-santralinin-bitim-donemine-girmis-vaziyetteyiz","status":"publish","type":"post","link":"https:\/\/mersingazetesi.com\/index.php\/2026\/09\/01\/akkuyu-santralinin-bitim-donemine-girmis-vaziyetteyiz\/","title":{"rendered":"&#8216;AKKUYU N\u00dcKLEER SANTRAL\u0130 B\u0130T\u0130M D\u00d6NEM\u0130NDE&#8217;"},"content":{"rendered":"<p>Cumhurba\u015fkan\u0131 Recep Tayyip Erdo\u011fan, \u015eanghay \u0130\u015fbirli\u011fi \u00d6rg\u00fct\u00fc Devlet Ba\u015fkanlar\u0131 Zirvesi amac\u0131yla K\u0131rg\u0131zistan&#8217;\u0131n ba\u015fkenti Bi\u015fkek&#8217;e gitti.\u00a0Erdo\u011fan\u00a0Bi\u015fkek&#8217;te Iris Ordo Kongre Merkezi&#8217;nde d\u00fczenlenen \u015eanghay \u0130\u015fbirli\u011fi \u00d6rg\u00fct\u00fc Devlet Ba\u015fkanlar\u0131 Zirvesi&#8217;nde konu\u015fma yapt\u0131.\u00a0Cumhurba\u015fkan\u0131 Erdo\u011fan, zirve kapsam\u0131nda \u00e7ok say\u0131da devlet ve h\u00fck\u00fcmet ba\u015fkan\u0131 ile g\u00f6r\u00fc\u015fme ger\u00e7ekle\u015ftirdi.<\/p>\n<p>Erdo\u011fan, Rusya Devlet Ba\u015fkan\u0131 Vladimir Putin ile de bir araya geldi.\u00a0Cumhurba\u015fkan\u0131 Erdo\u011fan&#8217;\u0131n konu\u015fmas\u0131nda \u015fu ifadelere yer verdi:<\/p>\n<p>&#8220;Ben de de\u011ferli ba\u015fkanla bug\u00fcn b\u00f6yle bir f\u0131rsat\u0131 de\u011ferlendirmeyi \u00e7ok \u00f6nemli buluyorum. T\u00fcrkiye-Rusya ili\u015fkileri ger\u00e7ekten her d\u00f6neme g\u00f6re bug\u00fcn \u00e7ok ileri bir d\u00fczeyde. A\u011f\u0131rl\u0131kl\u0131 olarak Rus turistlerin\u00a0 T\u00fcrkiye&#8217;deki \u00f6nemi \u00e7ok \u00e7ok farkl\u0131. Bug\u00fcn Antalya ilimizin en \u00f6nemli turist a\u011f\u0131n\u0131 Rusya&#8217;dan gelen dostlar olu\u015fturuyor. Bunun yan\u0131nda Say\u0131n Ba\u015fkan\u0131n az \u00f6nce ifade etti\u011fi gibi T\u00fcrkiye-Rusya ili\u015fkilerinde Akkuyu Santrali b\u00fcy\u00fck \u00f6nem arz etmektedir. \u015euanda art\u0131k Akkuyu Santrali&#8217;nin bitim d\u00f6nemine girmi\u015f vaziyetteyiz. Art\u0131k Akkuyu Santrali biti\u015fi olsun, a\u00e7\u0131l\u0131\u015f\u0131n\u0131 yapal\u0131m diye bekliyoruz. \u00c7\u00fcnk\u00fc Akkuyu Santrali&#8217;nin a\u00e7\u0131l\u0131\u015f\u0131 ile ba\u015fka santrallerinin ad\u0131mlar\u0131n\u0131 birlikte ataca\u011f\u0131z. Tar\u0131mda, enerjide g\u00fc\u00e7l\u00fc bir birlikteli\u011fimiz var.&#8221;<\/p>\n<div class=\"news-tags\"><\/div>\n","protected":false},"excerpt":{"rendered":"<p>Cumhurba\u015fkan\u0131 Recep Tayyip Erdo\u011fan, \u015eanghay \u0130\u015fbirli\u011fi \u00d6rg\u00fct\u00fc Devlet Ba\u015fkanlar\u0131 Zirvesi amac\u0131yla K\u0131rg\u0131zistan&#8217;\u0131n ba\u015fkenti Bi\u015fkek&#8217;e gitti.\u00a0Erdo\u011fan\u00a0Bi\u015fkek&#8217;te Iris Ordo Kongre Merkezi&#8217;nde d\u00fczenlenen \u015eanghay \u0130\u015fbirli\u011fi \u00d6rg\u00fct\u00fc Devlet Ba\u015fkanlar\u0131 Zirvesi&#8217;nde konu\u015fma yapt\u0131.\u00a0Cumhurba\u015fkan\u0131 Erdo\u011fan, zirve kapsam\u0131nda \u00e7ok say\u0131da devlet ve h\u00fck\u00fcmet ba\u015fkan\u0131 ile g\u00f6r\u00fc\u015fme ger\u00e7ekle\u015ftirdi. Erdo\u011fan, Rusya Devlet Ba\u015fkan\u0131 Vladimir Putin ile de bir araya geldi.\u00a0Cumhurba\u015fkan\u0131 Erdo\u011fan&#8217;\u0131n konu\u015fmas\u0131nda \u015fu ifadelere [&hellip;]<\/p>\n","protected":false},"author":2,"featured_media":142413,"comment_status":"open","ping_status":"open","sticky":false,"template":"","format":"standard","meta":{"footnotes":""},"categories":[3,8,7],"tags":[],"class_list":["post-142412","post","type-post","status-publish","format-standard","has-post-thumbnail","hentry","category-dunya","category-mersin","category-teknoloji"],"views":75,"_links":{"self":[{"href":"https:\/\/mersingazetesi.com\/index.php\/wp-json\/wp\/v2\/posts\/142412","targetHints":{"allow":["GET"]}}],"collection":[{"href":"https:\/\/mersingazetesi.com\/index.php\/wp-json\/wp\/v2\/posts"}],"about":[{"href":"https:\/\/mersingazetesi.com\/index.php\/wp-json\/wp\/v2\/types\/post"}],"author":[{"embeddable":true,"href":"https:\/\/mersingazetesi.com\/index.php\/wp-json\/wp\/v2\/users\/2"}],"replies":[{"embeddable":true,"href":"https:\/\/mersingazetesi.com\/index.php\/wp-json\/wp\/v2\/comments?post=142412"}],"version-history":[{"count":3,"href":"https:\/\/mersingazetesi.com\/index.php\/wp-json\/wp\/v2\/posts\/142412\/revisions"}],"predecessor-version":[{"id":142421,"href":"https:\/\/mersingazetesi.com\/index.php\/wp-json\/wp\/v2\/posts\/142412\/revisions\/142421"}],"wp:featuredmedia":[{"embeddable":true,"href":"https:\/\/mersingazetesi.com\/index.php\/wp-json\/wp\/v2\/media\/142413"}],"wp:attachment":[{"href":"https:\/\/mersingazetesi.com\/index.php\/wp-json\/wp\/v2\/media?parent=142412"}],"wp:term":[{"taxonomy":"category","embeddable":true,"href":"https:\/\/mersingazetesi.com\/index.php\/wp-json\/wp\/v2\/categories?post=142412"},{"taxonomy":"post_tag","embeddable":true,"href":"https:\/\/mersingazetesi.com\/index.php\/wp-json\/wp\/v2\/tags?post=142412"}],"curies":[{"name":"wp","href":"https:\/\/api.w.org\/{rel}","templated":true}]}}