{"id":142408,"date":"2026-09-01T16:51:19","date_gmt":"2026-09-01T13:51:19","guid":{"rendered":"https:\/\/mersingazetesi.com\/?p=142408"},"modified":"2026-09-01T17:27:17","modified_gmt":"2026-09-01T14:27:17","slug":"yeni-alanya-gazetesi-59-yilini-kutluyor","status":"publish","type":"post","link":"https:\/\/mersingazetesi.com\/index.php\/2026\/09\/01\/yeni-alanya-gazetesi-59-yilini-kutluyor\/","title":{"rendered":"Yeni Alanya Gazetesi 59. Y\u0131l\u0131n\u0131 Kutluyor"},"content":{"rendered":"<div class=\"col-12 position-relative detail-sort-item \">\n<p class=\"fs-19 lh-26 fw-medium mb-3 post-summary content-description d-lg-block d-md-block d-none\">1 Eyl\u00fcl 1968&#8217;de ilk kez okurlar\u0131yla bulu\u015fan Yeni Alanya, 59. ya\u015f\u0131na girmenin gururunu ya\u015farken; Dim Medya b\u00fcnyesindeki D\u0130M TV ve D\u0130M Radyo da 9. kurulu\u015f y\u0131ld\u00f6n\u00fcmlerini kutluyor.<\/p>\n<\/div>\n<div class=\"col-12 position-relative detail-sort-item \">\n<div class=\"d-flex justify-content-between align-items-center flex-row mb-3\">\n<div class=\"makeSlideable flex-row justify-content-between align-items-center text-nowrap w-100\">\n<div class=\"left-box d-flex flex-row align-items-center flex-shrink-0\">\n<div class=\"author-box me-3 flex-shrink-0\">\n<p>Yar\u0131m as\u0131rd\u0131r Alanya bas\u0131n\u0131n faaliyet g\u00f6steren\u00a0Yeni Alanya Gazetesi, yay\u0131n hayat\u0131ndaki 59. y\u0131l\u0131n\u0131 kutluyor. Merhum gazeteci\u00a0Ar\u0131kan Y\u0131lmaz Dim\u00a0taraf\u0131ndan temelleri at\u0131lan gazete, yar\u0131m asr\u0131 geride b\u0131rakarak 59. ya\u015f\u0131ndan g\u00fcn almaya ba\u015flad\u0131. Y\u0131llar i\u00e7erisinde Alanya\u2019n\u0131n g\u00fcndemini takip eden Yeni Alanya, bas\u0131l\u0131 yay\u0131nc\u0131l\u0131\u011f\u0131n yan\u0131 s\u0131ra dijital platformlarda da faaliyetlerini s\u00fcrd\u00fcr\u00fcyor.<\/p>\n<p><img loading=\"lazy\" decoding=\"async\" class=\"alignnone  wp-image-142425\" src=\"http:\/\/mersingazetesi.com\/wp-content\/uploads\/2026\/09\/791974942_10164470996390890_1790596024882237005_n.jpg\" alt=\"\" width=\"481\" height=\"642\" srcset=\"https:\/\/mersingazetesi.com\/wp-content\/uploads\/2026\/09\/791974942_10164470996390890_1790596024882237005_n.jpg 1536w, https:\/\/mersingazetesi.com\/wp-content\/uploads\/2026\/09\/791974942_10164470996390890_1790596024882237005_n-360x480.jpg 360w\" sizes=\"auto, (max-width: 481px) 100vw, 481px\" \/><\/p>\n<h2>59 Y\u0131ll\u0131k Yay\u0131n Hayat\u0131<\/h2>\n<p>Yeni Alanya, yay\u0131n hayat\u0131na ba\u015flad\u0131\u011f\u0131 g\u00fcnden bu yana Alanya\u2019daki geli\u015fmeleri okuyucular\u0131na aktar\u0131yor. Kentteki sosyal, k\u00fclt\u00fcrel, ekonomik ve g\u00fcndelik geli\u015fmeler gazetenin haberlerinde yer buluyor. De\u011fi\u015fen medya al\u0131\u015fkanl\u0131klar\u0131yla birlikte gazetenin internet sitesi \u00fczerinden de g\u00fcncel haberler yay\u0131mlan\u0131yor.<br \/>\nYeni Alanya\u2019n\u0131n 59. kurulu\u015f y\u0131l d\u00f6n\u00fcm\u00fc dolay\u0131s\u0131yla a\u00e7\u0131klama yapan\u00a0Dim Medya A.\u015e. Y\u00f6netim Kurulu Ba\u015fkan\u0131 Mehmet Ali Dim, gazetenin bug\u00fcnlere ula\u015fmas\u0131nda okurlar\u0131n ve \u00e7al\u0131\u015fanlar\u0131n katk\u0131s\u0131na dikkat \u00e7ekti.Mehmet Ali Dim, a\u00e7\u0131klamas\u0131nda \u015fu ifadeleri kulland\u0131<\/p>\n<\/div>\n<div class=\"author-box me-3 flex-shrink-0\">\n<p>\u201cYeni Alanya\u2019y\u0131 bug\u00fcnlere getiren herkese minnet bor\u00e7luyuz. En ba\u015fta da okurlar\u0131m\u0131za ve emek\u00e7ilerimize. Nice y\u0131llara el ele, g\u00f6n\u00fcl g\u00f6n\u00fcle in\u015fallah.\u201d<\/p>\n<h2>D\u0130M TV ve D\u0130M Radyo da 9. Y\u0131l\u0131n\u0131 Kutluyor<\/h2>\n<p>Yeni Alanya\u2019n\u0131n yan\u0131 s\u0131ra\u00a0D\u0130M TV ve D\u0130M Radyo\u00a0da kurulu\u015flar\u0131n\u0131n 9. y\u0131l d\u00f6n\u00fcm\u00fcn\u00fc kutluyor. Dim Medya b\u00fcnyesinde yay\u0131n faaliyetlerini s\u00fcrd\u00fcren televizyon ve radyo kanal\u0131, Alanya merkezli yay\u0131nlar\u0131n\u0131 s\u00fcrd\u00fcr\u00fcyor. Yeni Alanya ise\u00a059. y\u0131l\u0131nda\u00a0yay\u0131n hayat\u0131na devam ederek Alanya g\u00fcndemini okuyucular\u0131na aktarmay\u0131 s\u00fcrd\u00fcr\u00fcyor.<\/p>\n<div class=\"raw-html-embed\">\n<div class=\"related-post\" data-id=\"[related-id=370054]\"><img loading=\"lazy\" decoding=\"async\" class=\"alignnone wp-image-142422\" src=\"http:\/\/mersingazetesi.com\/wp-content\/uploads\/2026\/09\/793000812_10164470996315890_2357660137231416311_n.jpg\" alt=\"\" width=\"526\" height=\"394\" srcset=\"https:\/\/mersingazetesi.com\/wp-content\/uploads\/2026\/09\/793000812_10164470996315890_2357660137231416311_n.jpg 2048w, https:\/\/mersingazetesi.com\/wp-content\/uploads\/2026\/09\/793000812_10164470996315890_2357660137231416311_n-540x405.jpg 540w\" sizes=\"auto, (max-width: 526px) 100vw, 526px\" \/><\/div>\n<\/div>\n<\/div>\n<\/div>\n<\/div>\n<\/div>\n<\/div>\n","protected":false},"excerpt":{"rendered":"<p>1 Eyl\u00fcl 1968&#8217;de ilk kez okurlar\u0131yla bulu\u015fan Yeni Alanya, 59. ya\u015f\u0131na girmenin gururunu ya\u015farken; Dim Medya b\u00fcnyesindeki D\u0130M TV ve D\u0130M Radyo da 9. kurulu\u015f y\u0131ld\u00f6n\u00fcmlerini kutluyor. Yar\u0131m as\u0131rd\u0131r Alanya bas\u0131n\u0131n faaliyet g\u00f6steren\u00a0Yeni Alanya Gazetesi, yay\u0131n hayat\u0131ndaki 59. y\u0131l\u0131n\u0131 kutluyor. Merhum gazeteci\u00a0Ar\u0131kan Y\u0131lmaz Dim\u00a0taraf\u0131ndan temelleri at\u0131lan gazete, yar\u0131m asr\u0131 geride b\u0131rakarak 59. ya\u015f\u0131ndan g\u00fcn almaya [&hellip;]<\/p>\n","protected":false},"author":2,"featured_media":142409,"comment_status":"open","ping_status":"open","sticky":false,"template":"","format":"standard","meta":{"footnotes":""},"categories":[1],"tags":[],"class_list":["post-142408","post","type-post","status-publish","format-standard","has-post-thumbnail","hentry","category-gundem"],"views":65,"_links":{"self":[{"href":"https:\/\/mersingazetesi.com\/index.php\/wp-json\/wp\/v2\/posts\/142408","targetHints":{"allow":["GET"]}}],"collection":[{"href":"https:\/\/mersingazetesi.com\/index.php\/wp-json\/wp\/v2\/posts"}],"about":[{"href":"https:\/\/mersingazetesi.com\/index.php\/wp-json\/wp\/v2\/types\/post"}],"author":[{"embeddable":true,"href":"https:\/\/mersingazetesi.com\/index.php\/wp-json\/wp\/v2\/users\/2"}],"replies":[{"embeddable":true,"href":"https:\/\/mersingazetesi.com\/index.php\/wp-json\/wp\/v2\/comments?post=142408"}],"version-history":[{"count":5,"href":"https:\/\/mersingazetesi.com\/index.php\/wp-json\/wp\/v2\/posts\/142408\/revisions"}],"predecessor-version":[{"id":142426,"href":"https:\/\/mersingazetesi.com\/index.php\/wp-json\/wp\/v2\/posts\/142408\/revisions\/142426"}],"wp:featuredmedia":[{"embeddable":true,"href":"https:\/\/mersingazetesi.com\/index.php\/wp-json\/wp\/v2\/media\/142409"}],"wp:attachment":[{"href":"https:\/\/mersingazetesi.com\/index.php\/wp-json\/wp\/v2\/media?parent=142408"}],"wp:term":[{"taxonomy":"category","embeddable":true,"href":"https:\/\/mersingazetesi.com\/index.php\/wp-json\/wp\/v2\/categories?post=142408"},{"taxonomy":"post_tag","embeddable":true,"href":"https:\/\/mersingazetesi.com\/index.php\/wp-json\/wp\/v2\/tags?post=142408"}],"curies":[{"name":"wp","href":"https:\/\/api.w.org\/{rel}","templated":true}]}}