{"id":142405,"date":"2026-09-01T15:56:06","date_gmt":"2026-09-01T12:56:06","guid":{"rendered":"https:\/\/mersingazetesi.com\/?p=142405"},"modified":"2026-09-01T15:56:06","modified_gmt":"2026-09-01T12:56:06","slug":"ctpli-dogus-deryadan-gemi-faciasi-tepkisi-tc-ve-kktcden-gemiye-musaade-edenlerin-tumu-yargilanmali","status":"publish","type":"post","link":"https:\/\/mersingazetesi.com\/index.php\/2026\/09\/01\/ctpli-dogus-deryadan-gemi-faciasi-tepkisi-tc-ve-kktcden-gemiye-musaade-edenlerin-tumu-yargilanmali\/","title":{"rendered":"CTP\u2019L\u0130 DO\u011eU\u015e DERYA\u2019DAN GEM\u0130 FAC\u0130ASI TEPK\u0130S\u0130:   &#8216;TC VE KKTC&#8217;DEN GEM\u0130YE M\u00dcSAADE EDENLER\u0130N T\u00dcM\u00dc YARGILANMALI\u201d"},"content":{"rendered":"<p>Cumhuriyet\u00e7i T\u00fcrk Partisi (CTP) Kad\u0131n \u00d6rg\u00fct\u00fc Ba\u015fkan\u0131 ve Milletvekili Do\u011fu\u015f Derya, Girne a\u00e7\u0131klar\u0131nda ya\u015fanan gemi facias\u0131na ili\u015fkin dikkat \u00e7eken a\u00e7\u0131klamalarda bulundu.<\/p>\n<p>Gemi facias\u0131nda ihmali veya sorumlulu\u011fu bulunanlar\u0131n ortaya \u00e7\u0131kar\u0131lmas\u0131 gerekti\u011fini vurgulayan Derya, hem T\u00fcrkiye Cumhuriyeti\u2019nden hem de KKTC\u2019den geminin yolcu ta\u015f\u0131mas\u0131na m\u00fcsaade eden \u015firket ortaklar\u0131n\u0131n, siyasilerin ve teknik elemanlar\u0131n\u00a0<b>ay\u0131rt edilmeksizin yarg\u0131lanmas\u0131 gerekti\u011fini<\/b>\u00a0s\u00f6yledi.<\/p>\n<div dir=\"ltr\">Derya, facian\u0131n ard\u0131ndan ortaya \u00e7\u0131kan bilgilerin yaln\u0131zca kaptan ve m\u00fcrettebat\u0131n sorumlulu\u011fu \u00fczerinden de\u011ferlendirilmemesi gerekti\u011fini belirterek, olay\u0131n arkas\u0131nda daha geni\u015f bir sorumluluk zinciri bulundu\u011funa dikkat \u00e7ekti.<\/div>\n<p><b>\u201cBU \u0130\u015e SADECE AHLAKSIZ KAPTAN VE M\u00dcRETTEBAT \u0130\u015e\u0130 DE\u011e\u0130LD\u0130R\u201d<\/b><\/p>\n<p>Derya, ya\u015fananlar\u0131n \u201crant\u0131n, pe\u015fke\u015fin ve d\u00fczenbazl\u0131\u011f\u0131n kitab\u0131n\u0131 yazanlar\u0131n\u201d bir\u00e7ok masum ve gariban insan\u0131n ya\u015fam\u0131na mal olacak i\u015fler \u00e7evirdi\u011fini g\u00f6sterdi\u011fini ifade etti.<\/p>\n<p>Derya\u2019n\u0131n a\u00e7\u0131klamas\u0131, facian\u0131n yaln\u0131zca gemi personelinin kusuru olarak de\u011ferlendirilmemesi ve\u00a0<b>izin, denetim ve i\u015fletme s\u00fcre\u00e7lerinde sorumlulu\u011fu bulunan t\u00fcm ki\u015fi ve kurumlar\u0131n mercek alt\u0131na al\u0131nmas\u0131<\/b>\u00a0\u00e7a\u011fr\u0131s\u0131 olarak de\u011ferlendirildi.<\/p>\n","protected":false},"excerpt":{"rendered":"<p>Milletvekili Derya, &#8220;Hem T\u00fcrkiye Cumhuriyeti\u2019nden hem de KKTC\u2019den geminin yolcu ta\u015f\u0131mas\u0131na m\u00fcsaade eden \u015firket ortaklar\u0131n\u0131n, siyasilerin ve teknik elemanlar\u0131n ay\u0131rt edilmeksizin yarg\u0131lanmas\u0131 gerekir.&#8221;<\/p>\n","protected":false},"author":2,"featured_media":142406,"comment_status":"open","ping_status":"open","sticky":false,"template":"","format":"standard","meta":{"footnotes":""},"categories":[1],"tags":[],"class_list":["post-142405","post","type-post","status-publish","format-standard","has-post-thumbnail","hentry","category-gundem"],"views":56,"_links":{"self":[{"href":"https:\/\/mersingazetesi.com\/index.php\/wp-json\/wp\/v2\/posts\/142405","targetHints":{"allow":["GET"]}}],"collection":[{"href":"https:\/\/mersingazetesi.com\/index.php\/wp-json\/wp\/v2\/posts"}],"about":[{"href":"https:\/\/mersingazetesi.com\/index.php\/wp-json\/wp\/v2\/types\/post"}],"author":[{"embeddable":true,"href":"https:\/\/mersingazetesi.com\/index.php\/wp-json\/wp\/v2\/users\/2"}],"replies":[{"embeddable":true,"href":"https:\/\/mersingazetesi.com\/index.php\/wp-json\/wp\/v2\/comments?post=142405"}],"version-history":[{"count":1,"href":"https:\/\/mersingazetesi.com\/index.php\/wp-json\/wp\/v2\/posts\/142405\/revisions"}],"predecessor-version":[{"id":142407,"href":"https:\/\/mersingazetesi.com\/index.php\/wp-json\/wp\/v2\/posts\/142405\/revisions\/142407"}],"wp:featuredmedia":[{"embeddable":true,"href":"https:\/\/mersingazetesi.com\/index.php\/wp-json\/wp\/v2\/media\/142406"}],"wp:attachment":[{"href":"https:\/\/mersingazetesi.com\/index.php\/wp-json\/wp\/v2\/media?parent=142405"}],"wp:term":[{"taxonomy":"category","embeddable":true,"href":"https:\/\/mersingazetesi.com\/index.php\/wp-json\/wp\/v2\/categories?post=142405"},{"taxonomy":"post_tag","embeddable":true,"href":"https:\/\/mersingazetesi.com\/index.php\/wp-json\/wp\/v2\/tags?post=142405"}],"curies":[{"name":"wp","href":"https:\/\/api.w.org\/{rel}","templated":true}]}}