{"id":142398,"date":"2026-09-01T14:46:41","date_gmt":"2026-09-01T11:46:41","guid":{"rendered":"https:\/\/mersingazetesi.com\/?p=142398"},"modified":"2026-09-01T14:46:41","modified_gmt":"2026-09-01T11:46:41","slug":"akdenizde-450-cocuk-hem-serinledi-hem-yuzme-ogrendi","status":"publish","type":"post","link":"https:\/\/mersingazetesi.com\/index.php\/2026\/09\/01\/akdenizde-450-cocuk-hem-serinledi-hem-yuzme-ogrendi\/","title":{"rendered":"Akdeniz\u2019de 450 \u00c7ocuk Hem Serinledi Hem Y\u00fczme \u00d6\u011frendi"},"content":{"rendered":"<p>Akdeniz Belediyesi\u2019nin yaz d\u00f6neminde Mad\u0131mak Park\u0131\u2019nda kurdu\u011fu portatif y\u00fczme havuzu, \u00e7ocuklar\u0131n s\u0131cak yaz g\u00fcnlerini sporla de\u011ferlendirmesine olanak sa\u011flad\u0131. Gen\u00e7lik ve Spor \u0130l M\u00fcd\u00fcrl\u00fc\u011f\u00fc i\u015f birli\u011fiyle d\u00fczenlenen y\u00fczme kurslar\u0131ndan 450 \u00e7ocuk yararland\u0131.<\/p>\n<p>Mersin\u2019in Akdeniz il\u00e7esinde \u00e7ocuklar\u0131n yaz tatilini daha verimli ge\u00e7irmeleri ve y\u00fczme sporuyla tan\u0131\u015fmalar\u0131 amac\u0131yla hayata ge\u00e7irilen portatif y\u00fczme havuzu projesi, yaz boyunca \u00e7ocuklar\u0131n yo\u011fun ilgisini g\u00f6rd\u00fc.<\/p>\n<p>Akdeniz Belediyesi taraf\u0131ndan Mad\u0131mak Park\u0131 i\u00e7erisinde kurulan portatif y\u00fczme havuzu, bir yandan yaz s\u0131caklar\u0131nda \u00e7ocuklara serinleme imk\u00e2n\u0131 sunarken, di\u011fer yandan y\u00fczme bilmeyen \u00e7ocuklar\u0131n temel y\u00fczme e\u011fitimi almas\u0131na olanak sa\u011flad\u0131.<\/p>\n<p>450 \u00e7ocuk y\u00fczme e\u011fitimi ald\u0131<\/p>\n<p>Akdeniz Belediyesi K\u00fclt\u00fcr ve Sosyal \u0130\u015fler M\u00fcd\u00fcrl\u00fc\u011f\u00fc taraf\u0131ndan, Gen\u00e7lik ve Spor \u0130l M\u00fcd\u00fcrl\u00fc\u011f\u00fc i\u015f birli\u011fiyle ger\u00e7ekle\u015ftirilen y\u00fczme kurslar\u0131na 5 ayr\u0131 grup halinde toplam 450 \u00e7ocuk kat\u0131ld\u0131.<\/p>\n<p>Kurs kapsam\u0131nda her \u00e7ocuk, profesyonel y\u00fczme antren\u00f6rleri e\u015fli\u011finde 2 hafta boyunca toplam 8 saat e\u011fitim ald\u0131. Alan\u0131nda uzman e\u011fitmenler taraf\u0131ndan ger\u00e7ekle\u015ftirilen \u00e7al\u0131\u015fmalarda \u00e7ocuklara y\u00fczmenin temel tekniklerinin yan\u0131 s\u0131ra havuz kullan\u0131m\u0131nda dikkat edilmesi gereken kurallar ve g\u00fcvenli y\u00fczme konusunda da e\u011fitimler verildi.<\/p>\n<p>\u00c7ocuklar\u0131n ya\u015f gruplar\u0131 ve y\u00fczme seviyeleri dikkate al\u0131narak ger\u00e7ekle\u015ftirilen e\u011fitimler sayesinde, daha \u00f6nce y\u00fczme bilmeyen bir\u00e7ok \u00e7ocuk ilk kez profesyonel e\u011fitim alma f\u0131rsat\u0131 buldu.<\/p>\n<p>\u201c\u00c7ocuklar\u0131m\u0131z\u0131n y\u00fczme \u00f6\u011frenmesini ve sporla i\u00e7 i\u00e7e b\u00fcy\u00fcmesini \u00f6nemsiyoruz\u201d<\/p>\n<p>Akdeniz Kaymakam\u0131 ve Belediye Ba\u015fkan Vekili Murat Be\u015fikci, \u00e7ocuklar\u0131n fiziksel ve sosyal geli\u015fimlerine katk\u0131 sa\u011flayan sportif faaliyetleri \u00f6nemsediklerini belirterek, y\u00fczme kurslar\u0131n\u0131n da bu anlay\u0131\u015f\u0131n \u00f6nemli bir par\u00e7as\u0131 oldu\u011funu ifade etti.<\/p>\n<p>Be\u015fikci, a\u00e7\u0131klamas\u0131nda \u015fu ifadelere yer verdi:<\/p>\n<p>\u201c\u00c7ocuklar\u0131m\u0131z\u0131n hem e\u011flenmelerini hem de yeni beceriler kazanmalar\u0131n\u0131 istiyoruz. Mad\u0131mak Park\u0131\u2019nda kurdu\u011fumuz portatif y\u00fczme havuzumuzda 450 \u00e7ocu\u011fumuza profesyonel antren\u00f6rler e\u015fli\u011finde y\u00fczme e\u011fitimi verdik. \u00c7ocuklar\u0131m\u0131z\u0131n y\u00fczme \u00f6\u011frenirken ayn\u0131 zamanda sporla i\u00e7 i\u00e7e, sa\u011fl\u0131kl\u0131 ve keyifli bir yaz ge\u00e7irmelerinden b\u00fcy\u00fck mutluluk duyuyoruz. Bu \u00e7al\u0131\u015fmada bizlerle i\u015f birli\u011fi yapan Gen\u00e7lik ve Spor \u0130l M\u00fcd\u00fcrl\u00fc\u011f\u00fcm\u00fcze, e\u011fitmenlerimize, belediyemizin ilgili m\u00fcd\u00fcrl\u00fc\u011f\u00fcne ve \u00e7ocuklar\u0131n\u0131 kurslar\u0131m\u0131za y\u00f6nlendiren ailelerimize te\u015fekk\u00fcr ediyorum. \u00c7ocuklar\u0131m\u0131z i\u00e7in sporun her alan\u0131nda imk\u00e2nlar\u0131m\u0131z\u0131 art\u0131rmaya devam edece\u011fiz.\u201d<\/p>\n<p>Ailelerden belediyeye te\u015fekk\u00fcr<\/p>\n<p>\u00c7ocuklar\u0131n\u0131n hem spor yapmas\u0131ndan hem de yaz s\u0131caklar\u0131n\u0131 daha keyifli ge\u00e7irmesinden memnuniyet duyan aileler, projeden duyduklar\u0131 memnuniyeti dile getirdi.<\/p>\n<p>Aileler, \u00f6zellikle \u00e7ocuklar\u0131n g\u00fcvenli bir ortamda profesyonel e\u011fitmenler e\u015fli\u011finde y\u00fczme \u00f6\u011frenmesinin kendileri a\u00e7\u0131s\u0131ndan \u00f6nemli oldu\u011funu belirterek, organizasyonda eme\u011fi ge\u00e7en Akdeniz Belediyesi ve Gen\u00e7lik ve Spor \u0130l M\u00fcd\u00fcrl\u00fc\u011f\u00fc yetkililerine te\u015fekk\u00fcr etti.<\/p>\n","protected":false},"excerpt":{"rendered":"<p>Akdeniz Belediyesi\u2019nin yaz d\u00f6neminde Mad\u0131mak Park\u0131\u2019nda kurdu\u011fu portatif y\u00fczme havuzu, \u00e7ocuklar\u0131n s\u0131cak yaz g\u00fcnlerini sporla de\u011ferlendirmesine olanak sa\u011flad\u0131. Gen\u00e7lik ve Spor \u0130l M\u00fcd\u00fcrl\u00fc\u011f\u00fc i\u015f birli\u011fiyle d\u00fczenlenen y\u00fczme kurslar\u0131ndan 450 \u00e7ocuk yararland\u0131. Mersin\u2019in Akdeniz il\u00e7esinde \u00e7ocuklar\u0131n yaz tatilini daha verimli ge\u00e7irmeleri ve y\u00fczme sporuyla tan\u0131\u015fmalar\u0131 amac\u0131yla hayata ge\u00e7irilen portatif y\u00fczme havuzu projesi, yaz boyunca \u00e7ocuklar\u0131n yo\u011fun [&hellip;]<\/p>\n","protected":false},"author":2,"featured_media":142399,"comment_status":"open","ping_status":"open","sticky":false,"template":"","format":"standard","meta":{"footnotes":""},"categories":[1],"tags":[],"class_list":["post-142398","post","type-post","status-publish","format-standard","has-post-thumbnail","hentry","category-gundem"],"views":56,"_links":{"self":[{"href":"https:\/\/mersingazetesi.com\/index.php\/wp-json\/wp\/v2\/posts\/142398","targetHints":{"allow":["GET"]}}],"collection":[{"href":"https:\/\/mersingazetesi.com\/index.php\/wp-json\/wp\/v2\/posts"}],"about":[{"href":"https:\/\/mersingazetesi.com\/index.php\/wp-json\/wp\/v2\/types\/post"}],"author":[{"embeddable":true,"href":"https:\/\/mersingazetesi.com\/index.php\/wp-json\/wp\/v2\/users\/2"}],"replies":[{"embeddable":true,"href":"https:\/\/mersingazetesi.com\/index.php\/wp-json\/wp\/v2\/comments?post=142398"}],"version-history":[{"count":1,"href":"https:\/\/mersingazetesi.com\/index.php\/wp-json\/wp\/v2\/posts\/142398\/revisions"}],"predecessor-version":[{"id":142400,"href":"https:\/\/mersingazetesi.com\/index.php\/wp-json\/wp\/v2\/posts\/142398\/revisions\/142400"}],"wp:featuredmedia":[{"embeddable":true,"href":"https:\/\/mersingazetesi.com\/index.php\/wp-json\/wp\/v2\/media\/142399"}],"wp:attachment":[{"href":"https:\/\/mersingazetesi.com\/index.php\/wp-json\/wp\/v2\/media?parent=142398"}],"wp:term":[{"taxonomy":"category","embeddable":true,"href":"https:\/\/mersingazetesi.com\/index.php\/wp-json\/wp\/v2\/categories?post=142398"},{"taxonomy":"post_tag","embeddable":true,"href":"https:\/\/mersingazetesi.com\/index.php\/wp-json\/wp\/v2\/tags?post=142398"}],"curies":[{"name":"wp","href":"https:\/\/api.w.org\/{rel}","templated":true}]}}