{"id":142395,"date":"2026-09-01T14:37:10","date_gmt":"2026-09-01T11:37:10","guid":{"rendered":"https:\/\/mersingazetesi.com\/?p=142395"},"modified":"2026-09-01T14:37:10","modified_gmt":"2026-09-01T11:37:10","slug":"arap-alevi-kultur-derneginden-ayrimciliga-karsi-cagri-nefret-ve-ayrimcilik-politikalari-son-bulsun","status":"publish","type":"post","link":"https:\/\/mersingazetesi.com\/index.php\/2026\/09\/01\/arap-alevi-kultur-derneginden-ayrimciliga-karsi-cagri-nefret-ve-ayrimcilik-politikalari-son-bulsun\/","title":{"rendered":"ARAP ALEV\u0130 K\u00dcLT\u00dcR DERNE\u011e\u0130\u2019NDEN AYRIMCILI\u011eA KAR\u015eI \u00c7A\u011eRI  \u201cNEFRET VE AYRIMCILIK POL\u0130T\u0130KALARI SON BULSUN\u201d"},"content":{"rendered":"<p>Mersin\u2019de Arap Alevi K\u00fclt\u00fcr Derne\u011fi taraf\u0131ndan, Alevilere y\u00f6nelik nefret ve ayr\u0131mc\u0131l\u0131k politikalar\u0131na dikkat \u00e7ekmek amac\u0131yla bas\u0131n a\u00e7\u0131klamas\u0131 d\u00fczenlenecek.<\/p>\n<p>Derne\u011fin \u00e7a\u011fr\u0131s\u0131nda\u00a0<b>e\u015fit yurtta\u015fl\u0131k, laiklik, demokrasi, adalet, bar\u0131\u015f ve karde\u015flik<\/b>\u00a0vurgusu yap\u0131l\u0131rken, Alevilere y\u00f6nelik nefret ve ayr\u0131mc\u0131l\u0131k politikalar\u0131n\u0131n sona erdirilmesi istendi.<\/p>\n<p>Bas\u0131n a\u00e7\u0131klamas\u0131,\u00a0<b>2 Eyl\u00fcl 2026 \u00c7ar\u015famba g\u00fcn\u00fc saat 17.30\u2019da \u00d6zg\u00fcr \u00c7ocuk Park\u0131\u2019nda<\/b>\u00a0ger\u00e7ekle\u015ftirilecek.<\/p>\n<p>Arap Alevi K\u00fclt\u00fcr Derne\u011fi, t\u00fcm yurtta\u015flar\u0131 \u201ce\u015fit yurtta\u015fl\u0131k, laiklik, demokrasi ve bar\u0131\u015f\u201d talebiyle d\u00fczenlenecek a\u00e7\u0131klamaya kat\u0131lmaya davet etti.<\/p>\n<p>Derne\u011fin kamuoyuna yapt\u0131\u011f\u0131 \u00e7a\u011fr\u0131da,\u00a0<b>\u201cBas\u0131n a\u00e7\u0131klamas\u0131na bekliyoruz\u201d<\/b>\u00a0mesaj\u0131 verildi.<\/p>\n","protected":false},"excerpt":{"rendered":"<p>Mersin\u2019de Arap Alevi K\u00fclt\u00fcr Derne\u011fi taraf\u0131ndan, Alevilere y\u00f6nelik nefret ve ayr\u0131mc\u0131l\u0131k politikalar\u0131na dikkat \u00e7ekmek amac\u0131yla bas\u0131n a\u00e7\u0131klamas\u0131 d\u00fczenlenecek. Derne\u011fin \u00e7a\u011fr\u0131s\u0131nda\u00a0e\u015fit yurtta\u015fl\u0131k, laiklik, demokrasi, adalet, bar\u0131\u015f ve karde\u015flik\u00a0vurgusu yap\u0131l\u0131rken, Alevilere y\u00f6nelik nefret ve ayr\u0131mc\u0131l\u0131k politikalar\u0131n\u0131n sona erdirilmesi istendi. Bas\u0131n a\u00e7\u0131klamas\u0131,\u00a02 Eyl\u00fcl 2026 \u00c7ar\u015famba g\u00fcn\u00fc saat 17.30\u2019da \u00d6zg\u00fcr \u00c7ocuk Park\u0131\u2019nda\u00a0ger\u00e7ekle\u015ftirilecek. Arap Alevi K\u00fclt\u00fcr Derne\u011fi, t\u00fcm yurtta\u015flar\u0131 \u201ce\u015fit [&hellip;]<\/p>\n","protected":false},"author":2,"featured_media":142396,"comment_status":"open","ping_status":"open","sticky":false,"template":"","format":"standard","meta":{"footnotes":""},"categories":[1],"tags":[],"class_list":["post-142395","post","type-post","status-publish","format-standard","has-post-thumbnail","hentry","category-gundem"],"views":60,"_links":{"self":[{"href":"https:\/\/mersingazetesi.com\/index.php\/wp-json\/wp\/v2\/posts\/142395","targetHints":{"allow":["GET"]}}],"collection":[{"href":"https:\/\/mersingazetesi.com\/index.php\/wp-json\/wp\/v2\/posts"}],"about":[{"href":"https:\/\/mersingazetesi.com\/index.php\/wp-json\/wp\/v2\/types\/post"}],"author":[{"embeddable":true,"href":"https:\/\/mersingazetesi.com\/index.php\/wp-json\/wp\/v2\/users\/2"}],"replies":[{"embeddable":true,"href":"https:\/\/mersingazetesi.com\/index.php\/wp-json\/wp\/v2\/comments?post=142395"}],"version-history":[{"count":1,"href":"https:\/\/mersingazetesi.com\/index.php\/wp-json\/wp\/v2\/posts\/142395\/revisions"}],"predecessor-version":[{"id":142397,"href":"https:\/\/mersingazetesi.com\/index.php\/wp-json\/wp\/v2\/posts\/142395\/revisions\/142397"}],"wp:featuredmedia":[{"embeddable":true,"href":"https:\/\/mersingazetesi.com\/index.php\/wp-json\/wp\/v2\/media\/142396"}],"wp:attachment":[{"href":"https:\/\/mersingazetesi.com\/index.php\/wp-json\/wp\/v2\/media?parent=142395"}],"wp:term":[{"taxonomy":"category","embeddable":true,"href":"https:\/\/mersingazetesi.com\/index.php\/wp-json\/wp\/v2\/categories?post=142395"},{"taxonomy":"post_tag","embeddable":true,"href":"https:\/\/mersingazetesi.com\/index.php\/wp-json\/wp\/v2\/tags?post=142395"}],"curies":[{"name":"wp","href":"https:\/\/api.w.org\/{rel}","templated":true}]}}