{"id":142392,"date":"2026-09-01T14:29:33","date_gmt":"2026-09-01T11:29:33","guid":{"rendered":"https:\/\/mersingazetesi.com\/?p=142392"},"modified":"2026-09-01T14:29:33","modified_gmt":"2026-09-01T11:29:33","slug":"tatil-donusu-feribot-faciasinda-kardesini-kaybedip-yarali-kurtulan-kadin-korku-dolu-anlari-anlatti","status":"publish","type":"post","link":"https:\/\/mersingazetesi.com\/index.php\/2026\/09\/01\/tatil-donusu-feribot-faciasinda-kardesini-kaybedip-yarali-kurtulan-kadin-korku-dolu-anlari-anlatti\/","title":{"rendered":"Tatil d\u00f6n\u00fc\u015f\u00fc feribot facias\u0131nda karde\u015fini kaybedip yaral\u0131 kurtulan kad\u0131n korku dolu anlar\u0131 anlatt\u0131"},"content":{"rendered":"<p>Kuzey K\u0131br\u0131s T\u00fcrk Cumhuriyeti&#8217;nin (KKTC) Girne kenti a\u00e7\u0131klar\u0131nda meydana gelen feribot facias\u0131nda yaral\u0131 olarak kurtulan ve karde\u015fini o kazada kaybeden Seyhan Kahveci korku dolu dakikalar\u0131 anlatt\u0131. Kahveci, &#8220;Bac\u0131m gidiyor. Ne yapay\u0131m dedim, kurtaramad\u0131m onu engel olamad\u0131m&#8221; derken firmaya ve kaptana ate\u015f p\u00fcsk\u00fcrd\u00fc.<br \/>\nGirne&#8217;den Mersin&#8217;in Ta\u015fucu Liman\u0131&#8217;na seyir halindeyken alabora olan yolcu gemisinde 8 ki\u015fi hayat\u0131n\u0131 kaybetmi\u015f, 20 ki\u015fi ise kaybolmu\u015ftu. Seyhan Kahveci (65) de karde\u015fi Reyhan Verim (55), kuzenleri Oya Oru\u00e7 ve Ayda Arkal\u0131 ile KKTC&#8217;ye tatile gitti. 3 g\u00fcnl\u00fck tatillerinin ard\u0131ndan Mersin&#8217;e d\u00f6nmek \u00fczerine Ta\u015fucu Liman\u0131&#8217;na gelen yolcu gemisine bindi. Kazada Seyhan Kahveci, Oya Oru\u00e7 ve Ayda Arkal\u0131 yaral\u0131 olarak kurtuldu. Reyhan Verim ise ya\u015fanan faciada ya\u015fam\u0131n\u0131 yitirdi. Bir \u00e7ocuk annesi Reyhan Verim&#8217;in Almanya&#8217;da ya\u015fayan 27 ya\u015f\u0131ndaki o\u011flu Ahmet Verim&#8217;i y\u0131llard\u0131r g\u00f6rmedi\u011fi \u00f6\u011frenildi.<\/p>\n<p>Korku dolu anlar\u0131 anlatt\u0131<br \/>\nO korku dolu dakikalar\u0131 \u0130hlas Haber Ajans\u0131&#8217;na anlatan Seyhan Kahveci, &#8220;K\u0131z karde\u015fim ve iki kuzenimle birlikte K\u0131br\u0131s&#8217;a tatile gittik. \u00c7ok g\u00fczel bir tatil ge\u00e7irdik. Gelirken bu feribota bindik, binmez olayd\u0131k. Dedim ki gitmeyelim, r\u00fczgar var, f\u0131rt\u0131na var. Bindik daha kalkar kalkmaz u\u00e7ak gibi kalkt\u0131. Oturduk d\u00f6rd\u00fcm\u00fcz bir s\u0131rada. K\u0131z karde\u015fim, kuzenim yukar\u0131 \u00e7\u0131k\u0131p uzand\u0131&#8221; dedi.<\/p>\n<p>&#8220;\u0130kinci kaptan &#8216;Bir \u015fey olmaz, merak etme&#8217; dedi&#8221;<br \/>\nYolculuk s\u00fcrecinde ikinci kaptan ile ya\u015fad\u0131klar\u0131n\u0131 anlatan Kahveci, &#8220;Bir bakt\u0131m, bir tane k\u0131z geldi \u00f6n\u00fcme. K\u0131z\u0131m sen burada m\u0131 \u00e7al\u0131\u015f\u0131yorsun dedim. Bana ikinci kaptan oldu\u011funu s\u00f6yledi. \u00c7ok f\u0131rt\u0131na oldu\u011funu s\u00f6yledim. &#8216;Bir \u015fey olmaz, ben onun i\u00e7in geldim, siz panik olmay\u0131n diye, normalde gelmezdim buraya&#8217; dedi. Alttan su sesi geliyor dedim. &#8216;Merak etme, bunun alt\u0131 sac oldu\u011fu i\u00e7in dalga gelince \u00e7arp\u0131yor, onun sesi&#8217; dedi. Ben \u00e7ok korktu\u011fumu s\u00f6yledim. Gemide bulunan \u00e7ocuklar korkudan \u00e7\u0131\u011fl\u0131k atmaya ba\u015flad\u0131&#8221; ifadelerini kulland\u0131.<\/p>\n<p>&#8220;Bizi b\u0131rak\u0131p ka\u00e7t\u0131&#8221;<br \/>\n\u0130nsanlar\u0131n \u00e7\u0131\u011fl\u0131klar at\u0131p panik ya\u015fad\u0131\u011f\u0131n\u0131 ifade eden Kahveci, &#8220;Panik sesleri, biri \u00e7\u0131kt\u0131, &#8216;Durdurun, geri d\u00f6nd\u00fcr\u00fcn&#8217; diye ba\u011f\u0131rd\u0131. Kimse dinlemedi. \u00c7ok korktu\u011fumu s\u00f6yledim tekrardan. Bardaklar, sebil d\u00fc\u015fmeye ba\u015flad\u0131. G\u00f6revli geldi, ikinci kaptan\u0131 yukar\u0131dan \u00e7a\u011fr\u0131l\u0131yor diyerek bizi b\u0131rak\u0131p ka\u00e7t\u0131&#8221; diye konu\u015ftu.<\/p>\n<p>&#8220;Kap\u0131y\u0131 kapatt\u0131lar, bas\u0131n\u00e7la camlar patlad\u0131, suya d\u00fc\u015ft\u00fck&#8221;<br \/>\nKap\u0131n\u0131n kapat\u0131ld\u0131\u011f\u0131n\u0131 s\u00f6yleyen Kahveci, &#8220;Birebir ya\u015fad\u0131m, kimsenin g\u00fcnah\u0131n\u0131 alm\u0131yorum. O arada sular gelmeye ba\u015flad\u0131. Bize can yelekleri takmay\u0131 falan g\u00f6stermediler. Her \u015feyi birebir g\u00f6r\u00fcp ya\u015fad\u0131m. Kap\u0131lar kapan\u0131nca bas\u0131n\u00e7la dalga camlar\u0131 patlatt\u0131. Biz suya d\u00fc\u015ft\u00fck. O can havliyle yelekleri sular\u0131n i\u00e7erisinden al\u0131p takt\u0131k. Nas\u0131l tak\u0131laca\u011f\u0131n\u0131 bile bilmiyordum&#8221; ifadelerine yer verdi.<\/p>\n<p>&#8220;Bizi \u00f6l\u00fcme terk ettiler&#8221;<br \/>\nY\u00fczme bilmedi\u011fini s\u00f6yleyen Kahveci, &#8220;Hi\u00e7bir m\u00fcrettebattan kimse yok. Bizi \u00f6l\u00fcme terk ettiler, her yeri kapatarak. Kendi \u00e7abam\u0131zla takt\u0131k. Bizi kurtaran yok, hi\u00e7bir \u015fey yok. Herkes da\u011f\u0131ld\u0131&#8221; dedi.<\/p>\n<p>&#8220;Karde\u015fim &#8216;kurtar beni&#8217; diye ba\u011f\u0131rd\u0131&#8221;<br \/>\nK\u0131z karde\u015fi Reyhan Verim&#8217;in kendisine do\u011fru geldi\u011fini s\u00f6yleyen Seyhan Kahveci, \u015f\u00f6yle devam etti:<br \/>\n&#8220;Benim k\u0131z karde\u015fim bana do\u011fru gelmi\u015f, su onu da d\u0131\u015far\u0131 att\u0131. Reyhan bana, &#8216;Seyhan kurtar beni&#8217; diye ba\u011f\u0131r\u0131yor. M\u00fcrettebat yukar\u0131dan bizden \u00f6nce suya atlam\u0131\u015ft\u0131, hepsini ben g\u00f6rd\u00fcm, ben ya\u015fad\u0131m. Kimseye iftira atm\u0131yorum. Bir tane g\u00f6revli vard\u0131 a\u015fa\u011f\u0131da, kaptana k\u00fcf\u00fcr etti. \u00c7\u0131kmayal\u0131m dedik kaptana yola \u00e7\u0131kt\u0131\u011f\u0131n\u0131 s\u00f6yledi.&#8221;<\/p>\n<p>&#8220;\u0130nsanlar yalvar\u0131yordu&#8221;<br \/>\nTekne alabora olduktan sonra ya\u015fananlar\u0131 anlatan Kahveci, &#8220;Bebe\u011fimi kurtar\u0131n, \u00e7ocu\u011fumu kurtar\u0131n diye insanlar yalvar\u0131yordu. Ben as\u0131l\u0131 kald\u0131m, dalga beni a\u015fa\u011f\u0131 b\u0131rakt\u0131 tekneye \u00e7arpt\u0131m. Teknenin borusu gibi bir \u015fey vard\u0131 onu tuttum&#8221; diye konu\u015ftu.<\/p>\n<p>&#8220;Kurtaramad\u0131m, engel olamad\u0131m&#8221;<br \/>\nG\u00f6zya\u015flar\u0131 i\u00e7inde karde\u015finin \u00f6ld\u00fc\u011f\u00fc saniyeleri anlatan Seyhan Kahveci, &#8220;Aradan 5 dakika ge\u00e7meden, bac\u0131m\u0131n simidi \u00e7\u0131km\u0131\u015f. Bac\u0131m gidiyor. Ne yapay\u0131m dedim, kurtaramad\u0131m, engel olamad\u0131m. Ben de orada tutmu\u015fum elim kayd\u0131, ben de gidiyordum. Bir ses duydum, gemiye yap\u0131\u015fm\u0131\u015f olan botlar patlad\u0131, onun ipine tutundum. Yar\u0131 \u00e7\u0131pla\u011f\u0131m, her \u015feyimiz gitti, beni de kurtard\u0131lar&#8221; \u015feklinde konu\u015ftu.<\/p>\n<p>&#8220;Sorumlu firma sahibi ve kaptan&#8221;<br \/>\nYa\u015fanan olay\u0131n ard\u0131ndan ate\u015f p\u00fcsk\u00fcren Seyhan Kahveci, &#8220;Sorumlusu firma sahibi, sorumlusu kaptan. Kaptan bizi \u00f6l\u00fcme terk etti resmen. B\u00fct\u00fcn oradakilerin sorumlusu firma ve kaptan. Ne diyeyim, can\u0131m\u0131 kaybettim&#8221; ifadelerini kulland\u0131.<\/p>\n<p>&#8220;Reyhan benim her \u015feyimdi&#8221;<br \/>\nSeyhan Kahveci g\u00f6zya\u015flar\u0131 i\u00e7inde, &#8220;Reyhan benim her \u015feyimdi, annemdi, k\u0131z karde\u015fimdi. Ben onu nas\u0131l kaybettim halen kabullenemiyorum. Ke\u015fke ben \u00f6leydim, o kalayd\u0131. Ke\u015fke ona sar\u0131layd\u0131m ben gideydim, o hi\u00e7 mutlu olmad\u0131. Ben torun g\u00f6rd\u00fcm, o hi\u00e7 g\u00f6rmedi. Ben her \u015feyimi kaybettim, bac\u0131m\u0131 geri verebilecekler mi&#8221; diye konu\u015ftu.<\/p>\n<p>&#8220;Devletimizden Allah raz\u0131 olsun, her \u015feyi d\u00f6rt d\u00f6rtl\u00fck yapt\u0131&#8221;<br \/>\nSon olarak Kahveci, &#8220;Devletimizden Allah raz\u0131 olsun. D\u00f6rt d\u00f6rtl\u00fck oteller ayarland\u0131, giysiler ayarland\u0131. Konsolosluktan ilgi alaka, u\u00e7ak s\u00fcreci, bizim gelmemiz her \u015feyi d\u00f6rt d\u00f6rtl\u00fck yapt\u0131. Hepimiz yar\u0131 \u00e7\u0131plakt\u0131, giyimlerimize varana kadar \u00e7ocuklar\u0131n oyuncaklar\u0131na kadar devletimiz getirdi. Devletimizden burada ve K\u0131br\u0131s&#8217;ta \u00e7ok memnun kald\u0131m. Sadece firmadan \u015fikayet\u00e7iyim ben. \u0130lgisizlikten, sorumsuzluktan, bizi \u00f6l\u00fcme terk ettiklerinden her \u015feyden onlar sorumlu&#8221; dedi.<\/p>\n","protected":false},"excerpt":{"rendered":"<p>Kuzey K\u0131br\u0131s T\u00fcrk Cumhuriyeti&#8217;nin (KKTC) Girne kenti a\u00e7\u0131klar\u0131nda meydana gelen feribot facias\u0131nda yaral\u0131 olarak kurtulan ve karde\u015fini o kazada kaybeden Seyhan Kahveci korku dolu dakikalar\u0131 anlatt\u0131. Kahveci, &#8220;Bac\u0131m gidiyor. Ne yapay\u0131m dedim, kurtaramad\u0131m onu engel olamad\u0131m&#8221; derken firmaya ve kaptana ate\u015f p\u00fcsk\u00fcrd\u00fc. Girne&#8217;den Mersin&#8217;in Ta\u015fucu Liman\u0131&#8217;na seyir halindeyken alabora olan yolcu gemisinde 8 ki\u015fi hayat\u0131n\u0131 [&hellip;]<\/p>\n","protected":false},"author":2,"featured_media":142393,"comment_status":"open","ping_status":"open","sticky":false,"template":"","format":"standard","meta":{"footnotes":""},"categories":[1],"tags":[],"class_list":["post-142392","post","type-post","status-publish","format-standard","has-post-thumbnail","hentry","category-gundem"],"views":49,"_links":{"self":[{"href":"https:\/\/mersingazetesi.com\/index.php\/wp-json\/wp\/v2\/posts\/142392","targetHints":{"allow":["GET"]}}],"collection":[{"href":"https:\/\/mersingazetesi.com\/index.php\/wp-json\/wp\/v2\/posts"}],"about":[{"href":"https:\/\/mersingazetesi.com\/index.php\/wp-json\/wp\/v2\/types\/post"}],"author":[{"embeddable":true,"href":"https:\/\/mersingazetesi.com\/index.php\/wp-json\/wp\/v2\/users\/2"}],"replies":[{"embeddable":true,"href":"https:\/\/mersingazetesi.com\/index.php\/wp-json\/wp\/v2\/comments?post=142392"}],"version-history":[{"count":1,"href":"https:\/\/mersingazetesi.com\/index.php\/wp-json\/wp\/v2\/posts\/142392\/revisions"}],"predecessor-version":[{"id":142394,"href":"https:\/\/mersingazetesi.com\/index.php\/wp-json\/wp\/v2\/posts\/142392\/revisions\/142394"}],"wp:featuredmedia":[{"embeddable":true,"href":"https:\/\/mersingazetesi.com\/index.php\/wp-json\/wp\/v2\/media\/142393"}],"wp:attachment":[{"href":"https:\/\/mersingazetesi.com\/index.php\/wp-json\/wp\/v2\/media?parent=142392"}],"wp:term":[{"taxonomy":"category","embeddable":true,"href":"https:\/\/mersingazetesi.com\/index.php\/wp-json\/wp\/v2\/categories?post=142392"},{"taxonomy":"post_tag","embeddable":true,"href":"https:\/\/mersingazetesi.com\/index.php\/wp-json\/wp\/v2\/tags?post=142392"}],"curies":[{"name":"wp","href":"https:\/\/api.w.org\/{rel}","templated":true}]}}