{"id":142389,"date":"2026-09-01T14:28:34","date_gmt":"2026-09-01T11:28:34","guid":{"rendered":"https:\/\/mersingazetesi.com\/?p=142389"},"modified":"2026-09-01T14:28:34","modified_gmt":"2026-09-01T11:28:34","slug":"kktcde-batan-yolcu-gemisinde-hayatini-kaybeden-14-yasindaki-nisa-gaziantepte-defnedildi","status":"publish","type":"post","link":"https:\/\/mersingazetesi.com\/index.php\/2026\/09\/01\/kktcde-batan-yolcu-gemisinde-hayatini-kaybeden-14-yasindaki-nisa-gaziantepte-defnedildi\/","title":{"rendered":"KKTC\u2019de batan yolcu gemisinde hayat\u0131n\u0131 kaybeden 14 ya\u015f\u0131ndaki Nisa, Gaziantep\u2019te defnedildi"},"content":{"rendered":"<p>Kuzey K\u0131br\u0131s T\u00fcrk Cumhuriyeti\u2019nin (KKTC) Girne kenti a\u00e7\u0131klar\u0131nda yolcu gemisinin batmas\u0131 sonucu hayat\u0131n\u0131 kaybeden 14 ya\u015f\u0131ndaki Nisa T\u00f6rer\u2019in cenazesi, memleketi Gaziantep\u2019te g\u00f6zya\u015flar\u0131 aras\u0131nda son yolculu\u011funa u\u011furland\u0131.<br \/>\nGaziantep\u2019te ya\u015fayan fabrika i\u015f\u00e7isi 43 ya\u015f\u0131ndaki Ferdi T\u00f6rer, y\u0131ll\u0131k izninde 3 \u00e7ocu\u011funu da yan\u0131na alarak Mersin\u2019in Ta\u015fucu Liman\u0131\u2019ndan kalkan gemiyle KKTC\u2019ye gitti. D\u00f6n\u00fc\u015f yolunda Girne&#8217;den Mersin&#8217;in Ta\u015fucu Liman\u0131&#8217;na gitmek \u00fczere 30 A\u011fustos&#8217;ta \u00f6\u011fleden sonra hareket eden katamaran tipi T\u00fcrk yolcu gemisinin, k\u0131sa s\u00fcre sonra Girne a\u00e7\u0131klar\u0131nda batmas\u0131 sonucu ya\u015fanan faciada 8 ki\u015finin hayat\u0131n\u0131 kaybetti\u011fi, 20 ki\u015finin kayboldu\u011fu ve 241 ki\u015finin sa\u011f kurtar\u0131ld\u0131\u011f\u0131 \u00f6\u011frenildi. Gemi facias\u0131nda, T\u00f6rer ailesinden 11 ya\u015f\u0131ndaki Yusuf T\u00f6rer ve 10 ya\u015f\u0131ndaki Yunus T\u00f6rer sa\u011f kurtulurken, 14 ya\u015f\u0131ndaki Nisa T\u00f6rer hayat\u0131n\u0131 kaybetti. Baba Ferdi T\u00f6rer\u2019in (43) ise denizde kayboldu\u011fu ve arama \u00e7al\u0131\u015fmalar\u0131n\u0131n s\u00fcrd\u00fc\u011f\u00fc bildirildi. Hayat\u0131n\u0131 kaybeden 14 ya\u015f\u0131ndaki Nisa T\u00f6rer\u2019in annesi G\u00fcne\u015f T\u00f6rer\u2019in de 4 y\u0131l \u00f6nce kanser nedeniyle hayat\u0131n\u0131 kaybetti\u011fi \u00f6\u011frenildi.<\/p>\n<p>Cenazede g\u00f6zya\u015flar\u0131 sel oldu<br \/>\nGirne\u2019deki adli t\u0131p kurumunda i\u015flemleri tamamlanan Nisa T\u00f6rer\u2019in cenazesi, hava yoluyla Gaziantep\u2019e g\u00f6nderildi. Cenaze, Gaziantep Havaliman\u0131\u2019nda T\u00f6rer ailesinin yak\u0131nlar\u0131 taraf\u0131ndan g\u00f6zya\u015flar\u0131 i\u00e7erisinde kar\u015f\u0131land\u0131. Cenazeyi teslim alan yak\u0131nlar\u0131 b\u00fcy\u00fck \u00fcz\u00fcnt\u00fc ya\u015farken, Nisa T\u00f6rer\u2019in cenazesi Ye\u015filkent Mezarl\u0131\u011f\u0131\u2019na g\u00f6t\u00fcr\u00fcld\u00fc. T\u00f6rer\u2019in cenazesi, \u00f6\u011fle namaz\u0131na m\u00fcteakip k\u0131l\u0131nan cenaze namaz\u0131n\u0131n ard\u0131ndan sevenlerinin g\u00f6zya\u015flar\u0131 aras\u0131nda defnedildi.<br \/>\nT\u00f6rer ailesinin kuzeni Mustafa \u00c7an, &#8220;4 y\u0131l \u00f6nce anneleri vefat etmi\u015fti. \u015eu an batan gemide kaybolan Ferdi abi \u00e7ocuklar\u0131n\u0131 al\u0131p halas\u0131n\u0131 yan\u0131na tatile gitti. Oradan d\u00f6nerken bu olay oldu. \u015eu an k\u0131z\u0131m\u0131z\u0131 defnedece\u011fiz. Ferdi T\u00f6rer hala kay\u0131p, hala haber yok. \u015eimdi bir k\u0131z\u0131 vefat etti. Di\u011fer 2 \u00e7ocuk sa\u011f salim \u00e7ok \u015f\u00fck\u00fcr kurtuldu. Onlar da buradalar. Sa\u011fl\u0131k kontrol\u00fc yap\u0131ld\u0131. \u00e7ocuklar\u0131 bize teslim ettiler. Ama kay\u0131p babalar\u0131 hala bulunamad\u0131. \u0130n\u015fallah g\u00fczel bir haber bekliyoruz. G\u00f6zalt\u0131 ve tutuklananlar oldu. \u0130hmali olanlar\u0131n cezas\u0131 \u00e7ekmesini istiyoruz. En a\u011f\u0131r \u015fekilde cezaland\u0131rmalar\u0131n\u0131 istiyoruz. \u015eu an hepimizin y\u00fcre\u011fi yan\u0131yor. Bu ac\u0131 hepimizin ac\u0131s\u0131&#8221; dedi.<\/p>\n","protected":false},"excerpt":{"rendered":"<p>Kuzey K\u0131br\u0131s T\u00fcrk Cumhuriyeti\u2019nin (KKTC) Girne kenti a\u00e7\u0131klar\u0131nda yolcu gemisinin batmas\u0131 sonucu hayat\u0131n\u0131 kaybeden 14 ya\u015f\u0131ndaki Nisa T\u00f6rer\u2019in cenazesi, memleketi Gaziantep\u2019te g\u00f6zya\u015flar\u0131 aras\u0131nda son yolculu\u011funa u\u011furland\u0131. Gaziantep\u2019te ya\u015fayan fabrika i\u015f\u00e7isi 43 ya\u015f\u0131ndaki Ferdi T\u00f6rer, y\u0131ll\u0131k izninde 3 \u00e7ocu\u011funu da yan\u0131na alarak Mersin\u2019in Ta\u015fucu Liman\u0131\u2019ndan kalkan gemiyle KKTC\u2019ye gitti. D\u00f6n\u00fc\u015f yolunda Girne&#8217;den Mersin&#8217;in Ta\u015fucu Liman\u0131&#8217;na gitmek [&hellip;]<\/p>\n","protected":false},"author":2,"featured_media":142390,"comment_status":"open","ping_status":"open","sticky":false,"template":"","format":"standard","meta":{"footnotes":""},"categories":[1],"tags":[],"class_list":["post-142389","post","type-post","status-publish","format-standard","has-post-thumbnail","hentry","category-gundem"],"views":50,"_links":{"self":[{"href":"https:\/\/mersingazetesi.com\/index.php\/wp-json\/wp\/v2\/posts\/142389","targetHints":{"allow":["GET"]}}],"collection":[{"href":"https:\/\/mersingazetesi.com\/index.php\/wp-json\/wp\/v2\/posts"}],"about":[{"href":"https:\/\/mersingazetesi.com\/index.php\/wp-json\/wp\/v2\/types\/post"}],"author":[{"embeddable":true,"href":"https:\/\/mersingazetesi.com\/index.php\/wp-json\/wp\/v2\/users\/2"}],"replies":[{"embeddable":true,"href":"https:\/\/mersingazetesi.com\/index.php\/wp-json\/wp\/v2\/comments?post=142389"}],"version-history":[{"count":1,"href":"https:\/\/mersingazetesi.com\/index.php\/wp-json\/wp\/v2\/posts\/142389\/revisions"}],"predecessor-version":[{"id":142391,"href":"https:\/\/mersingazetesi.com\/index.php\/wp-json\/wp\/v2\/posts\/142389\/revisions\/142391"}],"wp:featuredmedia":[{"embeddable":true,"href":"https:\/\/mersingazetesi.com\/index.php\/wp-json\/wp\/v2\/media\/142390"}],"wp:attachment":[{"href":"https:\/\/mersingazetesi.com\/index.php\/wp-json\/wp\/v2\/media?parent=142389"}],"wp:term":[{"taxonomy":"category","embeddable":true,"href":"https:\/\/mersingazetesi.com\/index.php\/wp-json\/wp\/v2\/categories?post=142389"},{"taxonomy":"post_tag","embeddable":true,"href":"https:\/\/mersingazetesi.com\/index.php\/wp-json\/wp\/v2\/tags?post=142389"}],"curies":[{"name":"wp","href":"https:\/\/api.w.org\/{rel}","templated":true}]}}