{"id":142376,"date":"2026-09-01T12:40:34","date_gmt":"2026-09-01T09:40:34","guid":{"rendered":"https:\/\/mersingazetesi.com\/?p=142376"},"modified":"2026-09-01T12:40:34","modified_gmt":"2026-09-01T09:40:34","slug":"feribot-faciasinda-hayatini-kaybeden-huseyin-ozdemir-silifkede-topraga-verildi","status":"publish","type":"post","link":"https:\/\/mersingazetesi.com\/index.php\/2026\/09\/01\/feribot-faciasinda-hayatini-kaybeden-huseyin-ozdemir-silifkede-topraga-verildi\/","title":{"rendered":"Feribot facias\u0131nda hayat\u0131n\u0131 kaybeden H\u00fcseyin \u00d6zdemir, Silifke&#8217;de topra\u011fa verildi"},"content":{"rendered":"<p>Kuzey K\u0131br\u0131s T\u00fcrk Cumhuriyeti\u2019nin (KKTC) Girne kenti a\u00e7\u0131klar\u0131nda meydana gelen feribot facias\u0131nda hayat\u0131n\u0131 kaybeden H\u00fcseyin \u00d6zdemir\u2019in cenazesi, memleketi\u00a0<strong class=\"searchword\">Mersin<\/strong>&#8216;in Silifke il\u00e7esine ba\u011fl\u0131 Nuru Mahallesi&#8217;nde topa\u011fa verildi.<br \/>\n<strong class=\"searchword\">Mersin<\/strong>&#8216;in Silifke il\u00e7esi Nuru Mahallesi&#8217;nde ya\u015fayan H\u00fcseyin \u00d6zdemir, e\u015fi \u015eerif \u00d6zdemir, k\u0131zlar\u0131 Kamuran \u00dcnal, \u015eeng\u00fcl \u015eahin ve damad\u0131 Hakk\u0131 \u015eahin ile birlikte bir yak\u0131nlar\u0131n\u0131n d\u00fc\u011f\u00fcn merasimi i\u00e7in gittikleri K\u0131br\u0131s&#8217;tan d\u00f6nerken feribot facias\u0131na yakaland\u0131. Girne a\u00e7\u0131klar\u0131nda meydana gelen kazada H\u00fcseyin \u00d6zdemir hayat\u0131n\u0131 kaybederken, iki k\u0131z\u0131 ve damad\u0131 yaral\u0131 kurtuldu. Ayn\u0131 gemide bulunan e\u015fi \u015eerif \u00d6zdemir&#8217;in ise halen kay\u0131p olarak arand\u0131\u011f\u0131 bildirildi.<br \/>\nH\u00fcseyin \u00d6zdemir\u2019in cenazesi, i\u015flemlerin tamamlanmas\u0131n\u0131n ard\u0131ndan d\u00fcn ak\u015fam u\u00e7akla \u00c7ukurova Uluslararas\u0131 Havaliman\u0131\u2019na oradan da kara yoluyla Silifke Devlet Hastanesi morguna getirildi. \u00d6zdemir i\u00e7in bug\u00fcn Nuru Mahallesi&#8217;nde cenaze t\u00f6reni d\u00fczenlendi. T\u00f6rene\u00a0<strong class=\"searchword\">Mersin<\/strong>\u00a0Valisi Atilla Toros ve Silifke Kaymakam\u0131 Ey\u00fcp F\u0131rat&#8217;\u0131n yan\u0131 s\u0131ra kazadan yaral\u0131 kurtulan k\u0131zlar\u0131 Kamuran \u00dcnal, \u015eeng\u00fcl \u015eahin, damad\u0131 Hakk\u0131 \u015eahin, yak\u0131nlar\u0131 ve \u00e7ok say\u0131da vatanda\u015f kat\u0131ld\u0131. \u00d6zdemir&#8217;in cenazesi, kal\u0131nan cenaze namaz\u0131n\u0131n ard\u0131ndan yak\u0131nlar\u0131n\u0131n g\u00f6z ya\u015flar\u0131 aras\u0131nda son yolculu\u011funa u\u011furland\u0131. Kazadan yaral\u0131 kurtulan ve cenaze t\u00f6reninde olduk\u00e7a bitkin olduklar\u0131 g\u00f6r\u00fclen k\u0131zlar\u0131 ile damad\u0131n\u0131, yak\u0131nlar\u0131 teskin etmeye \u00e7al\u0131\u015ft\u0131.<\/p>\n","protected":false},"excerpt":{"rendered":"<p>Kuzey K\u0131br\u0131s T\u00fcrk Cumhuriyeti\u2019nin (KKTC) Girne kenti a\u00e7\u0131klar\u0131nda meydana gelen feribot facias\u0131nda hayat\u0131n\u0131 kaybeden H\u00fcseyin \u00d6zdemir\u2019in cenazesi, memleketi\u00a0Mersin&#8216;in Silifke il\u00e7esine ba\u011fl\u0131 Nuru Mahallesi&#8217;nde topa\u011fa verildi. Mersin&#8216;in Silifke il\u00e7esi Nuru Mahallesi&#8217;nde ya\u015fayan H\u00fcseyin \u00d6zdemir, e\u015fi \u015eerif \u00d6zdemir, k\u0131zlar\u0131 Kamuran \u00dcnal, \u015eeng\u00fcl \u015eahin ve damad\u0131 Hakk\u0131 \u015eahin ile birlikte bir yak\u0131nlar\u0131n\u0131n d\u00fc\u011f\u00fcn merasimi i\u00e7in gittikleri K\u0131br\u0131s&#8217;tan d\u00f6nerken [&hellip;]<\/p>\n","protected":false},"author":2,"featured_media":142377,"comment_status":"open","ping_status":"open","sticky":false,"template":"","format":"standard","meta":{"footnotes":""},"categories":[1],"tags":[],"class_list":["post-142376","post","type-post","status-publish","format-standard","has-post-thumbnail","hentry","category-gundem"],"views":56,"_links":{"self":[{"href":"https:\/\/mersingazetesi.com\/index.php\/wp-json\/wp\/v2\/posts\/142376","targetHints":{"allow":["GET"]}}],"collection":[{"href":"https:\/\/mersingazetesi.com\/index.php\/wp-json\/wp\/v2\/posts"}],"about":[{"href":"https:\/\/mersingazetesi.com\/index.php\/wp-json\/wp\/v2\/types\/post"}],"author":[{"embeddable":true,"href":"https:\/\/mersingazetesi.com\/index.php\/wp-json\/wp\/v2\/users\/2"}],"replies":[{"embeddable":true,"href":"https:\/\/mersingazetesi.com\/index.php\/wp-json\/wp\/v2\/comments?post=142376"}],"version-history":[{"count":1,"href":"https:\/\/mersingazetesi.com\/index.php\/wp-json\/wp\/v2\/posts\/142376\/revisions"}],"predecessor-version":[{"id":142378,"href":"https:\/\/mersingazetesi.com\/index.php\/wp-json\/wp\/v2\/posts\/142376\/revisions\/142378"}],"wp:featuredmedia":[{"embeddable":true,"href":"https:\/\/mersingazetesi.com\/index.php\/wp-json\/wp\/v2\/media\/142377"}],"wp:attachment":[{"href":"https:\/\/mersingazetesi.com\/index.php\/wp-json\/wp\/v2\/media?parent=142376"}],"wp:term":[{"taxonomy":"category","embeddable":true,"href":"https:\/\/mersingazetesi.com\/index.php\/wp-json\/wp\/v2\/categories?post=142376"},{"taxonomy":"post_tag","embeddable":true,"href":"https:\/\/mersingazetesi.com\/index.php\/wp-json\/wp\/v2\/tags?post=142376"}],"curies":[{"name":"wp","href":"https:\/\/api.w.org\/{rel}","templated":true}]}}