{"id":142374,"date":"2026-09-01T12:04:28","date_gmt":"2026-09-01T09:04:28","guid":{"rendered":"https:\/\/mersingazetesi.com\/?p=142374"},"modified":"2026-09-01T12:04:46","modified_gmt":"2026-09-01T09:04:46","slug":"milletvekili-perihan-koca-girne-aciklarinda-batan-filojeti-tbmm-gundemine-tasidi","status":"publish","type":"post","link":"https:\/\/mersingazetesi.com\/index.php\/2026\/09\/01\/milletvekili-perihan-koca-girne-aciklarinda-batan-filojeti-tbmm-gundemine-tasidi\/","title":{"rendered":"M\u0130LLETVEK\u0130L\u0130 PER\u0130HAN KOCA, G\u0130RNE A\u00c7IKLARINDA BATAN F\u0130LOJET\u2019\u0130 TBMM G\u00dcNDEM\u0130NE TA\u015eIDI"},"content":{"rendered":"<p>Mersin Milletvekili Perihan Koca, Girne a\u00e7\u0131klar\u0131nda batan KKTC bayrakl\u0131 FiloJet isimli yolcu gemisi hakk\u0131nda Ula\u015ft\u0131rma ve Altyap\u0131 Bakanl\u0131\u011f\u0131\u2019na soru \u00f6nergesi verdi.<\/p>\n<p>Koca, 01.09.2026 tarihli \u00f6nergesinde geminin 26 ya\u015f\u0131nda oldu\u011funu, 2000 y\u0131l\u0131nda Fransa\u2019da \u201cIris Jet\u201d ad\u0131yla \u00fcretildi\u011fini hat\u0131rlatarak, T\u00fcrkiye\u2019de y\u0131llarca Ta\u015fucu Liman\u0131\u2019nda hacizli olarak bekledikten sonra icra yoluyla sat\u0131l\u0131p yenilendi\u011fi iddias\u0131yla yeniden sefere koyuldu\u011funu belirtti.<\/p>\n<p>&#8220;DENET\u0130MLERE DA\u0130R C\u0130DD\u0130 SORU \u0130\u015eARETLER\u0130 VAR&#8221;<\/p>\n<p>\u201cB\u00f6ylesine eski ve ge\u00e7mi\u015fi \u015faibeli bir deniz arac\u0131n\u0131n y\u00fczlerce can ta\u015f\u0131mas\u0131na m\u00fcsaade edilmesi, denizcilik denetimlerine ve sefer izinlerine y\u00f6nelik \u00e7ok ciddi soru i\u015faretleri do\u011furmu\u015ftur\u201d diyen Koca, benzer facialar\u0131n tekrarlanmamas\u0131 i\u00e7in konunun ayd\u0131nlat\u0131lmas\u0131n\u0131 istedi.<\/p>\n<p>BAKANLI\u011eA 8 SORU Y\u00d6NELT\u0130LD\u0130<\/p>\n<p>Milletvekili Koca \u00f6nergesinde Bakanl\u0131\u011fa \u015fu sorular\u0131 y\u00f6neltti:<\/p>\n<p>FiloJet gemisi Ta\u015fucu Liman Ba\u015fkanl\u0131\u011f\u0131 taraf\u0131ndan en son ne zaman liman devleti denetimine tabi tutuldu?<\/p>\n<p>Denetimlerde g\u00f6vde yorgunlu\u011fu, cankurtaran te\u00e7hizat\u0131 ve seyr\u00fcsefer elveri\u015flili\u011fine dair eksiklik tespit edildi mi?<\/p>\n<p>Geminin en son tersane, kuru havuzlama ve klas sertifikalar\u0131 kontrol edildi mi?<\/p>\n<p>Kazan\u0131n sebebi yap\u0131sal hasar m\u0131, teknik ar\u0131za m\u0131, yoksa y\u00fck dengesizli\u011fi mi? Soru\u015fturma hangi a\u015famada?2003\u2019te geminin ald\u0131\u011f\u0131 hasarla bu kazan\u0131n ili\u015fkisi ve T\u00fcrk Loydu\u2019nun son s\u00f6rvey raporlar\u0131 incelenecek mi?<\/p>\n<p>Soru\u015fturmada ba\u011f\u0131ms\u0131z kurulu\u015flardan teknik inceleme talep edilecek mi?<\/p>\n<p>\u0130\u015fletmeci firma, kaptan ve denetim onay\u0131 veren yetkililer hakk\u0131nda adli\/idari soru\u015fturma var m\u0131?<\/p>\n<p>T\u00fcrkiye-KKTC hatt\u0131ndaki gemilerin ya\u015f ortalamas\u0131 nedir? Hatlar dahil t\u00fcm yolcu gemileri i\u00e7in acil denetim kampanyas\u0131 ba\u015flat\u0131lacak m\u0131?<\/p>\n","protected":false},"excerpt":{"rendered":"<p>Mersin Milletvekili Perihan Koca, Girne a\u00e7\u0131klar\u0131nda batan KKTC bayrakl\u0131 FiloJet isimli yolcu gemisi hakk\u0131nda Ula\u015ft\u0131rma ve Altyap\u0131 Bakanl\u0131\u011f\u0131\u2019na soru \u00f6nergesi verdi. Koca, 01.09.2026 tarihli \u00f6nergesinde geminin 26 ya\u015f\u0131nda oldu\u011funu, 2000 y\u0131l\u0131nda Fransa\u2019da \u201cIris Jet\u201d ad\u0131yla \u00fcretildi\u011fini hat\u0131rlatarak, T\u00fcrkiye\u2019de y\u0131llarca Ta\u015fucu Liman\u0131\u2019nda hacizli olarak bekledikten sonra icra yoluyla sat\u0131l\u0131p yenilendi\u011fi iddias\u0131yla yeniden sefere koyuldu\u011funu belirtti. &#8220;DENET\u0130MLERE [&hellip;]<\/p>\n","protected":false},"author":2,"featured_media":142260,"comment_status":"open","ping_status":"open","sticky":false,"template":"","format":"standard","meta":{"footnotes":""},"categories":[8],"tags":[],"class_list":["post-142374","post","type-post","status-publish","format-standard","has-post-thumbnail","hentry","category-mersin"],"views":69,"_links":{"self":[{"href":"https:\/\/mersingazetesi.com\/index.php\/wp-json\/wp\/v2\/posts\/142374","targetHints":{"allow":["GET"]}}],"collection":[{"href":"https:\/\/mersingazetesi.com\/index.php\/wp-json\/wp\/v2\/posts"}],"about":[{"href":"https:\/\/mersingazetesi.com\/index.php\/wp-json\/wp\/v2\/types\/post"}],"author":[{"embeddable":true,"href":"https:\/\/mersingazetesi.com\/index.php\/wp-json\/wp\/v2\/users\/2"}],"replies":[{"embeddable":true,"href":"https:\/\/mersingazetesi.com\/index.php\/wp-json\/wp\/v2\/comments?post=142374"}],"version-history":[{"count":1,"href":"https:\/\/mersingazetesi.com\/index.php\/wp-json\/wp\/v2\/posts\/142374\/revisions"}],"predecessor-version":[{"id":142375,"href":"https:\/\/mersingazetesi.com\/index.php\/wp-json\/wp\/v2\/posts\/142374\/revisions\/142375"}],"wp:featuredmedia":[{"embeddable":true,"href":"https:\/\/mersingazetesi.com\/index.php\/wp-json\/wp\/v2\/media\/142260"}],"wp:attachment":[{"href":"https:\/\/mersingazetesi.com\/index.php\/wp-json\/wp\/v2\/media?parent=142374"}],"wp:term":[{"taxonomy":"category","embeddable":true,"href":"https:\/\/mersingazetesi.com\/index.php\/wp-json\/wp\/v2\/categories?post=142374"},{"taxonomy":"post_tag","embeddable":true,"href":"https:\/\/mersingazetesi.com\/index.php\/wp-json\/wp\/v2\/tags?post=142374"}],"curies":[{"name":"wp","href":"https:\/\/api.w.org\/{rel}","templated":true}]}}