{"id":142364,"date":"2026-09-01T11:43:12","date_gmt":"2026-09-01T08:43:12","guid":{"rendered":"https:\/\/mersingazetesi.com\/?p=142364"},"modified":"2026-09-01T11:43:12","modified_gmt":"2026-09-01T08:43:12","slug":"tarsusta-yeni-adli-yil-basladi","status":"publish","type":"post","link":"https:\/\/mersingazetesi.com\/index.php\/2026\/09\/01\/tarsusta-yeni-adli-yil-basladi\/","title":{"rendered":"Tarsus\u2019ta yeni adli y\u0131l ba\u015flad\u0131"},"content":{"rendered":"<p>Mersin\u2019in Tarsus il\u00e7esinde 2026-2027 Adli Y\u0131l\u0131n\u0131n a\u00e7\u0131l\u0131\u015f\u0131 dolay\u0131s\u0131yla d\u00fczenlenen programda konu\u015fan Tarsus Cumhuriyet Ba\u015fsavc\u0131s\u0131 G\u00fcrkan \u00d6zkaynak, vatanda\u015flara adalete eri\u015fim konusunda \u00f6nemli mesajlar verdi. \u00d6zkaynak, &#8220;Adliyemizin kap\u0131s\u0131 sizindir. \u00c7ekinmeden, \u00e7ekince duymadan bu kap\u0131ya gelebilirsiniz&#8221; dedi.<br \/>\n2026-2027 Adli Y\u0131l\u0131n\u0131n ba\u015flamas\u0131 dolay\u0131s\u0131yla Tarsus\u2019ta d\u00fczenlenen a\u00e7\u0131l\u0131\u015f program\u0131na \u0130l\u00e7e Emniyet M\u00fcd\u00fcr\u00fc Bayram Bar\u0131\u015f Alt\u0131ndal, Tarsus \u00dcniversitesi Rekt\u00f6r\u00fc Prof. Dr. Ali \u00d6zen, \u0130l\u00e7e Jandarma Komutan\u0131 Mehmet G\u00fcler\u2019in yan\u0131 s\u0131ra hakimler, savc\u0131lar, avukatlar, adliye personeli ve davetliler kat\u0131ld\u0131.<br \/>\nProgramda konu\u015fan Tarsus Cumhuriyet Ba\u015fsavc\u0131s\u0131 G\u00fcrkan \u00d6zkaynak, yeni adli y\u0131l\u0131n yarg\u0131 camias\u0131na ve millete hay\u0131rl\u0131 olmas\u0131 temennisinde bulundu. Adli hizmetlerin artan n\u00fcfus ve i\u015f y\u00fck\u00fcne ra\u011fmen b\u00fcy\u00fck bir \u00f6zveriyle s\u00fcrd\u00fcr\u00fcld\u00fc\u011f\u00fcn\u00fc belirten Ba\u015fsavc\u0131 \u00d6zkaynak, savc\u0131lar\u0131n vatanda\u015flar\u0131n adalet beklentisini kar\u015f\u0131lamak amac\u0131yla etkili soru\u015fturma y\u00f6ntemlerini mevzuata uygun \u015fekilde kulland\u0131\u011f\u0131n\u0131 ifade etti.<br \/>\nHakimlerin de hukuka uygun \u015fekilde toplanan deliller do\u011frultusunda etkin yarg\u0131lamalar ger\u00e7ekle\u015ftirdi\u011fini dile getiren \u00d6zkaynak, hukuk yarg\u0131lamalar\u0131nda i\u015f ve i\u015flemlerin s\u00fcratle takip edildi\u011fini, adalet hizmetlerinin her a\u015famas\u0131nda titiz bir \u00e7al\u0131\u015fma y\u00fcr\u00fct\u00fcld\u00fc\u011f\u00fcn\u00fc kaydetti. \u00d6zkaynak, yaz\u0131 i\u015fleri m\u00fcd\u00fcrleri ve kalem personelinin adalet hizmetlerinin y\u00fcr\u00fct\u00fclmesinde \u00f6nemli g\u00f6rev \u00fcstlendi\u011fini belirtirken, ceza infaz kurumlar\u0131nda da h\u00fck\u00fcml\u00fclerin \u0131slah\u0131 ve yeniden topluma kazand\u0131r\u0131lmas\u0131 amac\u0131yla cezaevi y\u00f6netimi ve personelinin \u00e7al\u0131\u015fmalar\u0131n\u0131 s\u00fcrd\u00fcrd\u00fc\u011f\u00fcn\u00fc s\u00f6yledi.<\/p>\n<p>&#8220;Adliyenin so\u011fuk duvarlar\u0131n\u0131n arkas\u0131nda s\u0131cak bir kalp var&#8221;<br \/>\nTarsus, Pozant\u0131 ve \u00c7aml\u0131yayla\u2019da ya\u015fayan vatanda\u015flara seslenen Ba\u015fsavc\u0131 G\u00fcrkan \u00d6zkaynak, \u015f\u00f6yle konu\u015ftu: &#8220;Adliyenin so\u011fuk duvarlar\u0131n\u0131n arkas\u0131nda Anadolu\u2019nun tertemiz evlatlar\u0131 olan, s\u0131cak bir kalp, ter d\u00f6ken yarg\u0131 mensuplar\u0131 vard\u0131r. \u0130htiya\u00e7 duyuldu\u011funda adalete eri\u015fiminiz kolayd\u0131r. Adliyemizin kap\u0131s\u0131 sizindir. Adliyenin kap\u0131s\u0131 size emanettir. \u00c7ekinmeden, \u00e7ekince duymadan bu kap\u0131ya gelebilirsiniz.&#8221;<br \/>\nSavunman\u0131n temsilcisi avukatlarla g\u00fc\u00e7l\u00fc bir i\u015f birli\u011fi i\u00e7erisinde olacaklar\u0131n\u0131 da vurgulayan \u00d6zkaynak, yarg\u0131n\u0131n etkinli\u011finin art\u0131r\u0131lmas\u0131 ad\u0131na avukatlardan gelecek tavsiye ve \u00f6nerilerin de\u011ferlendirilece\u011fini ifade etti.<br \/>\nYeni adli y\u0131l \u00f6ncesinde yay\u0131mlanan kararnameyle Tarsus Adliyesinden ayr\u0131lan meslekta\u015flar\u0131na yeni g\u00f6rev yerlerinde ba\u015far\u0131lar dileyen \u00d6zkaynak, Tarsus\u2019a atanan ba\u015fta Adalet Komisyonu Ba\u015fkan\u0131 olmak \u00fczere hakim ve savc\u0131lara da yeni g\u00f6revlerinde ba\u015far\u0131 temennisinde bulundu.<br \/>\nKolluk kuvvetleri ile ceza infaz kurumlar\u0131nda g\u00f6rev yapan personele de te\u015fekk\u00fcr eden Ba\u015fsavc\u0131 \u00d6zkaynak, konu\u015fmas\u0131n\u0131 2026-2027 Adli Y\u0131l\u0131n\u0131n \u00fclkeye, millete ve yarg\u0131 camias\u0131na hay\u0131rlar getirmesi temennisiyle tamamlad\u0131.<\/p>\n","protected":false},"excerpt":{"rendered":"<p>Mersin\u2019in Tarsus il\u00e7esinde 2026-2027 Adli Y\u0131l\u0131n\u0131n a\u00e7\u0131l\u0131\u015f\u0131 dolay\u0131s\u0131yla d\u00fczenlenen programda konu\u015fan Tarsus Cumhuriyet Ba\u015fsavc\u0131s\u0131 G\u00fcrkan \u00d6zkaynak, vatanda\u015flara adalete eri\u015fim konusunda \u00f6nemli mesajlar verdi. \u00d6zkaynak, &#8220;Adliyemizin kap\u0131s\u0131 sizindir. \u00c7ekinmeden, \u00e7ekince duymadan bu kap\u0131ya gelebilirsiniz&#8221; dedi. 2026-2027 Adli Y\u0131l\u0131n\u0131n ba\u015flamas\u0131 dolay\u0131s\u0131yla Tarsus\u2019ta d\u00fczenlenen a\u00e7\u0131l\u0131\u015f program\u0131na \u0130l\u00e7e Emniyet M\u00fcd\u00fcr\u00fc Bayram Bar\u0131\u015f Alt\u0131ndal, Tarsus \u00dcniversitesi Rekt\u00f6r\u00fc Prof. Dr. Ali [&hellip;]<\/p>\n","protected":false},"author":2,"featured_media":142365,"comment_status":"open","ping_status":"open","sticky":false,"template":"","format":"standard","meta":{"footnotes":""},"categories":[1],"tags":[],"class_list":["post-142364","post","type-post","status-publish","format-standard","has-post-thumbnail","hentry","category-gundem"],"views":63,"_links":{"self":[{"href":"https:\/\/mersingazetesi.com\/index.php\/wp-json\/wp\/v2\/posts\/142364","targetHints":{"allow":["GET"]}}],"collection":[{"href":"https:\/\/mersingazetesi.com\/index.php\/wp-json\/wp\/v2\/posts"}],"about":[{"href":"https:\/\/mersingazetesi.com\/index.php\/wp-json\/wp\/v2\/types\/post"}],"author":[{"embeddable":true,"href":"https:\/\/mersingazetesi.com\/index.php\/wp-json\/wp\/v2\/users\/2"}],"replies":[{"embeddable":true,"href":"https:\/\/mersingazetesi.com\/index.php\/wp-json\/wp\/v2\/comments?post=142364"}],"version-history":[{"count":1,"href":"https:\/\/mersingazetesi.com\/index.php\/wp-json\/wp\/v2\/posts\/142364\/revisions"}],"predecessor-version":[{"id":142366,"href":"https:\/\/mersingazetesi.com\/index.php\/wp-json\/wp\/v2\/posts\/142364\/revisions\/142366"}],"wp:featuredmedia":[{"embeddable":true,"href":"https:\/\/mersingazetesi.com\/index.php\/wp-json\/wp\/v2\/media\/142365"}],"wp:attachment":[{"href":"https:\/\/mersingazetesi.com\/index.php\/wp-json\/wp\/v2\/media?parent=142364"}],"wp:term":[{"taxonomy":"category","embeddable":true,"href":"https:\/\/mersingazetesi.com\/index.php\/wp-json\/wp\/v2\/categories?post=142364"},{"taxonomy":"post_tag","embeddable":true,"href":"https:\/\/mersingazetesi.com\/index.php\/wp-json\/wp\/v2\/tags?post=142364"}],"curies":[{"name":"wp","href":"https:\/\/api.w.org\/{rel}","templated":true}]}}