{"id":142360,"date":"2026-09-01T10:25:53","date_gmt":"2026-09-01T07:25:53","guid":{"rendered":"https:\/\/mersingazetesi.com\/?p=142360"},"modified":"2026-09-01T10:25:53","modified_gmt":"2026-09-01T07:25:53","slug":"mersinden-okculukta-tarihi-basari","status":"publish","type":"post","link":"https:\/\/mersingazetesi.com\/index.php\/2026\/09\/01\/mersinden-okculukta-tarihi-basari\/","title":{"rendered":"MERS\u0130N\u2019DEN OK\u00c7ULUKTA TAR\u0130H\u0130 BA\u015eARI"},"content":{"rendered":"<div class=\"x14z9mp xat24cr x1lziwak x1vvkbs xtlvy1s x126k92a\">\n<div dir=\"auto\">26-30 A\u011fustos 2026 tarihleri aras\u0131nda D\u00fczce\u2019de ger\u00e7ekle\u015ftirilen U15-U13 A\u00e7\u0131k Hava Ok\u00e7uluk T\u00fcrkiye \u015eampiyonas\u0131, Mersinli ok\u00e7ular\u0131n tarihi ba\u015far\u0131s\u0131na sahne oldu!<\/div>\n<\/div>\n<div class=\"x14z9mp xat24cr x1lziwak x1vvkbs xtlvy1s x126k92a\">\n<div dir=\"auto\">Klasik Yay U15 Kad\u0131nlar kategorisinde m\u00fccadele eden sporcu Nur Eker, toplam 686 puan atarak T\u00fcrkiye rekoru k\u0131rd\u0131 ve \u015fampiyonada b\u00fcy\u00fck bir ba\u015far\u0131ya imza att\u0131.<\/div>\n<\/div>\n<div class=\"x14z9mp xat24cr x1lziwak x1vvkbs xtlvy1s x126k92a\">\n<div dir=\"auto\">Bir di\u011fer tarihi ba\u015far\u0131 ise Klasik Yay U15 K\u0131z\/Erkek Mix Tak\u0131m\u0131 kategorisinde G\u00f6rkem K\u00fc\u00e7\u00fck ve Nur Eker, toplam 1354 puan atarak T\u00fcrkiye rekorunu k\u0131rarak Alt\u0131n Madalya\u2019n\u0131n sahibi oldu.<\/div>\n<\/div>\n<div class=\"x14z9mp xat24cr x1lziwak x1vvkbs xtlvy1s x126k92a\">\n<div dir=\"auto\">B\u00fcy\u00fck bir \u00f6zveri ve disiplinle \u00e7al\u0131\u015fan sporcular, emeklerinin kar\u015f\u0131l\u0131\u011f\u0131n\u0131 T\u00fcrkiye rekorlar\u0131 ve \u015fampiyonlukla ald\u0131.<\/div>\n<\/div>\n","protected":false},"excerpt":{"rendered":"<p>26-30 A\u011fustos 2026 tarihleri aras\u0131nda D\u00fczce\u2019de ger\u00e7ekle\u015ftirilen U15-U13 A\u00e7\u0131k Hava Ok\u00e7uluk T\u00fcrkiye \u015eampiyonas\u0131, Mersinli ok\u00e7ular\u0131n tarihi ba\u015far\u0131s\u0131na sahne oldu! Klasik Yay U15 Kad\u0131nlar kategorisinde m\u00fccadele eden sporcu Nur Eker, toplam 686 puan atarak T\u00fcrkiye rekoru k\u0131rd\u0131 ve \u015fampiyonada b\u00fcy\u00fck bir ba\u015far\u0131ya imza att\u0131. Bir di\u011fer tarihi ba\u015far\u0131 ise Klasik Yay U15 K\u0131z\/Erkek Mix Tak\u0131m\u0131 kategorisinde [&hellip;]<\/p>\n","protected":false},"author":2,"featured_media":142361,"comment_status":"open","ping_status":"open","sticky":false,"template":"","format":"standard","meta":{"footnotes":""},"categories":[6],"tags":[],"class_list":["post-142360","post","type-post","status-publish","format-standard","has-post-thumbnail","hentry","category-spor"],"views":83,"_links":{"self":[{"href":"https:\/\/mersingazetesi.com\/index.php\/wp-json\/wp\/v2\/posts\/142360","targetHints":{"allow":["GET"]}}],"collection":[{"href":"https:\/\/mersingazetesi.com\/index.php\/wp-json\/wp\/v2\/posts"}],"about":[{"href":"https:\/\/mersingazetesi.com\/index.php\/wp-json\/wp\/v2\/types\/post"}],"author":[{"embeddable":true,"href":"https:\/\/mersingazetesi.com\/index.php\/wp-json\/wp\/v2\/users\/2"}],"replies":[{"embeddable":true,"href":"https:\/\/mersingazetesi.com\/index.php\/wp-json\/wp\/v2\/comments?post=142360"}],"version-history":[{"count":2,"href":"https:\/\/mersingazetesi.com\/index.php\/wp-json\/wp\/v2\/posts\/142360\/revisions"}],"predecessor-version":[{"id":142363,"href":"https:\/\/mersingazetesi.com\/index.php\/wp-json\/wp\/v2\/posts\/142360\/revisions\/142363"}],"wp:featuredmedia":[{"embeddable":true,"href":"https:\/\/mersingazetesi.com\/index.php\/wp-json\/wp\/v2\/media\/142361"}],"wp:attachment":[{"href":"https:\/\/mersingazetesi.com\/index.php\/wp-json\/wp\/v2\/media?parent=142360"}],"wp:term":[{"taxonomy":"category","embeddable":true,"href":"https:\/\/mersingazetesi.com\/index.php\/wp-json\/wp\/v2\/categories?post=142360"},{"taxonomy":"post_tag","embeddable":true,"href":"https:\/\/mersingazetesi.com\/index.php\/wp-json\/wp\/v2\/tags?post=142360"}],"curies":[{"name":"wp","href":"https:\/\/api.w.org\/{rel}","templated":true}]}}