{"id":142356,"date":"2026-09-01T10:24:27","date_gmt":"2026-09-01T07:24:27","guid":{"rendered":"https:\/\/mersingazetesi.com\/?p=142356"},"modified":"2026-09-01T10:24:27","modified_gmt":"2026-09-01T07:24:27","slug":"aydincikta-lagim-suyu-tepkisi-halk-sorumluluk-siralamasini-belirledi","status":"publish","type":"post","link":"https:\/\/mersingazetesi.com\/index.php\/2026\/09\/01\/aydincikta-lagim-suyu-tepkisi-halk-sorumluluk-siralamasini-belirledi\/","title":{"rendered":"AYDINC\u0131K&#8217;TA LA\u011eIM SUYU TEPK\u0130S\u0130: HALK SORUMLULUK SIRALAMASINI BEL\u0130RLED\u0130"},"content":{"rendered":"<p>Ayd\u0131nc\u0131k \u0130l\u00e7e Merkezi&#8217;nde y\u0131llard\u0131r ar\u0131t\u0131lmadan denize de\u015farj edilen la\u011f\u0131m suyu i\u00e7in vatanda\u015flar soka\u011fa \u00e7\u0131kt\u0131. Ayd\u0131nc\u0131k Kent Geli\u015fimi Dayan\u0131\u015fma ve Yard\u0131mla\u015fma Derne\u011fi &#8211; AG\u0130KDER, sorunun \u00e7\u00f6z\u00fclmemesi \u00fczerine 31 A\u011fustos 2026&#8217;da &#8220;Bilgilendirme ve Sorumlulu\u011fa Davet A\u00e7\u0131k Hava Toplant\u0131s\u0131&#8221; d\u00fczenledi.<\/p>\n<p>HALKIN OYLAMASIYLA SORUMLULAR BEL\u0130RLEND\u0130<\/p>\n<p>AG\u0130KDER Y\u00f6netimi&#8217;nin mevzuat taramas\u0131 sonras\u0131 sorumlu g\u00f6rd\u00fc\u011f\u00fc kurumlar i\u00e7in vatanda\u015flar a\u00e7\u0131k oylama yapt\u0131. Sonu\u00e7lar \u015f\u00f6yle:<\/p>\n<p>1. Derece Sorumlu: Mersin B\u00fcy\u00fck\u015fehir Belediyesi \/ MESK\u0130 &#8211; kanuni g\u00f6revini yapmad\u0131\u011f\u0131 i\u00e7in<\/p>\n<p>2. Derece Sorumlu: \u00c7evre, \u015eehircilik ve \u0130klim De\u011fi\u015fikli\u011fi Bakanl\u0131\u011f\u0131 &#8211; denetim g\u00f6revini yapmad\u0131\u011f\u0131 i\u00e7in<\/p>\n<p>3. Derece Sorumlu: Sa\u011fl\u0131k Bakanl\u0131\u011f\u0131 &#8211; denize girilen alanda analiz yap\u0131p halk\u0131 bilgilendirmedi\u011fi i\u00e7in<\/p>\n<p>4. Derece Sorumlu: Vatanda\u015f &#8211; yeterli tepkiyi vermedi\u011fi i\u00e7in<\/p>\n<p>Toplant\u0131ya Ayd\u0131nc\u0131k Kent Konseyi Ba\u015fkan\u0131 Mehmet Sar\u0131 da kat\u0131larak g\u00f6r\u00fc\u015flerini payla\u015ft\u0131.<\/p>\n<p>&#8220;SORUN \u00c7\u00d6Z\u00dcLMEZSE YARGI YOLU&#8221;<\/p>\n<p>AG\u0130KDER Y\u00f6netim Kurulu, 1. derece sorumlu MESK\u0130&#8217;nin g\u00f6revini yapmamas\u0131 halinde denetim yetkisi bulunan Bakanl\u0131\u011f\u0131n devreye girmesi gerekti\u011fini belirtti. Aksi takdirde sorumluluk s\u0131ralamas\u0131nda Bakanl\u0131\u011f\u0131n 1. s\u0131raya y\u00fckselece\u011fi kaydedildi.<\/p>\n<p>Dernek, sorun \u00e7\u00f6z\u00fclene kadar konunun takip\u00e7isi olacaklar\u0131n\u0131 ve gerekirse yarg\u0131 yoluna ba\u015fvuracaklar\u0131n\u0131 a\u00e7\u0131klad\u0131.<\/p>\n<p>A\u00e7\u0131klamada, &#8220;Kanuna a\u00e7\u0131k ayk\u0131r\u0131 bir su\u00e7 art\u0131k g\u00f6rmezden gelinemez&#8221; vurgusu yap\u0131ld\u0131.<\/p>\n","protected":false},"excerpt":{"rendered":"<p>Ayd\u0131nc\u0131k \u0130l\u00e7e Merkezi&#8217;nde y\u0131llard\u0131r ar\u0131t\u0131lmadan denize de\u015farj edilen la\u011f\u0131m suyu i\u00e7in vatanda\u015flar soka\u011fa \u00e7\u0131kt\u0131. Ayd\u0131nc\u0131k Kent Geli\u015fimi Dayan\u0131\u015fma ve Yard\u0131mla\u015fma Derne\u011fi &#8211; AG\u0130KDER, sorunun \u00e7\u00f6z\u00fclmemesi \u00fczerine 31 A\u011fustos 2026&#8217;da &#8220;Bilgilendirme ve Sorumlulu\u011fa Davet A\u00e7\u0131k Hava Toplant\u0131s\u0131&#8221; d\u00fczenledi. HALKIN OYLAMASIYLA SORUMLULAR BEL\u0130RLEND\u0130 AG\u0130KDER Y\u00f6netimi&#8217;nin mevzuat taramas\u0131 sonras\u0131 sorumlu g\u00f6rd\u00fc\u011f\u00fc kurumlar i\u00e7in vatanda\u015flar a\u00e7\u0131k oylama yapt\u0131. Sonu\u00e7lar [&hellip;]<\/p>\n","protected":false},"author":2,"featured_media":142357,"comment_status":"open","ping_status":"open","sticky":false,"template":"","format":"standard","meta":{"footnotes":""},"categories":[5],"tags":[],"class_list":["post-142356","post","type-post","status-publish","format-standard","has-post-thumbnail","hentry","category-saglik"],"views":143,"_links":{"self":[{"href":"https:\/\/mersingazetesi.com\/index.php\/wp-json\/wp\/v2\/posts\/142356","targetHints":{"allow":["GET"]}}],"collection":[{"href":"https:\/\/mersingazetesi.com\/index.php\/wp-json\/wp\/v2\/posts"}],"about":[{"href":"https:\/\/mersingazetesi.com\/index.php\/wp-json\/wp\/v2\/types\/post"}],"author":[{"embeddable":true,"href":"https:\/\/mersingazetesi.com\/index.php\/wp-json\/wp\/v2\/users\/2"}],"replies":[{"embeddable":true,"href":"https:\/\/mersingazetesi.com\/index.php\/wp-json\/wp\/v2\/comments?post=142356"}],"version-history":[{"count":2,"href":"https:\/\/mersingazetesi.com\/index.php\/wp-json\/wp\/v2\/posts\/142356\/revisions"}],"predecessor-version":[{"id":142359,"href":"https:\/\/mersingazetesi.com\/index.php\/wp-json\/wp\/v2\/posts\/142356\/revisions\/142359"}],"wp:featuredmedia":[{"embeddable":true,"href":"https:\/\/mersingazetesi.com\/index.php\/wp-json\/wp\/v2\/media\/142357"}],"wp:attachment":[{"href":"https:\/\/mersingazetesi.com\/index.php\/wp-json\/wp\/v2\/media?parent=142356"}],"wp:term":[{"taxonomy":"category","embeddable":true,"href":"https:\/\/mersingazetesi.com\/index.php\/wp-json\/wp\/v2\/categories?post=142356"},{"taxonomy":"post_tag","embeddable":true,"href":"https:\/\/mersingazetesi.com\/index.php\/wp-json\/wp\/v2\/tags?post=142356"}],"curies":[{"name":"wp","href":"https:\/\/api.w.org\/{rel}","templated":true}]}}