{"id":142354,"date":"2026-09-01T10:21:02","date_gmt":"2026-09-01T07:21:02","guid":{"rendered":"https:\/\/mersingazetesi.com\/?p=142354"},"modified":"2026-09-01T10:21:02","modified_gmt":"2026-09-01T07:21:02","slug":"gulcan-kistan-okula-donus-alarmi-eylul-velinin-dert-ayi-oldu","status":"publish","type":"post","link":"https:\/\/mersingazetesi.com\/index.php\/2026\/09\/01\/gulcan-kistan-okula-donus-alarmi-eylul-velinin-dert-ayi-oldu\/","title":{"rendered":"G\u00dcLCAN KI\u015e&#8217;TAN &#8220;OKULA D\u00d6N\u00dc\u015e&#8221; ALARMI: EYL\u00dcL VEL\u0130N\u0130N DERT AYI OLDU"},"content":{"rendered":"<p>CHP Mersin Milletvekili G\u00fclcan K\u0131\u015f, yeni e\u011fitim-\u00f6\u011fretim y\u0131l\u0131 \u00f6ncesinde k\u0131rtasiye fiyatlar\u0131n\u0131 g\u00fcndeme ta\u015f\u0131d\u0131. Birinci s\u0131n\u0131fa ba\u015flayacak bir \u00f6\u011frencinin yaln\u0131zca temel k\u0131rtasiye ihtiya\u00e7lar\u0131n\u0131n 7 bin liray\u0131 buldu\u011funu belirten K\u0131\u015f, &#8220;Asgari \u00fccret 28 bin 75 lira, bir \u00e7ocu\u011fun daha okula ad\u0131m atmadan yaln\u0131zca k\u0131rtasiye masraf\u0131 7 bin lira. Evinde iki, \u00fc\u00e7 \u00f6\u011frencisi olan aile bu y\u00fck\u00fcn alt\u0131ndan nas\u0131l kalkacak?&#8221; diye sordu. K\u0131\u015f, zincir marketlerin k\u0131rtasiye sekt\u00f6r\u00fcne girmesinin mahalle esnaf\u0131n\u0131 da yok olma noktas\u0131na getirdi\u011fini s\u00f6yledi.<\/p>\n<p>2026-2027 e\u011fitim-\u00f6\u011fretim y\u0131l\u0131 \u00f6ncesinde okul al\u0131\u015fveri\u015fi velilerin b\u00fct\u00e7esini sarsmaya ba\u015flad\u0131. CHP Mersin Milletvekili G\u00fclcan K\u0131\u015f, 7 Eyl\u00fcl&#8217;de ba\u015flayacak uyum haftas\u0131 ve 14 Eyl\u00fcl&#8217;de t\u00fcm \u00f6rg\u00fcn e\u011fitim kurumlar\u0131nda ba\u015flayacak yeni d\u00f6nem \u00f6ncesinde k\u0131rtasiye fiyatlar\u0131ndaki tabloya dikkat \u00e7ekti.<\/p>\n<p>K\u0131rtasiye \u00fcr\u00fcnlerindeki fiyatlar\u0131 tek tek a\u00e7\u0131klayan K\u0131\u015f, birinci s\u0131n\u0131fa ba\u015flayacak bir \u00f6\u011frencinin temel ihtiya\u00e7lar\u0131n\u0131n yakla\u015f\u0131k 7 bin liraya ula\u015ft\u0131\u011f\u0131n\u0131 belirtti.<\/p>\n<p>\u00c7ANTA 2 B\u0130N, DEFTER SET\u0130 700, MATARA B\u0130N L\u0130RA<\/p>\n<p>G\u00fcncel fiyatlara dikkat \u00e7eken K\u0131\u015f, ortalama bir okul \u00e7antas\u0131n\u0131n 2 bin liraya, bir d\u00fczine kur\u015fun kalemin 326 liraya, bir silginin 40 liraya, kareli ve \u00e7izgili 80 yaprak defterlerden olu\u015fan setin 700 liraya, ortalama bir su mataras\u0131n\u0131n ise bin liraya kadar \u00e7\u0131kt\u0131\u011f\u0131n\u0131 s\u00f6yledi.<\/p>\n<p>K\u0131\u015f, okul al\u0131\u015fveri\u015finin bunlarla da s\u0131n\u0131rl\u0131 olmad\u0131\u011f\u0131na dikkat \u00e7ekerek \u015funlar\u0131 s\u00f6yledi:<\/p>\n<p>&#8220;Birinci s\u0131n\u0131fa ba\u015flayacak bir \u00e7ocu\u011fun yaln\u0131zca temel k\u0131rtasiye ihtiya\u00e7lar\u0131n\u0131 kar\u015f\u0131lamak bug\u00fcn 7 bin liray\u0131 buluyor. Bunun okul k\u0131yafeti var, ayakkab\u0131s\u0131 var, beslenmesi var, servisi var. \u00dcstelik k\u0131rtasiye masraf\u0131 bir kez yap\u0131l\u0131p bitmiyor. Kalem bitecek, defter dolacak, malzemeler y\u0131l i\u00e7erisinde yeniden al\u0131nacak. Evinde iki ya da \u00fc\u00e7 \u00f6\u011frencisi olan bir ailenin kar\u015f\u0131 kar\u015f\u0131ya kald\u0131\u011f\u0131 maliyeti d\u00fc\u015f\u00fcn\u00fcn.&#8221;<\/p>\n<p>&#8220;28 B\u0130N 75 L\u0130RALIK ASGAR\u0130 \u00dcCRET\u0130N D\u00d6RTTE B\u0130R\u0130 DAHA OKUL A\u00c7ILMADAN G\u0130D\u0130YOR&#8221;<\/p>\n<p>Asgari \u00fccretin 28 bin 75 lira oldu\u011funu hat\u0131rlatan K\u0131\u015f, yaln\u0131zca bir \u00f6\u011frencinin ba\u015flang\u0131\u00e7 k\u0131rtasiye maliyetinin asgari \u00fccretin yakla\u015f\u0131k d\u00f6rtte birine denk geldi\u011fine dikkat \u00e7ekti.<\/p>\n<p>K\u0131\u015f, &#8220;Milyonlarca aile daha ay\u0131n ba\u015f\u0131nda kiras\u0131n\u0131, faturas\u0131n\u0131, mutfak masraf\u0131n\u0131 nas\u0131l \u00f6deyece\u011fini d\u00fc\u015f\u00fcn\u00fcyor. \u015eimdi buna okul masraf\u0131 eklendi. Anne babalar \u00e7ocuklar\u0131n\u0131n en temel e\u011fitim ihtiya\u00e7lar\u0131n\u0131 kar\u015f\u0131layabilmek i\u00e7in hangi ihtiya\u00e7lar\u0131ndan vazge\u00e7eceklerini hesapl\u0131yor. Eyl\u00fcl art\u0131k veliler i\u00e7in okul heyecan\u0131n\u0131n ya\u015fand\u0131\u011f\u0131 bir ay olmaktan \u00e7\u0131kt\u0131, dert ay\u0131na d\u00f6n\u00fc\u015ft\u00fc&#8221; dedi.<\/p>\n<p>&#8220;E\u011e\u0130T\u0130M DAHA OKULUN KAPISINDA E\u015e\u0130TS\u0130Z BA\u015eLIYOR&#8221;<\/p>\n<p>E\u011fitimde f\u0131rsat e\u015fitli\u011finin yaln\u0131zca okul ve derslik \u00fczerinden de\u011ferlendirilemeyece\u011fini vurgulayan CHP&#8217;li K\u0131\u015f, ekonomik ko\u015fullar nedeniyle \u00e7ocuklar\u0131n e\u011fitime farkl\u0131 imk\u00e2nlarla ba\u015flad\u0131\u011f\u0131n\u0131 s\u00f6yledi.<\/p>\n<p>K\u0131\u015f, &#8220;Bir \u00e7ocu\u011fun \u00e7antas\u0131n\u0131 eksiksiz doldurabilmek dahi ailenin gelirine ba\u011fl\u0131 hale gelmi\u015fse orada f\u0131rsat e\u015fitli\u011finden s\u00f6z edemeyiz. E\u011fitim daha okulun kap\u0131s\u0131ndan girilmeden e\u015fitsiz ba\u015fl\u0131yor. Bir tarafta istedi\u011fi malzemeyi alabilen \u00e7ocuklar, di\u011fer tarafta defterini, kalemini eksik almak zorunda kalan \u00e7ocuklar var. Bunun sorumlulu\u011fu \u00e7ocuklar\u0131m\u0131z\u0131n ya da ailelerin de\u011fil, e\u011fitimi giderek daha pahal\u0131 hale getiren ekonomik d\u00fczenindir&#8221; ifadelerini kulland\u0131.<\/p>\n<p>KIRTAS\u0130YEC\u0130N\u0130N DE DERD\u0130 B\u00dcY\u00dcK: &#8220;MAHALLE KIRTAS\u0130YEC\u0130L\u0130\u011e\u0130 YOK OLUYOR&#8221;<\/p>\n<p>K\u0131\u015f, okul al\u0131\u015fveri\u015finde ya\u015fanan sorunun yaln\u0131zca velilerle s\u0131n\u0131rl\u0131 olmad\u0131\u011f\u0131n\u0131 belirterek k\u0131rtasiye esnaf\u0131n\u0131n zincir marketler kar\u015f\u0131s\u0131nda ya\u015fad\u0131\u011f\u0131 s\u0131k\u0131nt\u0131lara da dikkat \u00e7ekti.<\/p>\n<p>\u00dc\u00e7 harfli zincir marketlerin okul sezonunda defterden kaleme, boya malzemelerinden oyun hamuruna kadar geni\u015f bir \u00fcr\u00fcn yelpazesiyle k\u0131rtasiye sekt\u00f6r\u00fcne girdi\u011fini belirten K\u0131\u015f, bunun k\u00fc\u00e7\u00fck esnaf \u00fczerinde ciddi bir bask\u0131 olu\u015fturdu\u011funu s\u00f6yledi.<\/p>\n<p>&#8220;Y\u0131l\u0131n 12 ay\u0131 d\u00fckk\u00e2n\u0131n\u0131n kiras\u0131n\u0131 \u00f6deyen, vergisini veren, \u00e7al\u0131\u015fan\u0131n\u0131n maa\u015f\u0131n\u0131 \u00f6deyen, yaln\u0131zca k\u0131rtasiyecilik yaparak ayakta kalmaya \u00e7al\u0131\u015fan esnaf\u0131m\u0131z var. Okul d\u00f6nemi geldi\u011finde ise dev zincirler istedi\u011fi \u00fcr\u00fcn\u00fc istedi\u011fi miktarda raf\u0131na koyuyor. K\u00fc\u00e7\u00fck esnaf bu rekabetin kar\u015f\u0131s\u0131nda yaln\u0131z b\u0131rak\u0131l\u0131yor. K\u0131rtasiyeciler, kendi sekt\u00f6r temsilcilerinin dahi zincir marketlere defterden oyun hamuruna kadar \u00fcr\u00fcn tedarik etmesine tepki g\u00f6steriyor. Esnaf &#8216;Bizi kim koruyacak?&#8217; diye soruyor. Bu gidi\u015fle mahalle k\u0131rtasiyecili\u011fi ve k\u0131rtasiye ma\u011fazac\u0131l\u0131\u011f\u0131 yok olma noktas\u0131na gelecek.&#8221;<\/p>\n<p>&#8220;\u00c7OCUK DA VEL\u0130 DE ESNAF DA KORUNMALI&#8221;<\/p>\n<p>Mill\u00ee E\u011fitim Bakanl\u0131\u011f\u0131 ve Ticaret Bakanl\u0131\u011f\u0131&#8217;na \u00e7a\u011fr\u0131da bulunan K\u0131\u015f, yeni e\u011fitim y\u0131l\u0131 \u00f6ncesinde hem aileleri hem de k\u0131rtasiye esnaf\u0131n\u0131 kapsayan d\u00fczenlemelere ihtiya\u00e7 oldu\u011funu s\u00f6yledi.<\/p>\n<p>K\u0131\u015f, k\u0131rtasiye \u00fcr\u00fcnlerindeki vergi y\u00fck\u00fcn\u00fcn hafifletilmesi, dar gelirli ailelere do\u011frudan e\u011fitim ve k\u0131rtasiye deste\u011fi verilmesi ve okullarda en az bir \u00f6\u011f\u00fcn \u00fccretsiz yemek uygulamas\u0131n\u0131n hayata ge\u00e7irilmesi gerekti\u011fini belirtti. Zincir marketlerin okul ve k\u0131rtasiye \u00fcr\u00fcnleri sat\u0131\u015f\u0131n\u0131n da k\u00fc\u00e7\u00fck esnaf \u00fczerindeki etkisinin dikkate al\u0131narak yeniden de\u011ferlendirilmesini istedi.<\/p>\n<p>K\u0131\u015f s\u00f6zlerini \u015f\u00f6yle tamamlad\u0131:<\/p>\n<p>&#8220;E\u011fitimin temel ihtiya\u00e7lar\u0131 l\u00fcks de\u011fildir. Defter l\u00fcks de\u011fil, kalem l\u00fcks de\u011fil, \u00e7anta l\u00fcks de\u011fil. Devletin g\u00f6revi \u00e7ocu\u011fun e\u011fitim hakk\u0131n\u0131 ailesinin c\u00fczdan\u0131na teslim etmek de\u011fil, o hakk\u0131 g\u00fcvence alt\u0131na almakt\u0131r. Ayn\u0131 \u015fekilde y\u0131llard\u0131r mahallelerimizde hizmet veren k\u0131rtasiye esnaf\u0131m\u0131z\u0131 da dev zincirlerin insaf\u0131na b\u0131rakamay\u0131z.<\/p>\n<p>\u00c7ocuklar\u0131m\u0131z okula eksik malzemeyle, anne babalar bor\u00e7 hesab\u0131yla, k\u0131rtasiye esnaf\u0131 da kepenk kapatma korkusuyla yeni e\u011fitim y\u0131l\u0131na ba\u015flamamal\u0131.<\/p>\n<p>E\u011fitimde f\u0131rsat e\u015fitli\u011fi s\u0131n\u0131f\u0131n kap\u0131s\u0131ndan girdikten sonra de\u011fil, o \u00e7antay\u0131 doldurabilmekten ba\u015flar.&#8221;<\/p>\n<p>&nbsp;<\/p>\n","protected":false},"excerpt":{"rendered":"<p>CHP Mersin Milletvekili G\u00fclcan K\u0131\u015f, yeni e\u011fitim-\u00f6\u011fretim y\u0131l\u0131 \u00f6ncesinde k\u0131rtasiye fiyatlar\u0131n\u0131 g\u00fcndeme ta\u015f\u0131d\u0131. Birinci s\u0131n\u0131fa ba\u015flayacak bir \u00f6\u011frencinin yaln\u0131zca temel k\u0131rtasiye ihtiya\u00e7lar\u0131n\u0131n 7 bin liray\u0131 buldu\u011funu belirten K\u0131\u015f, &#8220;Asgari \u00fccret 28 bin 75 lira, bir \u00e7ocu\u011fun daha okula ad\u0131m atmadan yaln\u0131zca k\u0131rtasiye masraf\u0131 7 bin lira. Evinde iki, \u00fc\u00e7 \u00f6\u011frencisi olan aile bu y\u00fck\u00fcn alt\u0131ndan [&hellip;]<\/p>\n","protected":false},"author":2,"featured_media":141845,"comment_status":"open","ping_status":"open","sticky":false,"template":"","format":"standard","meta":{"footnotes":""},"categories":[4],"tags":[],"class_list":["post-142354","post","type-post","status-publish","format-standard","has-post-thumbnail","hentry","category-ekonomi"],"views":88,"_links":{"self":[{"href":"https:\/\/mersingazetesi.com\/index.php\/wp-json\/wp\/v2\/posts\/142354","targetHints":{"allow":["GET"]}}],"collection":[{"href":"https:\/\/mersingazetesi.com\/index.php\/wp-json\/wp\/v2\/posts"}],"about":[{"href":"https:\/\/mersingazetesi.com\/index.php\/wp-json\/wp\/v2\/types\/post"}],"author":[{"embeddable":true,"href":"https:\/\/mersingazetesi.com\/index.php\/wp-json\/wp\/v2\/users\/2"}],"replies":[{"embeddable":true,"href":"https:\/\/mersingazetesi.com\/index.php\/wp-json\/wp\/v2\/comments?post=142354"}],"version-history":[{"count":1,"href":"https:\/\/mersingazetesi.com\/index.php\/wp-json\/wp\/v2\/posts\/142354\/revisions"}],"predecessor-version":[{"id":142355,"href":"https:\/\/mersingazetesi.com\/index.php\/wp-json\/wp\/v2\/posts\/142354\/revisions\/142355"}],"wp:featuredmedia":[{"embeddable":true,"href":"https:\/\/mersingazetesi.com\/index.php\/wp-json\/wp\/v2\/media\/141845"}],"wp:attachment":[{"href":"https:\/\/mersingazetesi.com\/index.php\/wp-json\/wp\/v2\/media?parent=142354"}],"wp:term":[{"taxonomy":"category","embeddable":true,"href":"https:\/\/mersingazetesi.com\/index.php\/wp-json\/wp\/v2\/categories?post=142354"},{"taxonomy":"post_tag","embeddable":true,"href":"https:\/\/mersingazetesi.com\/index.php\/wp-json\/wp\/v2\/tags?post=142354"}],"curies":[{"name":"wp","href":"https:\/\/api.w.org\/{rel}","templated":true}]}}