{"id":142351,"date":"2026-09-01T10:19:46","date_gmt":"2026-09-01T07:19:46","guid":{"rendered":"https:\/\/mersingazetesi.com\/?p=142351"},"modified":"2026-09-01T10:19:46","modified_gmt":"2026-09-01T07:19:46","slug":"miyin-gelecegi-konusuldu","status":"publish","type":"post","link":"https:\/\/mersingazetesi.com\/index.php\/2026\/09\/01\/miyin-gelecegi-konusuldu\/","title":{"rendered":"M\u0130Y&#8217;\u0130N GELECE\u011e\u0130 KONU\u015eULDU"},"content":{"rendered":"<div dir=\"auto\">Mersin \u0130dman Yurdu Ba\u015fkan\u0131 Murat Alt\u0131ndere, Mersin ASKF Ba\u015fkan\u0131 Mithat Erta\u015f, A Mill\u00ee Tak\u0131m Yard\u0131mc\u0131 Antren\u00f6r\u00fc Serkan Damla ve \u015fehrimizin amat\u00f6r spor kul\u00fcplerinin temsilcileriyle bir araya geldi.<\/div>\n<div dir=\"auto\"><\/div>\n<div dir=\"auto\">Ger\u00e7ekle\u015ftirilen bulu\u015fmada; Mersin futbolunun gelece\u011fi, amat\u00f6r kul\u00fcplerimizle kurulacak g\u00fc\u00e7l\u00fc i\u015f birlikleri, altyap\u0131n\u0131n geli\u015ftirilmesi ve gen\u00e7 yeteneklerin T\u00fcrk futboluna kazand\u0131r\u0131lmas\u0131 ad\u0131na at\u0131lacak ad\u0131mlar de\u011ferlendirildi.<\/div>\n<div dir=\"auto\"><\/div>\n<div dir=\"auto\">Yeni Mersin \u0130dman Yurdu Ba\u015fkan\u0131 Av. Murat Alt\u0131ndere Y\u00f6netimi Milli Tak\u0131m Yard\u0131mc\u0131 AnAntren\u00fc Serkan Damla ve Mersin Amat\u00f6r Spor Kul\u00fcpleri Federasyonu (ASKF) Ba\u015fkan\u0131 Mithat Erta\u015f\u2019\u0131n \u00f6nc\u00fcl\u00fc\u011f\u00fcnde, Mersin\u2019de faaliyet g\u00f6steren futbol kul\u00fcplerinin ba\u015fkan ve antren\u00f6rlerinin kat\u0131l\u0131m\u0131yla \u00f6nemli bir toplant\u0131 ger\u00e7ekle\u015ftirildi.<\/div>\n<div dir=\"auto\">\n<div dir=\"auto\"><\/div>\n<div dir=\"auto\">Toplant\u0131da Yeni Mersin \u0130dman Yurdu\u2019nun gelece\u011fi, altyap\u0131n\u0131n g\u00fc\u00e7lendirilmesi, gen\u00e7 yeteneklerin T\u00fcrk futboluna kazand\u0131r\u0131lmas\u0131 ve Mersin futbolunun daha g\u00fc\u00e7l\u00fc bir yap\u0131ya kavu\u015fturulmas\u0131 konular\u0131nda g\u00f6r\u00fc\u015f al\u0131\u015fveri\u015finde bulunuldu.<\/div>\n<div dir=\"auto\"><\/div>\n<div dir=\"auto\">Mersin futbolunun t\u00fcm payda\u015flar\u0131n\u0131n birlik ve beraberlik i\u00e7erisinde hareket etmesinin \u00f6nemine dikkat \u00e7ekilirken, Yeni Mersin \u0130dman Yurdu\u2019nun gelece\u011fi i\u00e7in ortak ak\u0131l ve dayan\u0131\u015fma mesaj\u0131 verildi.<\/div>\n<div dir=\"auto\"><\/div>\n<div dir=\"auto\"><\/div>\n<div dir=\"auto\">\n<div dir=\"auto\">Ba\u015fkan Alt\u0131ndere yapt\u0131\u011f\u0131 konu\u015fmada, &#8220;Mersin \u0130dmanyurdu olarak yaln\u0131zca bug\u00fcn\u00fc de\u011fil, yar\u0131n\u0131 da in\u015fa etmek istiyoruz. \u015eehrimizin t\u00fcm futbol payda\u015flar\u0131yla omuz omuza vererek, Mersin futbolunu yeniden hak etti\u011fi noktaya ta\u015f\u0131mak i\u00e7in \u00e7al\u0131\u015fmaya devam edece\u011fiz. Bir \u015fehir. Bir arma. Ortak bir gelecek. Toplant\u0131ya kat\u0131l\u0131m sa\u011flayan t\u00fcm kul\u00fcp ba\u015fkanlar\u0131m\u0131za ve antren\u00f6rlerimize te\u015fekk\u00fcr ediyor, al\u0131nan kararlar\u0131n Mersin futboluna hay\u0131rl\u0131 olmas\u0131n\u0131 diliyoruz.&#8221; dedi.<\/div>\n<\/div>\n<\/div>\n","protected":false},"excerpt":{"rendered":"<p>Mersin \u0130dman Yurdu Ba\u015fkan\u0131 Murat Alt\u0131ndere, Mersin ASKF Ba\u015fkan\u0131 Mithat Erta\u015f, A Mill\u00ee Tak\u0131m Yard\u0131mc\u0131 Antren\u00f6r\u00fc Serkan Damla ve \u015fehrimizin amat\u00f6r spor kul\u00fcplerinin temsilcileriyle bir araya geldi. Ger\u00e7ekle\u015ftirilen bulu\u015fmada; Mersin futbolunun gelece\u011fi, amat\u00f6r kul\u00fcplerimizle kurulacak g\u00fc\u00e7l\u00fc i\u015f birlikleri, altyap\u0131n\u0131n geli\u015ftirilmesi ve gen\u00e7 yeteneklerin T\u00fcrk futboluna kazand\u0131r\u0131lmas\u0131 ad\u0131na at\u0131lacak ad\u0131mlar de\u011ferlendirildi. Yeni Mersin \u0130dman Yurdu Ba\u015fkan\u0131 [&hellip;]<\/p>\n","protected":false},"author":2,"featured_media":142352,"comment_status":"open","ping_status":"open","sticky":false,"template":"","format":"standard","meta":{"footnotes":""},"categories":[6],"tags":[],"class_list":["post-142351","post","type-post","status-publish","format-standard","has-post-thumbnail","hentry","category-spor"],"views":98,"_links":{"self":[{"href":"https:\/\/mersingazetesi.com\/index.php\/wp-json\/wp\/v2\/posts\/142351","targetHints":{"allow":["GET"]}}],"collection":[{"href":"https:\/\/mersingazetesi.com\/index.php\/wp-json\/wp\/v2\/posts"}],"about":[{"href":"https:\/\/mersingazetesi.com\/index.php\/wp-json\/wp\/v2\/types\/post"}],"author":[{"embeddable":true,"href":"https:\/\/mersingazetesi.com\/index.php\/wp-json\/wp\/v2\/users\/2"}],"replies":[{"embeddable":true,"href":"https:\/\/mersingazetesi.com\/index.php\/wp-json\/wp\/v2\/comments?post=142351"}],"version-history":[{"count":1,"href":"https:\/\/mersingazetesi.com\/index.php\/wp-json\/wp\/v2\/posts\/142351\/revisions"}],"predecessor-version":[{"id":142353,"href":"https:\/\/mersingazetesi.com\/index.php\/wp-json\/wp\/v2\/posts\/142351\/revisions\/142353"}],"wp:featuredmedia":[{"embeddable":true,"href":"https:\/\/mersingazetesi.com\/index.php\/wp-json\/wp\/v2\/media\/142352"}],"wp:attachment":[{"href":"https:\/\/mersingazetesi.com\/index.php\/wp-json\/wp\/v2\/media?parent=142351"}],"wp:term":[{"taxonomy":"category","embeddable":true,"href":"https:\/\/mersingazetesi.com\/index.php\/wp-json\/wp\/v2\/categories?post=142351"},{"taxonomy":"post_tag","embeddable":true,"href":"https:\/\/mersingazetesi.com\/index.php\/wp-json\/wp\/v2\/tags?post=142351"}],"curies":[{"name":"wp","href":"https:\/\/api.w.org\/{rel}","templated":true}]}}