{"id":142345,"date":"2026-09-01T10:18:34","date_gmt":"2026-09-01T07:18:34","guid":{"rendered":"https:\/\/mersingazetesi.com\/?p=142345"},"modified":"2026-09-01T10:18:34","modified_gmt":"2026-09-01T07:18:34","slug":"yeni-mersin-idman-yurdundan-mesiada-ziyaret","status":"publish","type":"post","link":"https:\/\/mersingazetesi.com\/index.php\/2026\/09\/01\/yeni-mersin-idman-yurdundan-mesiada-ziyaret\/","title":{"rendered":"Yeni Mersin \u0130dman Yurdu\u2019ndan MES\u0130AD\u2019a Ziyaret"},"content":{"rendered":"<div dir=\"auto\">Yeni Mersin \u0130dman Yurdu (M\u0130Y) Kul\u00fcp Ba\u015fkan\u0131 ve MES\u0130AD \u00dcyesi Murat Alt\u0131ndere, Genel Sekreter ve MES\u0130AD \u00dcyesi Halim Yi\u011fit ve Y\u00f6netim Kurulu \u00dcyesi Derya Demirci Mersin Sanayicileri ve \u0130\u015f \u0130nsanlar\u0131 Derne\u011fi (MES\u0130AD) Y\u00f6netim Kurulu Ba\u015fkan\u0131 Adnan G\u00fcndo\u011fdu\u2019yu ziyaret etti. Ziyarete AKADEM\u0130S\u0130AD Ba\u015fkan\u0131 Av. Muhammed G\u00fclhan da e\u015flik etti.<\/div>\n<div dir=\"auto\"><\/div>\n<div dir=\"auto\">Ziyaret kapsam\u0131nda, Mersin&#8217;in spor k\u00fclt\u00fcr\u00fcn\u00fcn geli\u015ftirilmesi, i\u015f d\u00fcnyas\u0131 ile spor camias\u0131 aras\u0131ndaki i\u015f birli\u011finin g\u00fc\u00e7lendirilmesi ve Mersin\u2019e de\u011fer katacak ortak projeler \u00fczerine g\u00f6r\u00fc\u015f al\u0131\u015fveri\u015finde bulunuldu.<\/div>\n<div dir=\"auto\"><\/div>\n<div dir=\"auto\">MES\u0130AD Y\u00f6netim Kurulu Ba\u015fkan\u0131 Adnan G\u00fcndo\u011fdu, ziyaretten duydu\u011fu memnuniyeti dile getirerek \u015fu ifadeleri kulland\u0131:<\/div>\n<div dir=\"auto\">&#8220;Kentimizin spor kul\u00fcpleriyle dayan\u0131\u015fma i\u00e7erisinde olmak bizim i\u00e7in \u00f6nemli bir sorumluluktur. Mersin\u2019in geli\u015fimi i\u00e7in sporu, sanayiyi ve i\u015f d\u00fcnyas\u0131n\u0131 birlikte d\u00fc\u015f\u00fcnmek gerekiyor. Nazik ziyaretlerinden dolay\u0131 Say\u0131n Murat Alt\u0131ndere ve y\u00f6netim kurulu \u00fcyelerine te\u015fekk\u00fcr ediyor, \u00e7al\u0131\u015fmalar\u0131nda ba\u015far\u0131lar diliyorum.&#8221;<\/div>\n","protected":false},"excerpt":{"rendered":"<p>Yeni Mersin \u0130dman Yurdu (M\u0130Y) Kul\u00fcp Ba\u015fkan\u0131 ve MES\u0130AD \u00dcyesi Murat Alt\u0131ndere, Genel Sekreter ve MES\u0130AD \u00dcyesi Halim Yi\u011fit ve Y\u00f6netim Kurulu \u00dcyesi Derya Demirci Mersin Sanayicileri ve \u0130\u015f \u0130nsanlar\u0131 Derne\u011fi (MES\u0130AD) Y\u00f6netim Kurulu Ba\u015fkan\u0131 Adnan G\u00fcndo\u011fdu\u2019yu ziyaret etti. Ziyarete AKADEM\u0130S\u0130AD Ba\u015fkan\u0131 Av. Muhammed G\u00fclhan da e\u015flik etti. Ziyaret kapsam\u0131nda, Mersin&#8217;in spor k\u00fclt\u00fcr\u00fcn\u00fcn geli\u015ftirilmesi, i\u015f [&hellip;]<\/p>\n","protected":false},"author":2,"featured_media":142346,"comment_status":"open","ping_status":"open","sticky":false,"template":"","format":"standard","meta":{"footnotes":""},"categories":[6],"tags":[],"class_list":["post-142345","post","type-post","status-publish","format-standard","has-post-thumbnail","hentry","category-spor"],"views":101,"_links":{"self":[{"href":"https:\/\/mersingazetesi.com\/index.php\/wp-json\/wp\/v2\/posts\/142345","targetHints":{"allow":["GET"]}}],"collection":[{"href":"https:\/\/mersingazetesi.com\/index.php\/wp-json\/wp\/v2\/posts"}],"about":[{"href":"https:\/\/mersingazetesi.com\/index.php\/wp-json\/wp\/v2\/types\/post"}],"author":[{"embeddable":true,"href":"https:\/\/mersingazetesi.com\/index.php\/wp-json\/wp\/v2\/users\/2"}],"replies":[{"embeddable":true,"href":"https:\/\/mersingazetesi.com\/index.php\/wp-json\/wp\/v2\/comments?post=142345"}],"version-history":[{"count":1,"href":"https:\/\/mersingazetesi.com\/index.php\/wp-json\/wp\/v2\/posts\/142345\/revisions"}],"predecessor-version":[{"id":142347,"href":"https:\/\/mersingazetesi.com\/index.php\/wp-json\/wp\/v2\/posts\/142345\/revisions\/142347"}],"wp:featuredmedia":[{"embeddable":true,"href":"https:\/\/mersingazetesi.com\/index.php\/wp-json\/wp\/v2\/media\/142346"}],"wp:attachment":[{"href":"https:\/\/mersingazetesi.com\/index.php\/wp-json\/wp\/v2\/media?parent=142345"}],"wp:term":[{"taxonomy":"category","embeddable":true,"href":"https:\/\/mersingazetesi.com\/index.php\/wp-json\/wp\/v2\/categories?post=142345"},{"taxonomy":"post_tag","embeddable":true,"href":"https:\/\/mersingazetesi.com\/index.php\/wp-json\/wp\/v2\/tags?post=142345"}],"curies":[{"name":"wp","href":"https:\/\/api.w.org\/{rel}","templated":true}]}}