{"id":142337,"date":"2026-09-01T10:10:54","date_gmt":"2026-09-01T07:10:54","guid":{"rendered":"https:\/\/mersingazetesi.com\/?p=142337"},"modified":"2026-09-01T10:10:54","modified_gmt":"2026-09-01T07:10:54","slug":"chpli-muzeyyen-sevkinden-baris-icin-once-esit-yurttaslik-ve-adalet-cagrisi","status":"publish","type":"post","link":"https:\/\/mersingazetesi.com\/index.php\/2026\/09\/01\/chpli-muzeyyen-sevkinden-baris-icin-once-esit-yurttaslik-ve-adalet-cagrisi\/","title":{"rendered":"CHP&#8217;li M\u00fczeyyen \u015eevkin&#8217;den bar\u0131\u015f i\u00e7in \u00f6nce e\u015fit yurtta\u015fl\u0131k ve adalet \u00e7a\u011fr\u0131s\u0131!"},"content":{"rendered":"<p class=\"v1MsoNormal\">\u00a0CHP Adana Milletvekili, TBMM Ba\u015fkanl\u0131k Divan\u0131 \u00dcyesi Dr. M\u00fczeyyen \u015eevkin, 1 Eyl\u00fcl D\u00fcnya Bar\u0131\u015f G\u00fcn\u00fc dolay\u0131s\u0131yla T\u00fcrkiye&#8217;de kal\u0131c\u0131 toplumsal bar\u0131\u015f\u0131n sa\u011flanmas\u0131 amac\u0131yla Meclis Ara\u015ft\u0131rmas\u0131 a\u00e7\u0131lmas\u0131n\u0131 istedi. Mustafa Kemal Atat\u00fcrk&#8217;\u00fcn &#8220;Yurtta sulh, cihanda sulh&#8221; s\u00f6z\u00fcn\u00fcn yaln\u0131zca bir temenni de\u011fil, T\u00fcrkiye&#8217;nin gelece\u011fine \u0131\u015f\u0131k tutan temel bir anlay\u0131\u015f olmas\u0131 gerekti\u011fini vurgulayan Dr. \u015eevkin, &#8220;Din, dil, renk, mezhep, inan\u00e7 ve d\u00fc\u015f\u00fcnce farkl\u0131l\u0131klar\u0131m\u0131z bizi birbirimizden ay\u0131rmamal\u0131; tam tersine ortak ya\u015fam k\u00fclt\u00fcr\u00fcm\u00fcz\u00fcn zenginli\u011fi olmal\u0131d\u0131r&#8221; dedi.<\/p>\n<p class=\"v1MsoNormal\"><b>&#8220;BARI\u015e \u0130\u00c7\u0130N \u00d6NCE E\u015e\u0130T YURTTA\u015eLIK VE ADALET&#8221;<\/b><\/p>\n<p class=\"v1MsoNormal\">T\u00fcrkiye&#8217;de herkesin hi\u00e7bir ayr\u0131m g\u00f6zetilmeksizin e\u015fit yurtta\u015f olarak ya\u015famas\u0131n\u0131n \u00f6n\u00fcndeki ekonomik, sosyal ve hukuksal engellerin kald\u0131r\u0131lmas\u0131 gerekti\u011fini belirten Dr. \u015eevkin, \u015funlar\u0131 kaydetti:<\/p>\n<p class=\"v1MsoNormal\">&#8220;Ger\u00e7ek bar\u0131\u015f, yaln\u0131zca silahlar\u0131n susmas\u0131 de\u011fildir. Bar\u0131\u015f; \u00e7ocu\u011fun gelece\u011finden endi\u015fe etmedi\u011fi, gencin i\u015f bulabildi\u011fi, emeklinin ge\u00e7inebildi\u011fi, kad\u0131nlar\u0131n kendisini g\u00fcvende hissetti\u011fi, insanlar\u0131n d\u00fc\u015f\u00fcncesini \u00f6zg\u00fcrce ifade edebildi\u011fi ve adalete g\u00fcvenebildi\u011fi bir T\u00fcrkiye&#8217;dir.<\/p>\n<p class=\"v1MsoNormal\">\u0130\u015fsizli\u011fin, yoksullu\u011fun, gelir adaletsizli\u011finin ve g\u00fcvencesizli\u011fin b\u00fcy\u00fcd\u00fc\u011f\u00fc bir ortamda toplumsal huzurun kal\u0131c\u0131 hale gelmesi m\u00fcmk\u00fcn de\u011fildir. Bu nedenle bar\u0131\u015f politikas\u0131n\u0131n ekonomik aya\u011f\u0131 da mutlaka g\u00fc\u00e7lendirilmelidir.&#8221;<\/p>\n<p class=\"v1MsoNormal\">CHP&#8217;li Dr. \u015eevkin, Anayasa&#8217;da devletin i\u015fsizli\u011fi \u00f6nlemeye elveri\u015fli ekonomik ortam yaratmak ve \u00e7al\u0131\u015fma bar\u0131\u015f\u0131n\u0131 sa\u011flamakla y\u00fck\u00fcml\u00fc oldu\u011funa dikkat \u00e7ekerek, insanca ya\u015fam ko\u015fullar\u0131n\u0131n sa\u011flanmas\u0131n\u0131n kal\u0131c\u0131 toplumsal bar\u0131\u015f\u0131n temel \u015fartlar\u0131ndan biri oldu\u011funu ifade etti.<\/p>\n<p class=\"v1MsoNormal\"><b>&#8220;HUKUKUN \u00dcST\u00dcNL\u00dc\u011e\u00dc VE CAN-MAL G\u00dcVENL\u0130\u011e\u0130 G\u00dcVENCE ALTINA ALINMALI&#8221;<\/b><\/p>\n<p class=\"v1MsoNormal\">Toplumsal bar\u0131\u015f\u0131n en \u00f6nemli ko\u015fullar\u0131ndan birinin hukuk devleti oldu\u011funu dile getiren Dr. \u015eevkin, s\u00f6zlerini \u015f\u00f6yle s\u00fcrd\u00fcrd\u00fc:<\/p>\n<p class=\"v1MsoNormal\">&#8220;\u0130nsanlar\u0131n adalete g\u00fcvenmedi\u011fi, hukukun herkese e\u015fit uygulanmad\u0131\u011f\u0131, yurtta\u015flar\u0131n can ve mal g\u00fcvenli\u011fi konusunda kayg\u0131 ya\u015fad\u0131\u011f\u0131 bir \u00fclkede kal\u0131c\u0131 bar\u0131\u015ftan s\u00f6z edemeyiz. Hukukun \u00fcst\u00fcnl\u00fc\u011f\u00fcn\u00fc, yarg\u0131 ba\u011f\u0131ms\u0131zl\u0131\u011f\u0131n\u0131 ve tarafs\u0131zl\u0131\u011f\u0131n\u0131 g\u00fc\u00e7lendirmek; temel hak ve \u00f6zg\u00fcrl\u00fckleri \u00e7a\u011fda\u015f demokratik normlar do\u011frultusunda g\u00fcvence alt\u0131na almak zorunday\u0131z. Devletin g\u00f6revi yurtta\u015flar\u0131n\u0131 yaln\u0131zca \u00e7at\u0131\u015fmadan korumak de\u011fildir. Yurtta\u015f\u0131n evinde, i\u015fyerinde, okulda, sokakta kendisini g\u00fcvende hissetmesini sa\u011flamak; ya\u015fam hakk\u0131n\u0131, \u00f6zg\u00fcrl\u00fcklerini ve mal g\u00fcvenli\u011fini korumak da devletin temel sorumlulu\u011fudur.&#8221;<br \/>\n<b>SOSYAL DEVLET ANLAYI\u015eINA VURGU YAPTI<\/b><\/p>\n<p class=\"v1MsoNormal\">Farkl\u0131l\u0131klar\u0131n tehdit de\u011fil zenginlik olarak g\u00f6r\u00fcld\u00fc\u011f\u00fc, hi\u00e7bir yurtta\u015f\u0131n dili, dini, mezhebi, rengi, inanc\u0131 veya d\u00fc\u015f\u00fcncesi nedeniyle \u00f6tekile\u015ftirilmedi\u011fi bir T\u00fcrkiye i\u00e7in e\u015fit yurtta\u015fl\u0131k, adalet, \u00f6zg\u00fcrl\u00fck ve sosyal devlet anlay\u0131\u015f\u0131n\u0131n g\u00fc\u00e7lendirilmesi gerekti\u011fini vurgulayan Dr. \u015eevkin, &#8220;1 Eyl\u00fcl D\u00fcnya Bar\u0131\u015f G\u00fcn\u00fc vesilesiyle \u00e7a\u011fr\u0131m\u0131z a\u00e7\u0131kt\u0131r: Ayr\u0131\u015ft\u0131ran de\u011fil birle\u015ftiren, \u00f6tekile\u015ftiren de\u011fil kucaklayan, korku de\u011fil g\u00fcven \u00fcreten bir T\u00fcrkiye&#8217;yi hep birlikte kurmal\u0131y\u0131z. Mustafa Kemal Atat\u00fcrk&#8217;\u00fcn &#8216;Yurtta sulh, cihanda sulh&#8217; \u015fiar\u0131n\u0131 \u00fclkemizin her k\u00f6\u015fesinde yeniden ve g\u00fc\u00e7l\u00fc bi\u00e7imde ya\u015fatmal\u0131y\u0131z. Bar\u0131\u015f\u0131n, karde\u015fli\u011fin ve adaletin egemen oldu\u011fu bir T\u00fcrkiye m\u00fcmk\u00fcnd\u00fcr&#8221; diye konu\u015ftu.<\/p>\n<p class=\"v1MsoNormal\">CHP&#8217;li Dr. \u015eevkin, t\u00fcm bu nedenlerle TBMM&#8217;nin &#8216;Ara\u015ft\u0131rma Komisyonu&#8217; kurmas\u0131 gerekti\u011fini s\u00f6zlerine ekledi.<\/p>\n","protected":false},"excerpt":{"rendered":"<p>\u00a0CHP Adana Milletvekili, TBMM Ba\u015fkanl\u0131k Divan\u0131 \u00dcyesi Dr. M\u00fczeyyen \u015eevkin, 1 Eyl\u00fcl D\u00fcnya Bar\u0131\u015f G\u00fcn\u00fc dolay\u0131s\u0131yla T\u00fcrkiye&#8217;de kal\u0131c\u0131 toplumsal bar\u0131\u015f\u0131n sa\u011flanmas\u0131 amac\u0131yla Meclis Ara\u015ft\u0131rmas\u0131 a\u00e7\u0131lmas\u0131n\u0131 istedi. Mustafa Kemal Atat\u00fcrk&#8217;\u00fcn &#8220;Yurtta sulh, cihanda sulh&#8221; s\u00f6z\u00fcn\u00fcn yaln\u0131zca bir temenni de\u011fil, T\u00fcrkiye&#8217;nin gelece\u011fine \u0131\u015f\u0131k tutan temel bir anlay\u0131\u015f olmas\u0131 gerekti\u011fini vurgulayan Dr. \u015eevkin, &#8220;Din, dil, renk, mezhep, inan\u00e7 [&hellip;]<\/p>\n","protected":false},"author":2,"featured_media":142338,"comment_status":"open","ping_status":"open","sticky":false,"template":"","format":"standard","meta":{"footnotes":""},"categories":[1],"tags":[],"class_list":["post-142337","post","type-post","status-publish","format-standard","has-post-thumbnail","hentry","category-gundem"],"views":92,"_links":{"self":[{"href":"https:\/\/mersingazetesi.com\/index.php\/wp-json\/wp\/v2\/posts\/142337","targetHints":{"allow":["GET"]}}],"collection":[{"href":"https:\/\/mersingazetesi.com\/index.php\/wp-json\/wp\/v2\/posts"}],"about":[{"href":"https:\/\/mersingazetesi.com\/index.php\/wp-json\/wp\/v2\/types\/post"}],"author":[{"embeddable":true,"href":"https:\/\/mersingazetesi.com\/index.php\/wp-json\/wp\/v2\/users\/2"}],"replies":[{"embeddable":true,"href":"https:\/\/mersingazetesi.com\/index.php\/wp-json\/wp\/v2\/comments?post=142337"}],"version-history":[{"count":1,"href":"https:\/\/mersingazetesi.com\/index.php\/wp-json\/wp\/v2\/posts\/142337\/revisions"}],"predecessor-version":[{"id":142339,"href":"https:\/\/mersingazetesi.com\/index.php\/wp-json\/wp\/v2\/posts\/142337\/revisions\/142339"}],"wp:featuredmedia":[{"embeddable":true,"href":"https:\/\/mersingazetesi.com\/index.php\/wp-json\/wp\/v2\/media\/142338"}],"wp:attachment":[{"href":"https:\/\/mersingazetesi.com\/index.php\/wp-json\/wp\/v2\/media?parent=142337"}],"wp:term":[{"taxonomy":"category","embeddable":true,"href":"https:\/\/mersingazetesi.com\/index.php\/wp-json\/wp\/v2\/categories?post=142337"},{"taxonomy":"post_tag","embeddable":true,"href":"https:\/\/mersingazetesi.com\/index.php\/wp-json\/wp\/v2\/tags?post=142337"}],"curies":[{"name":"wp","href":"https:\/\/api.w.org\/{rel}","templated":true}]}}