{"id":142326,"date":"2026-09-01T10:08:36","date_gmt":"2026-09-01T07:08:36","guid":{"rendered":"https:\/\/mersingazetesi.com\/?p=142326"},"modified":"2026-09-01T10:08:36","modified_gmt":"2026-09-01T07:08:36","slug":"kullerin-ardindan-yeseren-gelecek","status":"publish","type":"post","link":"https:\/\/mersingazetesi.com\/index.php\/2026\/09\/01\/kullerin-ardindan-yeseren-gelecek\/","title":{"rendered":"K\u00fcllerin Ard\u0131ndan Ye\u015feren Gelecek"},"content":{"rendered":"<p><span style=\"font-family: Times New Roman, serif;\">Mersin Orman B\u00f6lge M\u00fcd\u00fcr\u00fc Say\u0131n Zafer K\u0131z\u0131l, 2025 y\u0131l\u0131nda yang\u0131nlardan zarar g\u00f6ren Silifke\u2019deki sahalarda incelemelerde bulundu.<\/span><\/p>\n<p><a name=\"_GoBack\"><\/a> <span style=\"font-family: Times New Roman, serif;\">Silifke Orman \u0130\u015fletme M\u00fcd\u00fcr\u00fc Muharrem \u015eahin ve i\u015fletme \u015feflerinin e\u015flik etti\u011fi incelemelerde, yang\u0131n sonras\u0131 ger\u00e7ekle\u015ftirilen \u00e7al\u0131\u015fmalar hakk\u0131nda bilgi al\u0131narak, yanan alanlar\u0131n yeniden ormanla\u015ft\u0131r\u0131lmas\u0131 ve do\u011fal yap\u0131s\u0131na kavu\u015fturulmas\u0131na y\u00f6nelik y\u00fcr\u00fct\u00fclen faaliyetler de\u011ferlendirildi. <\/span><\/p>\n<p><span style=\"font-family: Times New Roman, serif;\">Yanan alanlarda yeniden ye\u015feren umutlar\u0131n ard\u0131ndan, Orman Genel M\u00fcd\u00fcrl\u00fc\u011f\u00fcn yang\u0131nlarla m\u00fccadeledeki as\u0131l g\u00fcc\u00fcn\u00fc olu\u015fturan \u0130lk M\u00fcdahale Ekipleri ziyaret edildi. Ye\u015fil Vatan\u2019\u0131n n\u00f6bet\u00e7ilerine, yang\u0131nla m\u00fccadelede do\u011fru noktadan erken tespit ile etkin m\u00fcdahalenin \u00f6nemi bir kez daha hat\u0131rlat\u0131ld\u0131.<\/span><\/p>\n","protected":false},"excerpt":{"rendered":"<p>Mersin Orman B\u00f6lge M\u00fcd\u00fcr\u00fc Say\u0131n Zafer K\u0131z\u0131l, 2025 y\u0131l\u0131nda yang\u0131nlardan zarar g\u00f6ren Silifke\u2019deki sahalarda incelemelerde bulundu. Silifke Orman \u0130\u015fletme M\u00fcd\u00fcr\u00fc Muharrem \u015eahin ve i\u015fletme \u015feflerinin e\u015flik etti\u011fi incelemelerde, yang\u0131n sonras\u0131 ger\u00e7ekle\u015ftirilen \u00e7al\u0131\u015fmalar hakk\u0131nda bilgi al\u0131narak, yanan alanlar\u0131n yeniden ormanla\u015ft\u0131r\u0131lmas\u0131 ve do\u011fal yap\u0131s\u0131na kavu\u015fturulmas\u0131na y\u00f6nelik y\u00fcr\u00fct\u00fclen faaliyetler de\u011ferlendirildi. Yanan alanlarda yeniden ye\u015feren umutlar\u0131n ard\u0131ndan, Orman Genel [&hellip;]<\/p>\n","protected":false},"author":2,"featured_media":142327,"comment_status":"open","ping_status":"open","sticky":false,"template":"","format":"standard","meta":{"footnotes":""},"categories":[1],"tags":[],"class_list":["post-142326","post","type-post","status-publish","format-standard","has-post-thumbnail","hentry","category-gundem"],"views":79,"_links":{"self":[{"href":"https:\/\/mersingazetesi.com\/index.php\/wp-json\/wp\/v2\/posts\/142326","targetHints":{"allow":["GET"]}}],"collection":[{"href":"https:\/\/mersingazetesi.com\/index.php\/wp-json\/wp\/v2\/posts"}],"about":[{"href":"https:\/\/mersingazetesi.com\/index.php\/wp-json\/wp\/v2\/types\/post"}],"author":[{"embeddable":true,"href":"https:\/\/mersingazetesi.com\/index.php\/wp-json\/wp\/v2\/users\/2"}],"replies":[{"embeddable":true,"href":"https:\/\/mersingazetesi.com\/index.php\/wp-json\/wp\/v2\/comments?post=142326"}],"version-history":[{"count":3,"href":"https:\/\/mersingazetesi.com\/index.php\/wp-json\/wp\/v2\/posts\/142326\/revisions"}],"predecessor-version":[{"id":142330,"href":"https:\/\/mersingazetesi.com\/index.php\/wp-json\/wp\/v2\/posts\/142326\/revisions\/142330"}],"wp:featuredmedia":[{"embeddable":true,"href":"https:\/\/mersingazetesi.com\/index.php\/wp-json\/wp\/v2\/media\/142327"}],"wp:attachment":[{"href":"https:\/\/mersingazetesi.com\/index.php\/wp-json\/wp\/v2\/media?parent=142326"}],"wp:term":[{"taxonomy":"category","embeddable":true,"href":"https:\/\/mersingazetesi.com\/index.php\/wp-json\/wp\/v2\/categories?post=142326"},{"taxonomy":"post_tag","embeddable":true,"href":"https:\/\/mersingazetesi.com\/index.php\/wp-json\/wp\/v2\/tags?post=142326"}],"curies":[{"name":"wp","href":"https:\/\/api.w.org\/{rel}","templated":true}]}}