{"id":142296,"date":"2026-08-31T18:03:17","date_gmt":"2026-08-31T15:03:17","guid":{"rendered":"https:\/\/mersingazetesi.com\/?p=142296"},"modified":"2026-08-31T18:03:17","modified_gmt":"2026-08-31T15:03:17","slug":"silifkede-makilik-alanda-cikan-yangin-sonduruldu","status":"publish","type":"post","link":"https:\/\/mersingazetesi.com\/index.php\/2026\/08\/31\/silifkede-makilik-alanda-cikan-yangin-sonduruldu\/","title":{"rendered":"Silifke&#8217;de makilik alanda \u00e7\u0131kan yang\u0131n s\u00f6nd\u00fcr\u00fcld\u00fc"},"content":{"rendered":"<p><strong class=\"searchword\">Mersin<\/strong>&#8216;in Silifke il\u00e7esinde makilik alanda \u00e7\u0131kan yang\u0131n, havadan ve karadan yap\u0131lan m\u00fcdahaleyle k\u0131sa s\u00fcrede kontrol alt\u0131na al\u0131narak s\u00f6nd\u00fcr\u00fcld\u00fc.<br \/>\nYang\u0131n, Silifke il\u00e7esi Burunucu Mahallesi Bozdo\u011fan mevkiinde bulunan makilik alanda \u00e7\u0131kt\u0131. Hen\u00fcz belirlenemeyen nedenle \u00e7\u0131kan yang\u0131n\u0131 fark edenlerin ihbar\u0131 \u00fczerine b\u00f6lgeye ekipler sevk edildi.<br \/>\nYang\u0131na 2 helikopterin yan\u0131 s\u0131ra araz\u00f6zler ve\u00a0<strong class=\"searchword\">Mersin<\/strong>\u00a0B\u00fcy\u00fck\u015fehir Belediyesi ekipleri m\u00fcdahale etti. Ekiplerin havadan ve karadan koordineli \u015fekilde y\u00fcr\u00fctt\u00fc\u011f\u00fc \u00e7al\u0131\u015fmalar sonucunda yang\u0131n, \u00e7evredeki alanlara yay\u0131lmadan k\u0131sa s\u00fcrede kontrol alt\u0131na al\u0131nd\u0131.<br \/>\nYang\u0131n, ekiplerin so\u011futma \u00e7al\u0131\u015fmalar\u0131n\u0131n ard\u0131ndan tamamen s\u00f6nd\u00fcr\u00fcl\u00fcrken, b\u00f6lgede inceleme ba\u015flat\u0131ld\u0131.<\/p>\n","protected":false},"excerpt":{"rendered":"<p>Mersin&#8216;in Silifke il\u00e7esinde makilik alanda \u00e7\u0131kan yang\u0131n, havadan ve karadan yap\u0131lan m\u00fcdahaleyle k\u0131sa s\u00fcrede kontrol alt\u0131na al\u0131narak s\u00f6nd\u00fcr\u00fcld\u00fc. Yang\u0131n, Silifke il\u00e7esi Burunucu Mahallesi Bozdo\u011fan mevkiinde bulunan makilik alanda \u00e7\u0131kt\u0131. Hen\u00fcz belirlenemeyen nedenle \u00e7\u0131kan yang\u0131n\u0131 fark edenlerin ihbar\u0131 \u00fczerine b\u00f6lgeye ekipler sevk edildi. Yang\u0131na 2 helikopterin yan\u0131 s\u0131ra araz\u00f6zler ve\u00a0Mersin\u00a0B\u00fcy\u00fck\u015fehir Belediyesi ekipleri m\u00fcdahale etti. Ekiplerin havadan [&hellip;]<\/p>\n","protected":false},"author":2,"featured_media":142297,"comment_status":"open","ping_status":"open","sticky":false,"template":"","format":"standard","meta":{"footnotes":""},"categories":[1],"tags":[],"class_list":["post-142296","post","type-post","status-publish","format-standard","has-post-thumbnail","hentry","category-gundem"],"views":184,"_links":{"self":[{"href":"https:\/\/mersingazetesi.com\/index.php\/wp-json\/wp\/v2\/posts\/142296","targetHints":{"allow":["GET"]}}],"collection":[{"href":"https:\/\/mersingazetesi.com\/index.php\/wp-json\/wp\/v2\/posts"}],"about":[{"href":"https:\/\/mersingazetesi.com\/index.php\/wp-json\/wp\/v2\/types\/post"}],"author":[{"embeddable":true,"href":"https:\/\/mersingazetesi.com\/index.php\/wp-json\/wp\/v2\/users\/2"}],"replies":[{"embeddable":true,"href":"https:\/\/mersingazetesi.com\/index.php\/wp-json\/wp\/v2\/comments?post=142296"}],"version-history":[{"count":1,"href":"https:\/\/mersingazetesi.com\/index.php\/wp-json\/wp\/v2\/posts\/142296\/revisions"}],"predecessor-version":[{"id":142298,"href":"https:\/\/mersingazetesi.com\/index.php\/wp-json\/wp\/v2\/posts\/142296\/revisions\/142298"}],"wp:featuredmedia":[{"embeddable":true,"href":"https:\/\/mersingazetesi.com\/index.php\/wp-json\/wp\/v2\/media\/142297"}],"wp:attachment":[{"href":"https:\/\/mersingazetesi.com\/index.php\/wp-json\/wp\/v2\/media?parent=142296"}],"wp:term":[{"taxonomy":"category","embeddable":true,"href":"https:\/\/mersingazetesi.com\/index.php\/wp-json\/wp\/v2\/categories?post=142296"},{"taxonomy":"post_tag","embeddable":true,"href":"https:\/\/mersingazetesi.com\/index.php\/wp-json\/wp\/v2\/tags?post=142296"}],"curies":[{"name":"wp","href":"https:\/\/api.w.org\/{rel}","templated":true}]}}