{"id":142293,"date":"2026-08-31T16:14:50","date_gmt":"2026-08-31T13:14:50","guid":{"rendered":"https:\/\/mersingazetesi.com\/?p=142293"},"modified":"2026-08-31T16:14:50","modified_gmt":"2026-08-31T13:14:50","slug":"tarsus-ilce-emniyet-mudurlugunde-gorev-degisimi","status":"publish","type":"post","link":"https:\/\/mersingazetesi.com\/index.php\/2026\/08\/31\/tarsus-ilce-emniyet-mudurlugunde-gorev-degisimi\/","title":{"rendered":"Tarsus \u0130l\u00e7e Emniyet M\u00fcd\u00fcrl\u00fc\u011f\u00fcnde g\u00f6rev de\u011fi\u015fimi"},"content":{"rendered":"<p><strong class=\"searchword\">Mersin<\/strong>\u2019in Tarsus \u0130l\u00e7e Emniyet M\u00fcd\u00fcr\u00fc Berat G\u00fcn\u00e7i\u00e7ek, g\u00f6revini Bayram Bar\u0131\u015f Alt\u0131ndal\u2019a devretti.<br \/>\nTarsus \u0130l\u00e7e Emniyet M\u00fcd\u00fcrl\u00fc\u011f\u00fcnde g\u00f6rev de\u011fi\u015fimi ya\u015fand\u0131. \u0130l\u00e7e Emniyet M\u00fcd\u00fcr\u00fc olarak g\u00f6rev yapan Berat G\u00fcn\u00e7i\u00e7ek, g\u00f6revini Bayram Bar\u0131\u015f Alt\u0131ndal\u2019a teslim etti.<br \/>\nG\u00f6rev de\u011fi\u015fiminin ard\u0131ndan Bayram Bar\u0131\u015f Alt\u0131ndal, Tarsus \u0130l\u00e7e Emniyet M\u00fcd\u00fcr\u00fc olarak g\u00f6revine ba\u015flad\u0131. Berat G\u00fcn\u00e7i\u00e7ek\u2019in g\u00f6rev s\u00fcresi boyunca il\u00e7enin huzur ve g\u00fcvenli\u011finin sa\u011flanmas\u0131na y\u00f6nelik y\u00fcr\u00fct\u00fclen \u00e7al\u0131\u015fmalarda g\u00f6rev ald\u0131\u011f\u0131 belirtilirken, yeni \u0130l\u00e7e Emniyet M\u00fcd\u00fcr\u00fc Bayram Bar\u0131\u015f Alt\u0131ndal\u2019\u0131n da Tarsus\u2019ta asayi\u015f ve g\u00fcvenlik \u00e7al\u0131\u015fmalar\u0131n\u0131 s\u00fcrd\u00fcrece\u011fi \u00f6\u011frenildi.<\/p>\n","protected":false},"excerpt":{"rendered":"<p>Mersin\u2019in Tarsus \u0130l\u00e7e Emniyet M\u00fcd\u00fcr\u00fc Berat G\u00fcn\u00e7i\u00e7ek, g\u00f6revini Bayram Bar\u0131\u015f Alt\u0131ndal\u2019a devretti. Tarsus \u0130l\u00e7e Emniyet M\u00fcd\u00fcrl\u00fc\u011f\u00fcnde g\u00f6rev de\u011fi\u015fimi ya\u015fand\u0131. \u0130l\u00e7e Emniyet M\u00fcd\u00fcr\u00fc olarak g\u00f6rev yapan Berat G\u00fcn\u00e7i\u00e7ek, g\u00f6revini Bayram Bar\u0131\u015f Alt\u0131ndal\u2019a teslim etti. G\u00f6rev de\u011fi\u015fiminin ard\u0131ndan Bayram Bar\u0131\u015f Alt\u0131ndal, Tarsus \u0130l\u00e7e Emniyet M\u00fcd\u00fcr\u00fc olarak g\u00f6revine ba\u015flad\u0131. Berat G\u00fcn\u00e7i\u00e7ek\u2019in g\u00f6rev s\u00fcresi boyunca il\u00e7enin huzur ve g\u00fcvenli\u011finin [&hellip;]<\/p>\n","protected":false},"author":2,"featured_media":142294,"comment_status":"open","ping_status":"open","sticky":false,"template":"","format":"standard","meta":{"footnotes":""},"categories":[1],"tags":[],"class_list":["post-142293","post","type-post","status-publish","format-standard","has-post-thumbnail","hentry","category-gundem"],"views":200,"_links":{"self":[{"href":"https:\/\/mersingazetesi.com\/index.php\/wp-json\/wp\/v2\/posts\/142293","targetHints":{"allow":["GET"]}}],"collection":[{"href":"https:\/\/mersingazetesi.com\/index.php\/wp-json\/wp\/v2\/posts"}],"about":[{"href":"https:\/\/mersingazetesi.com\/index.php\/wp-json\/wp\/v2\/types\/post"}],"author":[{"embeddable":true,"href":"https:\/\/mersingazetesi.com\/index.php\/wp-json\/wp\/v2\/users\/2"}],"replies":[{"embeddable":true,"href":"https:\/\/mersingazetesi.com\/index.php\/wp-json\/wp\/v2\/comments?post=142293"}],"version-history":[{"count":1,"href":"https:\/\/mersingazetesi.com\/index.php\/wp-json\/wp\/v2\/posts\/142293\/revisions"}],"predecessor-version":[{"id":142295,"href":"https:\/\/mersingazetesi.com\/index.php\/wp-json\/wp\/v2\/posts\/142293\/revisions\/142295"}],"wp:featuredmedia":[{"embeddable":true,"href":"https:\/\/mersingazetesi.com\/index.php\/wp-json\/wp\/v2\/media\/142294"}],"wp:attachment":[{"href":"https:\/\/mersingazetesi.com\/index.php\/wp-json\/wp\/v2\/media?parent=142293"}],"wp:term":[{"taxonomy":"category","embeddable":true,"href":"https:\/\/mersingazetesi.com\/index.php\/wp-json\/wp\/v2\/categories?post=142293"},{"taxonomy":"post_tag","embeddable":true,"href":"https:\/\/mersingazetesi.com\/index.php\/wp-json\/wp\/v2\/tags?post=142293"}],"curies":[{"name":"wp","href":"https:\/\/api.w.org\/{rel}","templated":true}]}}