{"id":142281,"date":"2026-08-31T14:59:12","date_gmt":"2026-08-31T11:59:12","guid":{"rendered":"https:\/\/mersingazetesi.com\/?p=142281"},"modified":"2026-08-31T15:01:25","modified_gmt":"2026-08-31T12:01:25","slug":"mskda-hedef-sampiyonluk","status":"publish","type":"post","link":"https:\/\/mersingazetesi.com\/index.php\/2026\/08\/31\/mskda-hedef-sampiyonluk\/","title":{"rendered":"MSK\u2019DA HEDEF \u015eAMP\u0130YONLUK"},"content":{"rendered":"<p>T\u00fcrkiye Sigorta Basketbol Ligi\u2019nde yeni sezonda m\u00fccadele edecek Mersin Spor Kul\u00fcb\u00fc, sezon sonunda \u015fampiyon olup S\u00fcper Lig\u2019e d\u00f6nmeyi hedefliyor.Kul\u00fcb\u00fcn yeni sezon hedefleri, y\u00f6netim yap\u0131s\u0131 ve son durumu d\u00fczenlenen bas\u0131n toplant\u0131s\u0131yla a\u00e7\u0131kland\u0131. Toplant\u0131ya Kul\u00fcp Ba\u015fkan\u0131 Mustafa \u00d6z\u00fcnl\u00fc, Genel Menajer Nam\u0131k Yazlar, Ba\u015fantren\u00f6r Burak G\u00f6ren kat\u0131ld\u0131.<\/p>\n<p>&nbsp;<\/p>\n<p>&#8220;GE\u00c7\u0130C\u0130 B\u0130R KUL\u00dcP DE\u011e\u0130L\u0130Z&#8221;<\/p>\n<p>Ba\u015fkan Mustafa \u00d6z\u00fcnl\u00fc, 2025-26 sezonunda 1. Lig\u2019e d\u00fc\u015fmenin talihsizlik oldu\u011funu belirterek, &#8220;Mersin Spor Kul\u00fcb\u00fc ge\u00e7ici kurulan bir kul\u00fcp de\u011fil. Aya\u011fa kalkmas\u0131n\u0131 bilecek. 2026-27 sezonunda ait oldu\u011fumuz yere, S\u00fcper Lig\u2019e d\u00f6nece\u011fiz&#8221; dedi.<br \/>\n\u00d6z\u00fcnl\u00fc, g\u00fc\u00e7l\u00fc bir y\u00f6netim kurulu olu\u015fturduklar\u0131n\u0131 ve tak\u0131m\u0131n ba\u015f\u0131na Burak G\u00f6ren\u2019i getirdiklerini ifade ederek, &#8220;\u0130yi bir oyuncu kadrosu kurduk. Haz\u0131rl\u0131k ma\u00e7lar\u0131ndaki havay\u0131 \u00e7ok iyi g\u00f6rd\u00fcm&#8221; diye konu\u015ftu.<\/p>\n<p>&#8220;T\u00dcM \u015eEH\u0130R YANIMIZDA OLSUN&#8221;<\/p>\n<p>Genel Menajer Nam\u0131k Yazlar, \u00f6ncelikli hedeflerinin kul\u00fcb\u00fc kurumsalla\u015ft\u0131rmak ve hak etti\u011fi yere, S\u00fcper Lig\u2019e ta\u015f\u0131mak oldu\u011funu s\u00f6yledi.<br \/>\nBa\u015fantren\u00f6r Burak G\u00f6ren ise, &#8220;Ge\u00e7en sene ya\u015fanan travmay\u0131 \u00e7abuk atlataca\u011f\u0131z. Hedefimiz \u015fampiyonluk. Ama bu tek ba\u015f\u0131na olacak i\u015f de\u011fil. T\u00fcm \u015fehrin, t\u00fcm kentin yan\u0131m\u0131zda olmas\u0131n\u0131 bekliyoruz&#8221; ifadelerini kulland\u0131.<\/p>\n<p>T\u00fcrkiye Sigorta Basketbol Ligi, 13 Eyl\u00fcl\u2019de ba\u015flayacak.<\/p>\n","protected":false},"excerpt":{"rendered":"<p>T\u00fcrkiye Sigorta Basketbol Ligi\u2019nde yeni sezonda m\u00fccadele edecek Mersin Spor Kul\u00fcb\u00fc, sezon sonunda \u015fampiyon olup S\u00fcper Lig\u2019e d\u00f6nmeyi hedefliyor.Kul\u00fcb\u00fcn yeni sezon hedefleri, y\u00f6netim yap\u0131s\u0131 ve son durumu d\u00fczenlenen bas\u0131n toplant\u0131s\u0131yla a\u00e7\u0131kland\u0131. Toplant\u0131ya Kul\u00fcp Ba\u015fkan\u0131 Mustafa \u00d6z\u00fcnl\u00fc, Genel Menajer Nam\u0131k Yazlar, Ba\u015fantren\u00f6r Burak G\u00f6ren kat\u0131ld\u0131. &nbsp; &#8220;GE\u00c7\u0130C\u0130 B\u0130R KUL\u00dcP DE\u011e\u0130L\u0130Z&#8221; Ba\u015fkan Mustafa \u00d6z\u00fcnl\u00fc, 2025-26 sezonunda 1. [&hellip;]<\/p>\n","protected":false},"author":2,"featured_media":142282,"comment_status":"open","ping_status":"open","sticky":false,"template":"","format":"standard","meta":{"footnotes":""},"categories":[6],"tags":[],"class_list":["post-142281","post","type-post","status-publish","format-standard","has-post-thumbnail","hentry","category-spor"],"views":221,"_links":{"self":[{"href":"https:\/\/mersingazetesi.com\/index.php\/wp-json\/wp\/v2\/posts\/142281","targetHints":{"allow":["GET"]}}],"collection":[{"href":"https:\/\/mersingazetesi.com\/index.php\/wp-json\/wp\/v2\/posts"}],"about":[{"href":"https:\/\/mersingazetesi.com\/index.php\/wp-json\/wp\/v2\/types\/post"}],"author":[{"embeddable":true,"href":"https:\/\/mersingazetesi.com\/index.php\/wp-json\/wp\/v2\/users\/2"}],"replies":[{"embeddable":true,"href":"https:\/\/mersingazetesi.com\/index.php\/wp-json\/wp\/v2\/comments?post=142281"}],"version-history":[{"count":1,"href":"https:\/\/mersingazetesi.com\/index.php\/wp-json\/wp\/v2\/posts\/142281\/revisions"}],"predecessor-version":[{"id":142283,"href":"https:\/\/mersingazetesi.com\/index.php\/wp-json\/wp\/v2\/posts\/142281\/revisions\/142283"}],"wp:featuredmedia":[{"embeddable":true,"href":"https:\/\/mersingazetesi.com\/index.php\/wp-json\/wp\/v2\/media\/142282"}],"wp:attachment":[{"href":"https:\/\/mersingazetesi.com\/index.php\/wp-json\/wp\/v2\/media?parent=142281"}],"wp:term":[{"taxonomy":"category","embeddable":true,"href":"https:\/\/mersingazetesi.com\/index.php\/wp-json\/wp\/v2\/categories?post=142281"},{"taxonomy":"post_tag","embeddable":true,"href":"https:\/\/mersingazetesi.com\/index.php\/wp-json\/wp\/v2\/tags?post=142281"}],"curies":[{"name":"wp","href":"https:\/\/api.w.org\/{rel}","templated":true}]}}