{"id":142274,"date":"2026-08-31T14:50:19","date_gmt":"2026-08-31T11:50:19","guid":{"rendered":"https:\/\/mersingazetesi.com\/?p=142274"},"modified":"2026-08-31T14:50:19","modified_gmt":"2026-08-31T11:50:19","slug":"onumuzdeki-birkac-ay-icerisinde-akkuyudan-ilk-elektrigi-uretecegiz","status":"publish","type":"post","link":"https:\/\/mersingazetesi.com\/index.php\/2026\/08\/31\/onumuzdeki-birkac-ay-icerisinde-akkuyudan-ilk-elektrigi-uretecegiz\/","title":{"rendered":"&#8220;\u00d6n\u00fcm\u00fczdeki birka\u00e7 ay i\u00e7erisinde Akkuyu&#8217;dan ilk elektri\u011fi \u00fcretece\u011fiz&#8221;"},"content":{"rendered":"<p>Enerji ve Tabii Kaynaklar Bakan\u0131 Alparslan Bayraktar, AK Parti Eski\u015fehir \u0130l Ba\u015fkanl\u0131\u011f\u0131 taraf\u0131ndan d\u00fczenlenen 3. Geleneksel Eski\u015fehir Aile Pikni\u011fi ve Geni\u015fletilmi\u015f 100. \u0130l Dan\u0131\u015fma Meclisi Toplant\u0131s\u0131&#8217;na kat\u0131ld\u0131. T\u00fcrkiye&#8217;nin enerjide tam ba\u011f\u0131ms\u0131zl\u0131k hedefine emin ad\u0131mlarla ilerledi\u011fini vurgulayan Bakan Bayraktar, &#8220;\u0130n\u015fallah \u00f6n\u00fcm\u00fczdeki birka\u00e7 ay i\u00e7erisinde biz\u00a0<strong class=\"searchword\">Akkuyu<\/strong>&#8216;dan n\u00fckleerden ilk elektri\u011fi \u00fcretece\u011fiz ve T\u00fcrkiye n\u00fckleer lige \u00e7\u0131kan \u00fclkelerden biri haline gelecek&#8221; dedi.<br \/>\nAK Parti Eski\u015fehir \u0130l Ba\u015fkanl\u0131\u011f\u0131 organizasyonunda Dede Korkut Park\u0131&#8217;nda d\u00fczenlenen 3. Geleneksel Aile Pikni\u011fi ve Geni\u015fletilmi\u015f 100. \u0130l Dan\u0131\u015fma Meclisi Toplant\u0131s\u0131 yo\u011fun i\u015ftirakle ger\u00e7ekle\u015ftirildi. AK Parti&#8217;nin kurulu\u015f y\u0131l d\u00f6n\u00fcm\u00fc, 30 A\u011fustos Zafer Bayram\u0131 ve Eski\u015fehir&#8217;in kurtulu\u015funun 104. y\u0131l d\u00f6n\u00fcm\u00fc vesilesiyle d\u00fczenlenen programa; Enerji ve Tabii Kaynaklar Bakan\u0131 Alparslan Bayraktar, AK Parti Eski\u015fehir \u0130l Ba\u015fkan\u0131 G\u00fcrhan Albayrak, milletvekilleri, ge\u00e7mi\u015f d\u00f6nem il ba\u015fkanlar\u0131, te\u015fkilat mensuplar\u0131 ve \u00e7ok say\u0131da vatanda\u015f kat\u0131ld\u0131. Programda konu\u015fan Bakan Bayraktar, T\u00fcrkiye&#8217;nin petrol, do\u011fal gaz ve n\u00fckleer enerji alan\u0131nda hayata ge\u00e7irdi\u011fi mega projeler ile enerji vizyonuna ili\u015fkin \u00f6nemli a\u00e7\u0131klamalarda bulundu.<\/p>\n<p>&#8220;2028 y\u0131l\u0131nda hanelerimizin y\u00fczde 80&#8217;inin ihtiyac\u0131n\u0131 kendi gaz\u0131m\u0131zla kar\u015f\u0131lar hale gelece\u011fiz&#8221;<br \/>\nT\u00fcrkiye&#8217;nin do\u011fal gaz altyap\u0131s\u0131nda ve a\u00e7\u0131k deniz aramalar\u0131nda devrim niteli\u011finde ad\u0131mlar att\u0131\u011f\u0131n\u0131 belirten Enerji ve Tabii Kaynaklar Bakan\u0131 Alparslan Bayraktar, &#8220;T\u00fcrkiye, d\u00fcnyan\u0131n etraf\u0131n\u0131 neredeyse 5 kat dola\u015facak kadar boru hatt\u0131n\u0131 yer alt\u0131nda in\u015fa etti; 220 bin kilometrenin \u00fczerinde boru hatt\u0131yla 81 ilde, 980 yerle\u015fim yerinde art\u0131k do\u011fal gaz\u0131m\u0131z var. Ancak biz 10 y\u0131l \u00f6nce kendi gemilerimizle, kendi m\u00fchendislerimizle Akdeniz ve Karadeniz&#8217;de aramalara ba\u015flad\u0131k. Karadeniz Sakarya Gaz Sahas\u0131&#8217;nda yerin alt\u0131ndaki do\u011fal gaz\u0131 \u00e7\u0131kard\u0131k ve \u015fu an Eski\u015fehir dahil T\u00fcrkiye&#8217;deki 4 milyon hanede kendi gaz\u0131m\u0131z\u0131 kullan\u0131r hale geldik. 2026 y\u0131l\u0131 sonunda bu rakam 8 milyon haneye, 2028 y\u0131l\u0131nda ise 16-17 milyon haneye \u00e7\u0131kacak. Yani neredeyse hanelerimizin y\u00fczde 80&#8217;inin ihtiyac\u0131n\u0131 kendi gaz\u0131m\u0131zla kar\u015f\u0131lar hale gelece\u011fiz. Somali&#8217;de petrol arayan, Kerk\u00fck petrollerine ortak olan, Libya&#8217;da, Pakistan&#8217;da faaliyet g\u00f6sterebilen m\u00fchendislerimiz ve kabiliyetimiz var&#8221; dedi.<\/p>\n<p>&#8220;Gabar&#8217;da bug\u00fcn 83 bin varilin \u00fczerinde g\u00fcnl\u00fck petrol \u00fcretiyoruz&#8221;<br \/>\nTer\u00f6rden temizlenen b\u00f6lgelerin T\u00fcrkiye&#8217;nin \u00fcretim \u00fcss\u00fc haline geldi\u011fine dikkat \u00e7eken Bakan Bayraktar, &#8220;Ter\u00f6rs\u00fcz T\u00fcrkiye&#8217;nin ne oldu\u011funu Gabar&#8217;da g\u00f6sterdik. 2021 y\u0131l\u0131 Eyl\u00fcl ay\u0131nda Gabar&#8217;da, da\u011flar\u0131n alt\u0131ndaki petrol\u00fc ke\u015ffettik ve Cumhuriyet tarihinin en b\u00fcy\u00fck ke\u015ffini yapt\u0131k. Bug\u00fcn Gabar&#8217;da g\u00fcnde 83 bin varilin \u00fczerinde petrol \u00fcretiyoruz. Hem ithalat\u0131m\u0131z\u0131 azalt\u0131yoruz hem de o b\u00f6lgede 3 bin 500-4 bin gencimize istihdam sa\u011flad\u0131k. Ter\u00f6rden temizlenen bu b\u00f6lgelerde art\u0131k gen\u00e7lerimiz gelece\u011fe umutla bak\u0131yor. \u0130n\u015fallah ter\u00f6rs\u00fcz T\u00fcrkiye hedefini tamamen ger\u00e7ekle\u015ftirdi\u011fimizde refah\u0131m\u0131z daha da y\u00fckselecek&#8221; diye konu\u015ftu.<\/p>\n<p>&#8220;\u00d6n\u00fcm\u00fczdeki birka\u00e7 ay i\u00e7erisinde\u00a0<strong class=\"searchword\">Akkuyu<\/strong>&#8216;dan ilk elektri\u011fi \u00fcretece\u011fiz&#8221;<br \/>\nN\u00fckleer enerjinin T\u00fcrkiye&#8217;nin gelece\u011fi i\u00e7in stratejik bir zorunluluk oldu\u011funu ifade eden Bakan Bayraktar, &#8220;2026 y\u0131l\u0131 T\u00fcrkiye&#8217;nin n\u00fckleer tarihinin 70. y\u0131l\u0131. D\u00fcnyada 31 \u00fclkede 400&#8217;\u00fcn \u00fczerinde n\u00fckleer santral varken &#8216;bize tehlikeli&#8217; diyerek kar\u015f\u0131 \u00e7\u0131kt\u0131lar.\u00a0<strong class=\"searchword\">Akkuyu<\/strong>&#8216;da 4 reakt\u00f6r\u00fcn in\u015fas\u0131 s\u00fcr\u00fcyor. \u0130n\u015fallah \u00f6n\u00fcm\u00fczdeki birka\u00e7 ay i\u00e7erisinde\u00a0<strong class=\"searchword\">Akkuyu<\/strong>&#8216;dan ilk elektri\u011fi \u00fcretece\u011fiz ve T\u00fcrkiye n\u00fckleer lige \u00e7\u0131kan \u00fclkelerden biri haline gelecek. Enerjideki d\u0131\u015fa ba\u011f\u0131ml\u0131l\u0131\u011f\u0131 bitirdi\u011fimizde, her y\u0131l d\u0131\u015far\u0131ya \u00f6dedi\u011fimiz on milyarlarca dolar hazinemizde kalacak ve ekonomimiz \u00e7ok daha g\u00fc\u00e7l\u00fc hale gelecektir&#8221; ifadelerini kulland\u0131.<\/p>\n","protected":false},"excerpt":{"rendered":"<p>Enerji ve Tabii Kaynaklar Bakan\u0131 Alparslan Bayraktar, AK Parti Eski\u015fehir \u0130l Ba\u015fkanl\u0131\u011f\u0131 taraf\u0131ndan d\u00fczenlenen 3. Geleneksel Eski\u015fehir Aile Pikni\u011fi ve Geni\u015fletilmi\u015f 100. \u0130l Dan\u0131\u015fma Meclisi Toplant\u0131s\u0131&#8217;na kat\u0131ld\u0131. T\u00fcrkiye&#8217;nin enerjide tam ba\u011f\u0131ms\u0131zl\u0131k hedefine emin ad\u0131mlarla ilerledi\u011fini vurgulayan Bakan Bayraktar, &#8220;\u0130n\u015fallah \u00f6n\u00fcm\u00fczdeki birka\u00e7 ay i\u00e7erisinde biz\u00a0Akkuyu&#8216;dan n\u00fckleerden ilk elektri\u011fi \u00fcretece\u011fiz ve T\u00fcrkiye n\u00fckleer lige \u00e7\u0131kan \u00fclkelerden biri [&hellip;]<\/p>\n","protected":false},"author":2,"featured_media":142275,"comment_status":"open","ping_status":"open","sticky":false,"template":"","format":"standard","meta":{"footnotes":""},"categories":[7,8],"tags":[],"class_list":["post-142274","post","type-post","status-publish","format-standard","has-post-thumbnail","hentry","category-teknoloji","category-mersin"],"views":229,"_links":{"self":[{"href":"https:\/\/mersingazetesi.com\/index.php\/wp-json\/wp\/v2\/posts\/142274","targetHints":{"allow":["GET"]}}],"collection":[{"href":"https:\/\/mersingazetesi.com\/index.php\/wp-json\/wp\/v2\/posts"}],"about":[{"href":"https:\/\/mersingazetesi.com\/index.php\/wp-json\/wp\/v2\/types\/post"}],"author":[{"embeddable":true,"href":"https:\/\/mersingazetesi.com\/index.php\/wp-json\/wp\/v2\/users\/2"}],"replies":[{"embeddable":true,"href":"https:\/\/mersingazetesi.com\/index.php\/wp-json\/wp\/v2\/comments?post=142274"}],"version-history":[{"count":1,"href":"https:\/\/mersingazetesi.com\/index.php\/wp-json\/wp\/v2\/posts\/142274\/revisions"}],"predecessor-version":[{"id":142276,"href":"https:\/\/mersingazetesi.com\/index.php\/wp-json\/wp\/v2\/posts\/142274\/revisions\/142276"}],"wp:featuredmedia":[{"embeddable":true,"href":"https:\/\/mersingazetesi.com\/index.php\/wp-json\/wp\/v2\/media\/142275"}],"wp:attachment":[{"href":"https:\/\/mersingazetesi.com\/index.php\/wp-json\/wp\/v2\/media?parent=142274"}],"wp:term":[{"taxonomy":"category","embeddable":true,"href":"https:\/\/mersingazetesi.com\/index.php\/wp-json\/wp\/v2\/categories?post=142274"},{"taxonomy":"post_tag","embeddable":true,"href":"https:\/\/mersingazetesi.com\/index.php\/wp-json\/wp\/v2\/tags?post=142274"}],"curies":[{"name":"wp","href":"https:\/\/api.w.org\/{rel}","templated":true}]}}