{"id":142266,"date":"2026-08-31T14:16:43","date_gmt":"2026-08-31T11:16:43","guid":{"rendered":"https:\/\/mersingazetesi.com\/?p=142266"},"modified":"2026-08-31T14:16:43","modified_gmt":"2026-08-31T11:16:43","slug":"mutta-keci-guzellik-yarismasi-duzenlendi","status":"publish","type":"post","link":"https:\/\/mersingazetesi.com\/index.php\/2026\/08\/31\/mutta-keci-guzellik-yarismasi-duzenlendi\/","title":{"rendered":"Mut&#8217;ta &#8216;ke\u00e7i g\u00fczellik yar\u0131\u015fmas\u0131&#8217; d\u00fczenlendi"},"content":{"rendered":"<p><strong class=\"searchword\">Mersin<\/strong>&#8216;in Mut il\u00e7esinde ilk kez d\u00fczenlenen ke\u00e7i g\u00fczellik yar\u0131\u015fmas\u0131nda, \u00f6zenle bak\u0131mlar\u0131 yap\u0131lan ve s\u00fcslenen ke\u00e7iler birincilik i\u00e7in j\u00fcri kar\u015f\u0131s\u0131na \u00e7\u0131kt\u0131. Renkli g\u00f6r\u00fcnt\u00fclere sahne olan yar\u0131\u015fmada dereceye giren ke\u00e7ilerin sahiplerine yem \u00f6d\u00fcl\u00fc verildi.<br \/>\nMut il\u00e7esine ba\u011fl\u0131 \u00c7ukurba\u011f Mahallesi&#8217;nde, Mut \u00c7ukurba\u011f Yard\u0131mla\u015fma, Dayan\u0131\u015fma ve K\u00fclt\u00fcrel Faaliyetleri Destekleme Derne\u011fi taraf\u0131ndan ke\u00e7i g\u00fczellik yar\u0131\u015fmas\u0131 d\u00fczenlendi. Mahallede hayvanc\u0131l\u0131kla u\u011fra\u015fan \u00e7ift\u00e7ilerin kat\u0131ld\u0131\u011f\u0131 yar\u0131\u015fmada, sahipleri taraf\u0131ndan \u00f6zenle bak\u0131m\u0131 yap\u0131lan ve s\u00fcslenen ke\u00e7iler j\u00fcri \u00f6n\u00fcnde boy g\u00f6sterdi. \u0130lk olarak j\u00fcri \u00fcyelerine tan\u0131t\u0131lan ke\u00e7iler, daha sonra protokol \u00fcyeleri ve vatanda\u015flar\u0131n kar\u015f\u0131s\u0131na \u00e7\u0131kar\u0131ld\u0131. Yar\u0131\u015fma alan\u0131nda adeta podyumda y\u00fcr\u00fcyen ke\u00e7iler, j\u00fcri \u00fcyelerinin verdi\u011fi puanlarla de\u011ferlendirildi. \u00c7ok say\u0131da vatanda\u015f\u0131n ilgiyle takip etti\u011fi yar\u0131\u015fma renkli g\u00f6r\u00fcnt\u00fcler olu\u015fturdu.<br \/>\nToplam 6 ke\u00e7inin kat\u0131ld\u0131\u011f\u0131 yar\u0131\u015fmada Abdullah Bol&#8217;un ke\u00e7isi 40 puanla birinci oldu. Halit Seymen&#8217;in ke\u00e7isi 39 puanla ikinci, Burak Elbeyli&#8217;nin ke\u00e7isi ise 34 puanla \u00fc\u00e7\u00fcnc\u00fc s\u0131rada yer ald\u0131. Dereceye giren ke\u00e7ilerin sahiplerine yem \u00e7uval\u0131 hediye edildi.<br \/>\nYar\u0131\u015fma hakk\u0131nda bilgi veren Mut \u00c7ukurba\u011f Yard\u0131mla\u015fma, Dayan\u0131\u015fma ve K\u00fclt\u00fcrel Faaliyetleri Destekleme Derne\u011fi Ba\u015fkan\u0131 Ersan Can, bu y\u0131l ilk kez d\u00fczenledikleri yar\u0131\u015fmaya 6 ke\u00e7inin kat\u0131ld\u0131\u011f\u0131n\u0131 belirterek, &#8220;Birinciye 10, ikinciye 6 ve \u00fc\u00e7\u00fcnc\u00fcye 3 \u00e7uval yem hediye ettik. Bundan sonra bu yar\u0131\u015fmay\u0131 her y\u0131l d\u00fczenleyece\u011fiz&#8221; dedi.<br \/>\nYar\u0131\u015fman\u0131n birincisi Abdullah Bol ise yakla\u015f\u0131k 30 y\u0131ld\u0131r hayvanc\u0131l\u0131kla u\u011fra\u015ft\u0131\u011f\u0131n\u0131 belirterek, mesle\u011fini severek yapt\u0131\u011f\u0131n\u0131 s\u00f6yledi. Hayvanc\u0131l\u0131\u011f\u0131n baba mesle\u011fi oldu\u011funu ifade eden Bol, hayvanlar\u0131n\u0131n daha kaliteli olmas\u0131 i\u00e7in b\u00fcy\u00fck \u00e7aba g\u00f6sterdiklerini belirterek, &#8220;Bu yar\u0131\u015fmada birinci oldum. \u00d6nemli olan yar\u0131\u015fmakt\u0131&#8221; diye konu\u015ftu.<\/p>\n","protected":false},"excerpt":{"rendered":"<p>Mersin&#8216;in Mut il\u00e7esinde ilk kez d\u00fczenlenen ke\u00e7i g\u00fczellik yar\u0131\u015fmas\u0131nda, \u00f6zenle bak\u0131mlar\u0131 yap\u0131lan ve s\u00fcslenen ke\u00e7iler birincilik i\u00e7in j\u00fcri kar\u015f\u0131s\u0131na \u00e7\u0131kt\u0131. Renkli g\u00f6r\u00fcnt\u00fclere sahne olan yar\u0131\u015fmada dereceye giren ke\u00e7ilerin sahiplerine yem \u00f6d\u00fcl\u00fc verildi. Mut il\u00e7esine ba\u011fl\u0131 \u00c7ukurba\u011f Mahallesi&#8217;nde, Mut \u00c7ukurba\u011f Yard\u0131mla\u015fma, Dayan\u0131\u015fma ve K\u00fclt\u00fcrel Faaliyetleri Destekleme Derne\u011fi taraf\u0131ndan ke\u00e7i g\u00fczellik yar\u0131\u015fmas\u0131 d\u00fczenlendi. Mahallede hayvanc\u0131l\u0131kla u\u011fra\u015fan \u00e7ift\u00e7ilerin [&hellip;]<\/p>\n","protected":false},"author":2,"featured_media":142267,"comment_status":"open","ping_status":"open","sticky":false,"template":"","format":"standard","meta":{"footnotes":""},"categories":[1],"tags":[],"class_list":["post-142266","post","type-post","status-publish","format-standard","has-post-thumbnail","hentry","category-gundem"],"views":224,"_links":{"self":[{"href":"https:\/\/mersingazetesi.com\/index.php\/wp-json\/wp\/v2\/posts\/142266","targetHints":{"allow":["GET"]}}],"collection":[{"href":"https:\/\/mersingazetesi.com\/index.php\/wp-json\/wp\/v2\/posts"}],"about":[{"href":"https:\/\/mersingazetesi.com\/index.php\/wp-json\/wp\/v2\/types\/post"}],"author":[{"embeddable":true,"href":"https:\/\/mersingazetesi.com\/index.php\/wp-json\/wp\/v2\/users\/2"}],"replies":[{"embeddable":true,"href":"https:\/\/mersingazetesi.com\/index.php\/wp-json\/wp\/v2\/comments?post=142266"}],"version-history":[{"count":1,"href":"https:\/\/mersingazetesi.com\/index.php\/wp-json\/wp\/v2\/posts\/142266\/revisions"}],"predecessor-version":[{"id":142268,"href":"https:\/\/mersingazetesi.com\/index.php\/wp-json\/wp\/v2\/posts\/142266\/revisions\/142268"}],"wp:featuredmedia":[{"embeddable":true,"href":"https:\/\/mersingazetesi.com\/index.php\/wp-json\/wp\/v2\/media\/142267"}],"wp:attachment":[{"href":"https:\/\/mersingazetesi.com\/index.php\/wp-json\/wp\/v2\/media?parent=142266"}],"wp:term":[{"taxonomy":"category","embeddable":true,"href":"https:\/\/mersingazetesi.com\/index.php\/wp-json\/wp\/v2\/categories?post=142266"},{"taxonomy":"post_tag","embeddable":true,"href":"https:\/\/mersingazetesi.com\/index.php\/wp-json\/wp\/v2\/tags?post=142266"}],"curies":[{"name":"wp","href":"https:\/\/api.w.org\/{rel}","templated":true}]}}