{"id":142262,"date":"2026-08-31T13:13:47","date_gmt":"2026-08-31T10:13:47","guid":{"rendered":"https:\/\/mersingazetesi.com\/?p=142262"},"modified":"2026-08-31T13:13:47","modified_gmt":"2026-08-31T10:13:47","slug":"kktcde-gemi-faciasi-sorusturmasi-9-kisi-mahkemeye-getirildi","status":"publish","type":"post","link":"https:\/\/mersingazetesi.com\/index.php\/2026\/08\/31\/kktcde-gemi-faciasi-sorusturmasi-9-kisi-mahkemeye-getirildi\/","title":{"rendered":"KKTC\u2019de gemi facias\u0131 soru\u015fturmas\u0131: 9 ki\u015fi mahkemeye getirildi"},"content":{"rendered":"<p>Kuzey K\u0131br\u0131s T\u00fcrk Cumhuriyeti\u2019nin (KKTC)\u00a0<strong class=\"searchword\">Girne<\/strong>\u00a0a\u00e7\u0131klar\u0131nda meydana gelen gemi facias\u0131na ili\u015fkin soru\u015fturma kapsam\u0131nda g\u00f6zalt\u0131na al\u0131nan 9 ki\u015fi mahkemeye getirildi.<br \/>\nKuzey K\u0131br\u0131s T\u00fcrk Cumhuriyeti\u2019nin (KKTC)\u00a0<strong class=\"searchword\">Girne<\/strong>\u00a0a\u00e7\u0131klar\u0131nda d\u00fcn 267 ki\u015fiyi ta\u015f\u0131yan katamaran tipi yolcu gemisinin batmas\u0131n\u0131n ard\u0131ndan ba\u015flat\u0131lan soru\u015fturmada adli s\u00fcre\u00e7 devam ediyor. Can kayb\u0131n\u0131n 8, kay\u0131p say\u0131s\u0131n\u0131n ise 18 oldu\u011fu faciada, olayla ba\u011flant\u0131l\u0131 ki\u015filerin mahkemeye \u00e7\u0131kar\u0131lmas\u0131 i\u00e7in \u00e7al\u0131\u015fmalar s\u00fcr\u00fcyor.\u00a0<strong class=\"searchword\">Girne<\/strong>\u00a0Adli \u015eube\u2019de y\u00fcr\u00fct\u00fclen soru\u015fturma kapsam\u0131nda geminin kaptan\u0131, m\u00fcrettebat\u0131, \u015firket yetkilileri ve liman g\u00f6revlilerinin de aralar\u0131nda bulundu\u011fu 16 ki\u015fi g\u00f6zalt\u0131na al\u0131nd\u0131. \u015e\u00fcphelilerden 9\u2019u mahkemeye getirilirken, di\u011fer 7 ki\u015finin de mahkemede haz\u0131r edilmesi i\u00e7in duru\u015fma saat 11.30\u2019a ertelendi.<br \/>\nSoru\u015fturma kapsam\u0131nda gemi m\u00fcrettebat\u0131n\u0131n ilk ifadelerinde, geminin &#8220;\u00f6n k\u0131sm\u0131n\u0131n koptu\u011fu&#8221; y\u00f6n\u00fcnde beyanda bulundu\u011fu \u00f6\u011frenildi.<\/p>\n<p>Soru\u015fturma kapsam\u0131nda 100\u2019\u00fcn \u00fczerinde ki\u015finin ifadesine ba\u015fvuruldu<br \/>\nSoru\u015fturman\u0131n &#8220;dikkatsizlik sonucu \u00f6l\u00fcme sebep olma&#8221; kapsam\u0131nda y\u00fcr\u00fct\u00fcld\u00fc\u011f\u00fc, arama-kurtarma faaliyetleri ile kazaya ili\u015fkin adli ve teknik incelemelerin s\u00fcrd\u00fc\u011f\u00fc \u00f6\u011frenildi. Soru\u015fturma kapsam\u0131nda 100\u2019\u00fcn \u00fczerinde ki\u015finin ifadesine ba\u015fvurulurken, olayla ilgili kamera g\u00f6r\u00fcnt\u00fcleri de incelemeye al\u0131nd\u0131. Soru\u015fturma dosyas\u0131nda, geminin gerekli izinlerinin tamam oldu\u011fu, T\u00fcrk Loydu, Liman Ba\u015fkanl\u0131\u011f\u0131 ve Meteoroloji taraf\u0131ndan gerekli s\u00fcre\u00e7lerin y\u00fcr\u00fct\u00fcld\u00fc\u011f\u00fc kaydedildi. Geminin teknik uygunlu\u011funa ili\u015fkin i\u015flemler de inceleme kapsam\u0131nda de\u011ferlendirilirken, kazan\u0131n kesin nedeninin belirlenmesi amac\u0131yla teknik incelemelerin s\u00fcrd\u00fc\u011f\u00fc \u00f6\u011frenildi.<\/p>\n","protected":false},"excerpt":{"rendered":"<p>Kuzey K\u0131br\u0131s T\u00fcrk Cumhuriyeti\u2019nin (KKTC)\u00a0Girne\u00a0a\u00e7\u0131klar\u0131nda meydana gelen gemi facias\u0131na ili\u015fkin soru\u015fturma kapsam\u0131nda g\u00f6zalt\u0131na al\u0131nan 9 ki\u015fi mahkemeye getirildi. Kuzey K\u0131br\u0131s T\u00fcrk Cumhuriyeti\u2019nin (KKTC)\u00a0Girne\u00a0a\u00e7\u0131klar\u0131nda d\u00fcn 267 ki\u015fiyi ta\u015f\u0131yan katamaran tipi yolcu gemisinin batmas\u0131n\u0131n ard\u0131ndan ba\u015flat\u0131lan soru\u015fturmada adli s\u00fcre\u00e7 devam ediyor. Can kayb\u0131n\u0131n 8, kay\u0131p say\u0131s\u0131n\u0131n ise 18 oldu\u011fu faciada, olayla ba\u011flant\u0131l\u0131 ki\u015filerin mahkemeye \u00e7\u0131kar\u0131lmas\u0131 i\u00e7in \u00e7al\u0131\u015fmalar [&hellip;]<\/p>\n","protected":false},"author":2,"featured_media":142263,"comment_status":"open","ping_status":"open","sticky":false,"template":"","format":"standard","meta":{"footnotes":""},"categories":[1],"tags":[],"class_list":["post-142262","post","type-post","status-publish","format-standard","has-post-thumbnail","hentry","category-gundem"],"views":245,"_links":{"self":[{"href":"https:\/\/mersingazetesi.com\/index.php\/wp-json\/wp\/v2\/posts\/142262","targetHints":{"allow":["GET"]}}],"collection":[{"href":"https:\/\/mersingazetesi.com\/index.php\/wp-json\/wp\/v2\/posts"}],"about":[{"href":"https:\/\/mersingazetesi.com\/index.php\/wp-json\/wp\/v2\/types\/post"}],"author":[{"embeddable":true,"href":"https:\/\/mersingazetesi.com\/index.php\/wp-json\/wp\/v2\/users\/2"}],"replies":[{"embeddable":true,"href":"https:\/\/mersingazetesi.com\/index.php\/wp-json\/wp\/v2\/comments?post=142262"}],"version-history":[{"count":1,"href":"https:\/\/mersingazetesi.com\/index.php\/wp-json\/wp\/v2\/posts\/142262\/revisions"}],"predecessor-version":[{"id":142264,"href":"https:\/\/mersingazetesi.com\/index.php\/wp-json\/wp\/v2\/posts\/142262\/revisions\/142264"}],"wp:featuredmedia":[{"embeddable":true,"href":"https:\/\/mersingazetesi.com\/index.php\/wp-json\/wp\/v2\/media\/142263"}],"wp:attachment":[{"href":"https:\/\/mersingazetesi.com\/index.php\/wp-json\/wp\/v2\/media?parent=142262"}],"wp:term":[{"taxonomy":"category","embeddable":true,"href":"https:\/\/mersingazetesi.com\/index.php\/wp-json\/wp\/v2\/categories?post=142262"},{"taxonomy":"post_tag","embeddable":true,"href":"https:\/\/mersingazetesi.com\/index.php\/wp-json\/wp\/v2\/tags?post=142262"}],"curies":[{"name":"wp","href":"https:\/\/api.w.org\/{rel}","templated":true}]}}