{"id":142259,"date":"2026-08-31T12:47:49","date_gmt":"2026-08-31T09:47:49","guid":{"rendered":"https:\/\/mersingazetesi.com\/?p=142259"},"modified":"2026-08-31T13:26:09","modified_gmt":"2026-08-31T10:26:09","slug":"alabora-olan-gemide-carpici-detay","status":"publish","type":"post","link":"https:\/\/mersingazetesi.com\/index.php\/2026\/08\/31\/alabora-olan-gemide-carpici-detay\/","title":{"rendered":"ALABORA OLAN KATAMARANDA \u00c7ARPICI DETAY!"},"content":{"rendered":"<p>KKTC\u2019nin Girne a\u00e7\u0131klar\u0131nda alabora olan\u00a0<b>Filo Jet<\/b>\u00a0isimli gemiyle ilgili ortaya at\u0131lan iddialar tart\u0131\u015fma yarat\u0131rken, KKTC Bay\u0131nd\u0131rl\u0131k ve Ula\u015ft\u0131rma Bakan\u0131 Erhan Ar\u0131kl\u0131\u2019dan dikkat \u00e7eken a\u00e7\u0131klamalar geldi.<\/p>\n<p>Kazan\u0131n hemen ard\u0131ndan g\u00fcndeme gelen\u00a0<b>\u201cGemi denetimsiz sefere \u00e7\u0131kar\u0131ld\u0131\u201d<\/b>\u00a0iddias\u0131na kar\u015f\u0131 \u00e7\u0131kan Ar\u0131kl\u0131, geminin kazadan yakla\u015f\u0131k\u00a0<b>2,5 ay \u00f6nce T\u00fcrk Loydu denetiminden ge\u00e7ti\u011fini<\/b>\u00a0ve denetimin ard\u0131ndan gerekli sertifika ile klas belgesini ald\u0131\u011f\u0131n\u0131 a\u00e7\u0131klad\u0131.<\/p>\n<p><b>PEK\u0130 BU GEM\u0130 NASIL ALABORA OLDU?<\/b><\/p>\n<p>\u0130\u015fte as\u0131l yan\u0131t bekleyen soru bu!<\/p>\n<p>Bakan Ar\u0131kl\u0131, geminin denetimden ge\u00e7ti\u011fini ve kaptan\u0131n da gerekli ehliyete sahip oldu\u011funu belirtiyor. \u00dcstelik kaptan\u0131n yakla\u015f\u0131k\u00a0<b>25 y\u0131ll\u0131k denizcilik deneyimi<\/b>\u00a0bulundu\u011fu ifade ediliyor.<\/p>\n<p>O halde kamuoyunun cevap bekledi\u011fi soru \u015fu:<\/p>\n<p><b>Denetimden ge\u00e7mi\u015f, sertifikas\u0131 ve klas belgesi bulunan, deneyimli bir kaptan\u0131n g\u00f6rev yapt\u0131\u011f\u0131 gemi neden alabora oldu?<\/b><\/p>\n<p>Denetim ger\u00e7ekten yeterli miydi?<\/p>\n<p>Geminin teknik durumu denetim s\u0131ras\u0131nda ve sonras\u0131nda mevzuata uygun muydu?<\/p>\n<p>Kaza \u00f6ncesinde gemide herhangi bir teknik ar\u0131za veya g\u00fcvenlik sorunu var m\u0131yd\u0131?<\/p>\n<p>Bunlar\u0131n yan\u0131t\u0131 verilmeden, sorumlulu\u011fu yaln\u0131zca kaptana ya da m\u00fcrettebata y\u00fcklemek de,\u00a0<b>\u201cdenetimsizdi\u201d diyerek pe\u015fin h\u00fck\u00fcm vermek de<\/b>\u00a0do\u011fru olmayacakt\u0131r.<\/p>\n<p>Bakan Ar\u0131kl\u0131 da teknik incelemeler tamamlanmadan yap\u0131lan a\u00e7\u0131klamalar\u0131n ve ortaya at\u0131lan iddialar\u0131n do\u011fru olmad\u0131\u011f\u0131n\u0131 vurgulad\u0131.<\/p>\n<p><b>BELGELER ORTADA, \u015e\u0130MD\u0130 SORU\u015eTURMA KONU\u015eMALI<\/b><\/p>\n<p>Kazan\u0131n ard\u0131ndan kamuoyunun beklentisi a\u00e7\u0131k:<\/p>\n<p><b>Geminin denetim belgeleri a\u00e7\u0131klanmal\u0131, son denetimde hangi kontrollerin yap\u0131ld\u0131\u011f\u0131 ortaya konulmal\u0131 ve Filo Jet\u2019in neden alabora oldu\u011fu t\u00fcm y\u00f6nleriyle ara\u015ft\u0131r\u0131lmal\u0131.<\/b><\/p>\n<p>\u00c7\u00fcnk\u00fc mesele yaln\u0131zca bir geminin batmas\u0131 de\u011fil.<\/p>\n<p><b>Denetimden ge\u00e7mi\u015f bir gemi nas\u0131l oluyor da k\u0131sa s\u00fcre sonra denizin ortas\u0131nda alabora oluyor?<\/b><\/p>\n<p>Bu sorunun cevab\u0131 bulunmadan tart\u0131\u015fman\u0131n bitmesi beklenmiyor.<\/p>\n<p>Kazan\u0131n teknik nedenleri, geminin y\u00fck ve denge durumu, hava ve deniz \u015fartlar\u0131, bak\u0131m kay\u0131tlar\u0131 ile denetim s\u00fcrecinin tamam\u0131 mercek alt\u0131na al\u0131nmal\u0131.<\/p>\n<p><b>Kamuoyu \u015fimdi \u201ckim su\u00e7lu?\u201d sorusundan \u00f6nce, \u201cne oldu da bu gemi alabora oldu?\u201d sorusunun ger\u00e7ek cevab\u0131n\u0131 bekliyor.<\/b><\/p>\n","protected":false},"excerpt":{"rendered":"<p>G\u0130RNE A\u00c7IKLARINDA ALABORA OLAN F\u0130LO JET \u0130\u00c7\u0130N TARTI\u015eMA B\u00dcY\u00dcYOR!<\/p>\n","protected":false},"author":2,"featured_media":142260,"comment_status":"open","ping_status":"open","sticky":false,"template":"","format":"standard","meta":{"footnotes":""},"categories":[1],"tags":[],"class_list":["post-142259","post","type-post","status-publish","format-standard","has-post-thumbnail","hentry","category-gundem"],"views":281,"_links":{"self":[{"href":"https:\/\/mersingazetesi.com\/index.php\/wp-json\/wp\/v2\/posts\/142259","targetHints":{"allow":["GET"]}}],"collection":[{"href":"https:\/\/mersingazetesi.com\/index.php\/wp-json\/wp\/v2\/posts"}],"about":[{"href":"https:\/\/mersingazetesi.com\/index.php\/wp-json\/wp\/v2\/types\/post"}],"author":[{"embeddable":true,"href":"https:\/\/mersingazetesi.com\/index.php\/wp-json\/wp\/v2\/users\/2"}],"replies":[{"embeddable":true,"href":"https:\/\/mersingazetesi.com\/index.php\/wp-json\/wp\/v2\/comments?post=142259"}],"version-history":[{"count":2,"href":"https:\/\/mersingazetesi.com\/index.php\/wp-json\/wp\/v2\/posts\/142259\/revisions"}],"predecessor-version":[{"id":142265,"href":"https:\/\/mersingazetesi.com\/index.php\/wp-json\/wp\/v2\/posts\/142259\/revisions\/142265"}],"wp:featuredmedia":[{"embeddable":true,"href":"https:\/\/mersingazetesi.com\/index.php\/wp-json\/wp\/v2\/media\/142260"}],"wp:attachment":[{"href":"https:\/\/mersingazetesi.com\/index.php\/wp-json\/wp\/v2\/media?parent=142259"}],"wp:term":[{"taxonomy":"category","embeddable":true,"href":"https:\/\/mersingazetesi.com\/index.php\/wp-json\/wp\/v2\/categories?post=142259"},{"taxonomy":"post_tag","embeddable":true,"href":"https:\/\/mersingazetesi.com\/index.php\/wp-json\/wp\/v2\/tags?post=142259"}],"curies":[{"name":"wp","href":"https:\/\/api.w.org\/{rel}","templated":true}]}}