{"id":142240,"date":"2026-08-31T11:42:44","date_gmt":"2026-08-31T08:42:44","guid":{"rendered":"https:\/\/mersingazetesi.com\/?p=142240"},"modified":"2026-08-31T11:42:44","modified_gmt":"2026-08-31T08:42:44","slug":"kontrolden-cikan-otomobil-seraya-yuvarlandi-olu-sayisi-2ye-cikti","status":"publish","type":"post","link":"https:\/\/mersingazetesi.com\/index.php\/2026\/08\/31\/kontrolden-cikan-otomobil-seraya-yuvarlandi-olu-sayisi-2ye-cikti\/","title":{"rendered":"Kontrolden \u00e7\u0131kan otomobil seraya yuvarland\u0131: \u00d6l\u00fc say\u0131s\u0131 2\u2019ye \u00e7\u0131kt\u0131"},"content":{"rendered":"<p>Mersin\u2019in Akdeniz il\u00e7esinde kontrolden \u00e7\u0131karak meyve-sebze seras\u0131na giren ve toprak zemine d\u00fc\u015fen otomobilde \u00f6l\u00fc say\u0131s\u0131 2\u2019ye y\u00fckseldi. Kazada ilk olarak \u00d6zer Hac\u0131o\u011flu\u2019nun (52) hayat\u0131n\u0131 kaybetti\u011fi belirlenirken, e\u015fi Elif Hac\u0131o\u011flu\u2019nun da cans\u0131z bedeni sazl\u0131k alanda bulundu.<br \/>\nKaza, sabah saatlerinde Adanal\u0131o\u011flu Mahallesi Pompa Sokak&#8217;ta bulunan su kanal\u0131 civar\u0131nda meydana geldi. Edinilen bilgiye g\u00f6re, 01 AJA 747 plakal\u0131 otomobil, iddiaya g\u00f6re s\u00fcr\u00fcc\u00fcs\u00fcn\u00fcn direksiyon hakimiyetini kaybetmesi sonucu kontrolden \u00e7\u0131kt\u0131. Yol kenar\u0131ndaki meyve-sebze seras\u0131na giren otomobil, seran\u0131n \u00fczerinden ge\u00e7erek a\u015fa\u011f\u0131daki toprak zemine d\u00fc\u015ft\u00fc.<br \/>\nKazada ara\u00e7ta bulunan \u00d6zer Hac\u0131o\u011flu (52) olay yerinde hayat\u0131n\u0131 kaybetti. Ekiplerin b\u00f6lgede yapt\u0131\u011f\u0131 \u00e7al\u0131\u015fmalar s\u0131ras\u0131nda, e\u015fi Elif Hac\u0131o\u011flu\u2019nun da kazan\u0131n \u015fiddetiyle ara\u00e7tan savrularak sazl\u0131k alana d\u00fc\u015ft\u00fc\u011f\u00fc ve hayat\u0131n\u0131 kaybetti\u011fi belirlendi.<br \/>\n\u0130hbar \u00fczerine olay yerine sevk edilen ekiplerin incelemelerinin ard\u0131ndan \u00e7iftin cenazeleri morga kald\u0131r\u0131ld\u0131.<br \/>\nKazan\u0131n kesin nedeninin belirlenmesi i\u00e7in soru\u015fturman\u0131n s\u00fcrd\u00fc\u011f\u00fc bildirildi.<\/p>\n","protected":false},"excerpt":{"rendered":"<p>Mersin\u2019in Akdeniz il\u00e7esinde kontrolden \u00e7\u0131karak meyve-sebze seras\u0131na giren ve toprak zemine d\u00fc\u015fen otomobilde \u00f6l\u00fc say\u0131s\u0131 2\u2019ye y\u00fckseldi. Kazada ilk olarak \u00d6zer Hac\u0131o\u011flu\u2019nun (52) hayat\u0131n\u0131 kaybetti\u011fi belirlenirken, e\u015fi Elif Hac\u0131o\u011flu\u2019nun da cans\u0131z bedeni sazl\u0131k alanda bulundu. Kaza, sabah saatlerinde Adanal\u0131o\u011flu Mahallesi Pompa Sokak&#8217;ta bulunan su kanal\u0131 civar\u0131nda meydana geldi. Edinilen bilgiye g\u00f6re, 01 AJA 747 plakal\u0131 [&hellip;]<\/p>\n","protected":false},"author":2,"featured_media":142229,"comment_status":"open","ping_status":"open","sticky":false,"template":"","format":"standard","meta":{"footnotes":""},"categories":[1],"tags":[],"class_list":["post-142240","post","type-post","status-publish","format-standard","has-post-thumbnail","hentry","category-gundem"],"views":251,"_links":{"self":[{"href":"https:\/\/mersingazetesi.com\/index.php\/wp-json\/wp\/v2\/posts\/142240","targetHints":{"allow":["GET"]}}],"collection":[{"href":"https:\/\/mersingazetesi.com\/index.php\/wp-json\/wp\/v2\/posts"}],"about":[{"href":"https:\/\/mersingazetesi.com\/index.php\/wp-json\/wp\/v2\/types\/post"}],"author":[{"embeddable":true,"href":"https:\/\/mersingazetesi.com\/index.php\/wp-json\/wp\/v2\/users\/2"}],"replies":[{"embeddable":true,"href":"https:\/\/mersingazetesi.com\/index.php\/wp-json\/wp\/v2\/comments?post=142240"}],"version-history":[{"count":1,"href":"https:\/\/mersingazetesi.com\/index.php\/wp-json\/wp\/v2\/posts\/142240\/revisions"}],"predecessor-version":[{"id":142241,"href":"https:\/\/mersingazetesi.com\/index.php\/wp-json\/wp\/v2\/posts\/142240\/revisions\/142241"}],"wp:featuredmedia":[{"embeddable":true,"href":"https:\/\/mersingazetesi.com\/index.php\/wp-json\/wp\/v2\/media\/142229"}],"wp:attachment":[{"href":"https:\/\/mersingazetesi.com\/index.php\/wp-json\/wp\/v2\/media?parent=142240"}],"wp:term":[{"taxonomy":"category","embeddable":true,"href":"https:\/\/mersingazetesi.com\/index.php\/wp-json\/wp\/v2\/categories?post=142240"},{"taxonomy":"post_tag","embeddable":true,"href":"https:\/\/mersingazetesi.com\/index.php\/wp-json\/wp\/v2\/tags?post=142240"}],"curies":[{"name":"wp","href":"https:\/\/api.w.org\/{rel}","templated":true}]}}