{"id":142237,"date":"2026-08-31T11:42:10","date_gmt":"2026-08-31T08:42:10","guid":{"rendered":"https:\/\/mersingazetesi.com\/?p=142237"},"modified":"2026-08-31T11:42:10","modified_gmt":"2026-08-31T08:42:10","slug":"tasucu-limaninda-kibris-seferleri-iptal-edildi","status":"publish","type":"post","link":"https:\/\/mersingazetesi.com\/index.php\/2026\/08\/31\/tasucu-limaninda-kibris-seferleri-iptal-edildi\/","title":{"rendered":"Ta\u015fucu Liman\u0131&#8217;nda K\u0131br\u0131s seferleri iptal edildi"},"content":{"rendered":"<p>Mersin&#8217;in Silifke il\u00e7esindeki Ta\u015fucu Liman\u0131&#8217;ndan Kuzey K\u0131br\u0131s T\u00fcrk Cumhuriyeti&#8217;ne (KKTC) yap\u0131lmas\u0131 planlanan feribot seferleri, Girne a\u00e7\u0131klar\u0131nda 267 ki\u015finin bulundu\u011fu Filo Jet isimli yolcu gemisinin batmas\u0131n\u0131n ard\u0131ndan iptal edildi. Limanda K\u0131br\u0131s&#8217;a ge\u00e7mek i\u00e7in bekleyen yolcular ise geli\u015fmeleri takip ediyor.<br \/>\nGirne-Ta\u015fucu seferini yapan Filo Jet isimli feribot, d\u00fcn Girne Liman\u0131&#8217;ndan ayr\u0131ld\u0131ktan k\u0131sa s\u00fcre sonra su alarak alabora oldu. Gemide 259 yolcu ve 8 m\u00fcrettebat olmak \u00fczere toplam 267 ki\u015finin bulundu\u011fu bildirildi. Son a\u00e7\u0131klamalara g\u00f6re kazada 8 ki\u015fi hayat\u0131n\u0131 kaybetti, \u00e7ok say\u0131da ki\u015fi kurtar\u0131l\u0131rken kay\u0131p ki\u015fileri arama-kurtarma \u00e7al\u0131\u015fmalar\u0131 devam ediyor.<\/p>\n<p>Ta\u015fucu Liman\u0131&#8217;nda seferler iptal edildi<br \/>\nYa\u015fanan facian\u0131n ard\u0131ndan Ta\u015fucu Liman\u0131&#8217;nda da hareketlilik ya\u015fand\u0131. Limandan yay\u0131mlanan duyuruda, &#8220;Ta\u015fucu-KKTC (Kuzey K\u0131br\u0131s T\u00fcrk Cumhuriyeti) seferleri iptal edilmi\u015ftir&#8221; ifadelerine yer verildi.<br \/>\nBaz\u0131 vatanda\u015flar seferlerin yeniden ba\u015flay\u0131p ba\u015flamayaca\u011f\u0131n\u0131 \u00f6\u011frenmeye \u00e7al\u0131\u015f\u0131rken, baz\u0131lar\u0131 ise alternatif ula\u015f\u0131m imkanlar\u0131n\u0131 de\u011ferlendirmeye ba\u015flad\u0131.<\/p>\n","protected":false},"excerpt":{"rendered":"<p>Mersin&#8217;in Silifke il\u00e7esindeki Ta\u015fucu Liman\u0131&#8217;ndan Kuzey K\u0131br\u0131s T\u00fcrk Cumhuriyeti&#8217;ne (KKTC) yap\u0131lmas\u0131 planlanan feribot seferleri, Girne a\u00e7\u0131klar\u0131nda 267 ki\u015finin bulundu\u011fu Filo Jet isimli yolcu gemisinin batmas\u0131n\u0131n ard\u0131ndan iptal edildi. Limanda K\u0131br\u0131s&#8217;a ge\u00e7mek i\u00e7in bekleyen yolcular ise geli\u015fmeleri takip ediyor. Girne-Ta\u015fucu seferini yapan Filo Jet isimli feribot, d\u00fcn Girne Liman\u0131&#8217;ndan ayr\u0131ld\u0131ktan k\u0131sa s\u00fcre sonra su alarak alabora [&hellip;]<\/p>\n","protected":false},"author":2,"featured_media":142238,"comment_status":"open","ping_status":"open","sticky":false,"template":"","format":"standard","meta":{"footnotes":""},"categories":[1],"tags":[],"class_list":["post-142237","post","type-post","status-publish","format-standard","has-post-thumbnail","hentry","category-gundem"],"views":260,"_links":{"self":[{"href":"https:\/\/mersingazetesi.com\/index.php\/wp-json\/wp\/v2\/posts\/142237","targetHints":{"allow":["GET"]}}],"collection":[{"href":"https:\/\/mersingazetesi.com\/index.php\/wp-json\/wp\/v2\/posts"}],"about":[{"href":"https:\/\/mersingazetesi.com\/index.php\/wp-json\/wp\/v2\/types\/post"}],"author":[{"embeddable":true,"href":"https:\/\/mersingazetesi.com\/index.php\/wp-json\/wp\/v2\/users\/2"}],"replies":[{"embeddable":true,"href":"https:\/\/mersingazetesi.com\/index.php\/wp-json\/wp\/v2\/comments?post=142237"}],"version-history":[{"count":1,"href":"https:\/\/mersingazetesi.com\/index.php\/wp-json\/wp\/v2\/posts\/142237\/revisions"}],"predecessor-version":[{"id":142239,"href":"https:\/\/mersingazetesi.com\/index.php\/wp-json\/wp\/v2\/posts\/142237\/revisions\/142239"}],"wp:featuredmedia":[{"embeddable":true,"href":"https:\/\/mersingazetesi.com\/index.php\/wp-json\/wp\/v2\/media\/142238"}],"wp:attachment":[{"href":"https:\/\/mersingazetesi.com\/index.php\/wp-json\/wp\/v2\/media?parent=142237"}],"wp:term":[{"taxonomy":"category","embeddable":true,"href":"https:\/\/mersingazetesi.com\/index.php\/wp-json\/wp\/v2\/categories?post=142237"},{"taxonomy":"post_tag","embeddable":true,"href":"https:\/\/mersingazetesi.com\/index.php\/wp-json\/wp\/v2\/tags?post=142237"}],"curies":[{"name":"wp","href":"https:\/\/api.w.org\/{rel}","templated":true}]}}