{"id":142219,"date":"2026-08-31T10:11:52","date_gmt":"2026-08-31T07:11:52","guid":{"rendered":"https:\/\/mersingazetesi.com\/?p=142219"},"modified":"2026-08-31T10:11:52","modified_gmt":"2026-08-31T07:11:52","slug":"tasucu-limaninda-kibris-seferi-bekleyisi-korkunun-ecele-faydasi-yok-bu-yolu-gitmemiz-lazim","status":"publish","type":"post","link":"https:\/\/mersingazetesi.com\/index.php\/2026\/08\/31\/tasucu-limaninda-kibris-seferi-bekleyisi-korkunun-ecele-faydasi-yok-bu-yolu-gitmemiz-lazim\/","title":{"rendered":"Ta\u015fucu Liman\u0131&#8217;nda K\u0131br\u0131s seferi bekleyi\u015fi: &#8220;Korkunun ecele faydas\u0131 yok, bu yolu gitmemiz laz\u0131m&#8221;"},"content":{"rendered":"<p>Mersin&#8217;in Ta\u015fucu Liman\u0131&#8217;ndan K\u0131br\u0131s&#8217;a gitmek i\u00e7in feribot bekleyen aileler, seferlerin yeniden ba\u015flayaca\u011f\u0131 haberini bekliyor. Y\u00fck gemisiyle K\u0131br\u0131s&#8217;a gidece\u011fini anlatan aileler, &#8220;Korkunun ecele faydas\u0131 yok. Bu yolu gitmemiz laz\u0131m&#8221; dedi.<br \/>\nGirne-Ta\u015fucu seferini yapan Filo Jet isimli feribot, d\u00fcn Girne Liman\u0131&#8217;ndan ayr\u0131ld\u0131ktan k\u0131sa s\u00fcre sonra su alarak alabora oldu. Gemide 259 yolcu ve 8 m\u00fcrettebat olmak \u00fczere toplam 267 ki\u015finin bulundu\u011fu bildirildi. Son a\u00e7\u0131klamalara g\u00f6re kazada 8 ki\u015fi hayat\u0131n\u0131 kaybetti, \u00e7ok say\u0131da ki\u015fi kurtar\u0131l\u0131rken kay\u0131p ki\u015fileri arama-kurtarma \u00e7al\u0131\u015fmalar\u0131 devam ediyor.<\/p>\n<p>Ta\u015fucu&#8217;nda sefer bekleyi\u015fi<br \/>\nKazan\u0131n ard\u0131ndan g\u00f6zlerin \u00e7evrildi\u011fi Ta\u015fucu Liman\u0131&#8217;nda ise K\u0131br\u0131s&#8217;a ge\u00e7mek isteyen vatanda\u015flar\u0131n bekleyi\u015fi s\u00fcr\u00fcyor. \u00d6zellikle tatil d\u00f6n\u00fc\u015f\u00fc nedeniyle limanda bulunan aileler, ya\u015fanan facian\u0131n ard\u0131ndan seferlerin ne zaman ba\u015flayaca\u011f\u0131n\u0131 \u00f6\u011frenmeye \u00e7al\u0131\u015f\u0131yor.<\/p>\n<p>Seferlerin ak\u0131beti merak konusu<br \/>\n\u00d6te yandan mevcut biletleme sistemlerinde 31 A\u011fustos ve 1 Eyl\u00fcl tarihleri i\u00e7in Ta\u015fucu-Girne ve Girne-Ta\u015fucu y\u00f6n\u00fcnde baz\u0131 seferlerin listelenmeye devam etti\u011fi g\u00f6r\u00fcl\u00fcyor. Ancak ya\u015fanan facian\u0131n ard\u0131ndan seferler fiilen ger\u00e7ekle\u015ftirilmiyor ve yolcular resmi a\u00e7\u0131klama bekliyor.<\/p>\n<p>&#8220;Korkunun ecele faydas\u0131 yok&#8221;<br \/>\nY\u00fck gemisiyle K\u0131br\u0131s&#8217;a gitmek i\u00e7in bekleyen vatanda\u015flardan H\u00fcseyin \u015eahverdi, &#8220;35 y\u0131ld\u0131r bu yolu gidip geliyorum. D\u00fcn ak\u015fam 18.00&#8217;dan bu yana burada bekliyoruz. Yetkililerden istedi\u011fimiz bize haber versinler. Kalacaksak ne zaman gemi kalkacak onu \u00f6\u011frenmek istiyoruz. Biletleri 40 g\u00fcn \u00f6nce ald\u0131k. Burada \u00e7ok fazla insan bekliyor. D\u00fcn b\u00f6yle bir kaza meydana geldi ama korkunun ecele faydas\u0131 yok. Arabam\u0131z\u0131 burada b\u0131rakamayaca\u011f\u0131m\u0131za g\u00f6re y\u00fck gemisiyle gidece\u011fiz. Feribota da daha \u00f6nce bindim ama b\u00f6yle tehlikeli bir durum ya\u015famad\u0131k. Bu yolu mecburen gidiyoruz, bize yetkililer bilgi versin&#8221; ifadelerini kulland\u0131.<\/p>\n<p>&#8220;S\u00fcrekli gidip geliyoruz ama hi\u00e7 b\u00f6yle bir \u015fey ya\u015famad\u0131k&#8221;<br \/>\nVatanda\u015flardan Nurettin G\u00fcney ise &#8220;D\u00fcn geceydi seferimiz ama iptal oldu. Halen bekliyoruz. \u015euanda hava muhalefeti yok, o nedenle korkmuyoruz. S\u00fcrekli gidip geliyoruz ama hi\u00e7 b\u00f6yle bir \u015fey ya\u015famad\u0131k. Deniz muhalefeti olsayd\u0131 gemi kalkmaz. Bence d\u00fcn batan feribot deniz muhalefetinden dolay\u0131 batmad\u0131, ba\u015fka nedenlerle batt\u0131&#8221; dedi.<\/p>\n<p>&#8220;Bir kere ufak feribota bindim ve korktum&#8221;<br \/>\nFeribot seferi bekleyen Veysel Karaca da &#8220;Ben y\u00fck gemisiyle gidece\u011fim o nedenle korkmuyorum. Feribot dalgalar\u0131 \u00e7ok hissettiriyor. Dalga oluyordu ama hi\u00e7 alabora olay\u0131 olmad\u0131. Hi\u00e7 g\u00f6rmedik. Ben y\u00fck gemisiyle gidip geliyorum hep. Bir kere ufak feribota bindim ve korktum o zamandan bu yana binmiyorum. 12 y\u0131l \u00f6nce bindi\u011fim feribot k\u00fc\u00e7\u00fckt\u00fc ve insanlar\u0131 mahvetti. O zamandan beri hep y\u00fck gemisiyle gidip geliyorum&#8221; diye konu\u015ftu.<\/p>\n","protected":false},"excerpt":{"rendered":"<p>Mersin&#8217;in Ta\u015fucu Liman\u0131&#8217;ndan K\u0131br\u0131s&#8217;a gitmek i\u00e7in feribot bekleyen aileler, seferlerin yeniden ba\u015flayaca\u011f\u0131 haberini bekliyor. Y\u00fck gemisiyle K\u0131br\u0131s&#8217;a gidece\u011fini anlatan aileler, &#8220;Korkunun ecele faydas\u0131 yok. Bu yolu gitmemiz laz\u0131m&#8221; dedi. Girne-Ta\u015fucu seferini yapan Filo Jet isimli feribot, d\u00fcn Girne Liman\u0131&#8217;ndan ayr\u0131ld\u0131ktan k\u0131sa s\u00fcre sonra su alarak alabora oldu. Gemide 259 yolcu ve 8 m\u00fcrettebat olmak \u00fczere [&hellip;]<\/p>\n","protected":false},"author":2,"featured_media":142220,"comment_status":"open","ping_status":"open","sticky":false,"template":"","format":"standard","meta":{"footnotes":""},"categories":[1],"tags":[],"class_list":["post-142219","post","type-post","status-publish","format-standard","has-post-thumbnail","hentry","category-gundem"],"views":222,"_links":{"self":[{"href":"https:\/\/mersingazetesi.com\/index.php\/wp-json\/wp\/v2\/posts\/142219","targetHints":{"allow":["GET"]}}],"collection":[{"href":"https:\/\/mersingazetesi.com\/index.php\/wp-json\/wp\/v2\/posts"}],"about":[{"href":"https:\/\/mersingazetesi.com\/index.php\/wp-json\/wp\/v2\/types\/post"}],"author":[{"embeddable":true,"href":"https:\/\/mersingazetesi.com\/index.php\/wp-json\/wp\/v2\/users\/2"}],"replies":[{"embeddable":true,"href":"https:\/\/mersingazetesi.com\/index.php\/wp-json\/wp\/v2\/comments?post=142219"}],"version-history":[{"count":1,"href":"https:\/\/mersingazetesi.com\/index.php\/wp-json\/wp\/v2\/posts\/142219\/revisions"}],"predecessor-version":[{"id":142221,"href":"https:\/\/mersingazetesi.com\/index.php\/wp-json\/wp\/v2\/posts\/142219\/revisions\/142221"}],"wp:featuredmedia":[{"embeddable":true,"href":"https:\/\/mersingazetesi.com\/index.php\/wp-json\/wp\/v2\/media\/142220"}],"wp:attachment":[{"href":"https:\/\/mersingazetesi.com\/index.php\/wp-json\/wp\/v2\/media?parent=142219"}],"wp:term":[{"taxonomy":"category","embeddable":true,"href":"https:\/\/mersingazetesi.com\/index.php\/wp-json\/wp\/v2\/categories?post=142219"},{"taxonomy":"post_tag","embeddable":true,"href":"https:\/\/mersingazetesi.com\/index.php\/wp-json\/wp\/v2\/tags?post=142219"}],"curies":[{"name":"wp","href":"https:\/\/api.w.org\/{rel}","templated":true}]}}