{"id":142206,"date":"2026-08-31T09:19:34","date_gmt":"2026-08-31T06:19:34","guid":{"rendered":"https:\/\/mersingazetesi.com\/?p=142206"},"modified":"2026-08-31T09:19:34","modified_gmt":"2026-08-31T06:19:34","slug":"kickboks-il-secmeleri-sona-erdi","status":"publish","type":"post","link":"https:\/\/mersingazetesi.com\/index.php\/2026\/08\/31\/kickboks-il-secmeleri-sona-erdi\/","title":{"rendered":"K\u0130CKBOKS \u0130L SE\u00c7MELER\u0130 SONA ERD\u0130"},"content":{"rendered":"<div class=\"x14z9mp xat24cr x1lziwak x1vvkbs xtlvy1s x126k92a\">\n<div dir=\"auto\">Y\u0131ld\u0131z, Minik ve Alt Minik kategorilerinde d\u00fczenlenen Kickboks \u0130l Se\u00e7meleri, sona erdi.<\/div>\n<\/div>\n<div class=\"x14z9mp xat24cr x1lziwak x1vvkbs xtlvy1s x126k92a\">\n<div dir=\"auto\">29-30 A\u011fustos tarihleri aras\u0131 Mezitli Spor Salonu\u2019nda ger\u00e7ekle\u015ftirilen ve gelece\u011fin \u015fampiyonlar\u0131n\u0131n m\u00fccadele etti\u011fi Y\u0131ld\u0131z, Minik ve Alt Minikler Kickboks il se\u00e7melerinde sporcular, 30 A\u011fustos Zafer Bayram\u0131\u2019n\u0131n azim, cesaret ve m\u00fccadele ruhuyla k\u0131yas\u0131ya m\u00fccadele etti.<\/div>\n<\/div>\n","protected":false},"excerpt":{"rendered":"<p>Y\u0131ld\u0131z, Minik ve Alt Minik kategorilerinde d\u00fczenlenen Kickboks \u0130l Se\u00e7meleri, sona erdi. 29-30 A\u011fustos tarihleri aras\u0131 Mezitli Spor Salonu\u2019nda ger\u00e7ekle\u015ftirilen ve gelece\u011fin \u015fampiyonlar\u0131n\u0131n m\u00fccadele etti\u011fi Y\u0131ld\u0131z, Minik ve Alt Minikler Kickboks il se\u00e7melerinde sporcular, 30 A\u011fustos Zafer Bayram\u0131\u2019n\u0131n azim, cesaret ve m\u00fccadele ruhuyla k\u0131yas\u0131ya m\u00fccadele etti.<\/p>\n","protected":false},"author":2,"featured_media":142207,"comment_status":"open","ping_status":"open","sticky":false,"template":"","format":"standard","meta":{"footnotes":""},"categories":[6],"tags":[],"class_list":["post-142206","post","type-post","status-publish","format-standard","has-post-thumbnail","hentry","category-spor"],"views":226,"_links":{"self":[{"href":"https:\/\/mersingazetesi.com\/index.php\/wp-json\/wp\/v2\/posts\/142206","targetHints":{"allow":["GET"]}}],"collection":[{"href":"https:\/\/mersingazetesi.com\/index.php\/wp-json\/wp\/v2\/posts"}],"about":[{"href":"https:\/\/mersingazetesi.com\/index.php\/wp-json\/wp\/v2\/types\/post"}],"author":[{"embeddable":true,"href":"https:\/\/mersingazetesi.com\/index.php\/wp-json\/wp\/v2\/users\/2"}],"replies":[{"embeddable":true,"href":"https:\/\/mersingazetesi.com\/index.php\/wp-json\/wp\/v2\/comments?post=142206"}],"version-history":[{"count":1,"href":"https:\/\/mersingazetesi.com\/index.php\/wp-json\/wp\/v2\/posts\/142206\/revisions"}],"predecessor-version":[{"id":142208,"href":"https:\/\/mersingazetesi.com\/index.php\/wp-json\/wp\/v2\/posts\/142206\/revisions\/142208"}],"wp:featuredmedia":[{"embeddable":true,"href":"https:\/\/mersingazetesi.com\/index.php\/wp-json\/wp\/v2\/media\/142207"}],"wp:attachment":[{"href":"https:\/\/mersingazetesi.com\/index.php\/wp-json\/wp\/v2\/media?parent=142206"}],"wp:term":[{"taxonomy":"category","embeddable":true,"href":"https:\/\/mersingazetesi.com\/index.php\/wp-json\/wp\/v2\/categories?post=142206"},{"taxonomy":"post_tag","embeddable":true,"href":"https:\/\/mersingazetesi.com\/index.php\/wp-json\/wp\/v2\/tags?post=142206"}],"curies":[{"name":"wp","href":"https:\/\/api.w.org\/{rel}","templated":true}]}}