{"id":142197,"date":"2026-08-31T09:14:35","date_gmt":"2026-08-31T06:14:35","guid":{"rendered":"https:\/\/mersingazetesi.com\/?p=142197"},"modified":"2026-08-31T09:14:35","modified_gmt":"2026-08-31T06:14:35","slug":"mevlid-i-nebi-haftasinin-ardindan","status":"publish","type":"post","link":"https:\/\/mersingazetesi.com\/index.php\/2026\/08\/31\/mevlid-i-nebi-haftasinin-ardindan\/","title":{"rendered":"MEVL\u0130D-\u0130 NEB\u0130 HAFTASININ ARDINDAN\u2026"},"content":{"rendered":"<div class=\"gs\">\n<div class=\"   \">\n<div id=\":vt\" class=\"ii gt\">\n<div id=\":vv\" class=\"a3s aiL \">\n<div id=\"avWBGd-240\">\n<div dir=\"ltr\">\n<div dir=\"auto\">2026 y\u0131l\u0131 Mevlid-i Nebi Haftas\u0131, Diyanet \u0130\u015fleri Ba\u015fkanl\u0131\u011f\u0131&#8217;n\u0131n takvimine g\u00f6re 24 A\u011fustos 2026 Pazartesi g\u00fcn\u00fc idrak edilen Mevlid Kandili ile ba\u015flam\u0131\u015ft\u0131r.<\/div>\n<div dir=\"auto\">Hicr\u00ee takvime g\u00f6re Reb\u00ee\u00fclevvel ay\u0131n\u0131n 12. g\u00fcn\u00fc esas al\u0131narak belirlenen bu kutlu hafta, kandil g\u00fcn\u00fcn\u00fc takip eden g\u00fcnler boyunca \u00e7e\u015fitli dini ve k\u00fclt\u00fcrel etkinliklerle kutlanm\u0131\u015ft\u0131r.<\/div>\n<div dir=\"auto\">Mevlid-i Nebi Haftas\u0131, Peygamber Efendimiz Hz. Muhammed\u2019in (s.a.v.) d\u00fcnyaya te\u015friflerini anmak, O&#8217;nun ahlak\u0131n\u0131 ve mesaj\u0131n\u0131 anlamak amac\u0131yla Diyanet \u0130\u015fleri Ba\u015fkanl\u0131\u011f\u0131 \u00f6nc\u00fcl\u00fc\u011f\u00fcnde geni\u015f kapsaml\u0131 faaliyetlerle idrak edilmektedir.<\/div>\n<div dir=\"auto\">24 A\u011fustos 2026 tarihindeki Mevlid Kandili ile ba\u015flayan bu \u00f6zel d\u00f6nemde, yurt genelinde ve yurt d\u0131\u015f\u0131 temsilciliklerinde \u00e7ok say\u0131da manevi ve k\u00fclt\u00fcrel etkinlik d\u00fczenlenmi\u015ftir.<\/div>\n<div dir=\"auto\">Haftan\u0131n temas\u0131, d\u00fczenlenen etkinlikler, sempozyum i\u00e7erikleri ve bu s\u00fcre\u00e7te yap\u0131lan ibadetler \u015fu \u015fekilde ger\u00e7ekle\u015fmi\u015ftir:<\/div>\n<div dir=\"auto\">Diyanet \u0130\u015fleri Ba\u015fkanl\u0131\u011f\u0131, 2026 y\u0131l\u0131 Mevlid-i Nebi Haftas\u0131\u2019n\u0131n ana temas\u0131n\u0131 &#8220;Peygamberimiz ve G\u00fczel Ahlak&#8221; olarak belirlemi\u015fti.<\/div>\n<div dir=\"auto\">Toplumsal de\u011ferlerin y\u0131prand\u0131\u011f\u0131 modern \u00e7a\u011fda, Peygamberimizin adalet, merhamet ve ahlak ilkelerini topluma yeniden hat\u0131rlatmak hedeflenmi\u015fti.<\/div>\n<div dir=\"auto\">Haftan\u0131n resmi a\u00e7\u0131l\u0131\u015f\u0131, \u0130stanbul Hali\u00e7 Kongre Merkezi&#8217;nde Cumhurba\u015fkan\u0131 ve Diyanet \u0130\u015fleri Ba\u015fkan\u0131&#8217;n\u0131n kat\u0131l\u0131m\u0131yla ger\u00e7ekle\u015ftirilmi\u015fti.<\/div>\n<div dir=\"auto\">Diyanet \u0130\u015fleri Ba\u015fkanl\u0131\u011f\u0131, 81 il ve t\u00fcm il\u00e7elerde toplumu bilin\u00e7lendirmeye y\u00f6nelik \u015fu kurumsal faaliyetleri y\u00fcr\u00fctm\u00fc\u015ft\u00fcr:<\/div>\n<div dir=\"auto\">**Sempozyum, Panel ve Konferanslar: Hafta boyunca &#8220;Peygamberimiz ve G\u00fczel Ahlak&#8221; ba\u015fl\u0131\u011f\u0131 alt\u0131nda akademik d\u00fczeyde sempozyumlar d\u00fczenlenmi\u015fti. Bu oturumlarda nebevi ahlak\u0131n bireysel ve toplumsal hayata yans\u0131malar\u0131, aile ahlak\u0131 ve gen\u00e7lik \u00fczerindeki etkileri ele al\u0131nm\u0131\u015ft\u0131.<\/div>\n<div dir=\"auto\">**Cami Bulu\u015fmalar\u0131: T\u00fcrkiye genelindeki camilerde sabah namaz\u0131 bulu\u015fmalar\u0131, Kur&#8217;an-\u0131 Kerim ziyafetleri ve mevlit programlar\u0131 icra edilmi\u015fti.<\/div>\n<div dir=\"auto\">**Toplumsal ve Kurumsal Ziyaretler: \u015eehitlikler, \u015fehit ve gazi yak\u0131nlar\u0131, hastaneler, cezaevleri, sevgi evleri, esnaflar ve e\u011fitim kurumlar\u0131 ziyaret edilerek haftan\u0131n manevi iklimi payla\u015f\u0131lm\u0131\u015ft\u0131.<\/div>\n<div dir=\"auto\">**Medya ve Yay\u0131n Faaliyetleri: Diyanet TV ve Diyanet Radyolar\u0131 \u00f6zel yay\u0131nlar yaparken, m\u00fcft\u00fcl\u00fckler taraf\u0131ndan haz\u0131rlanan hutbelerde &#8220;M\u00fcbarek Gece Mevlid-i Nebi&#8221; ve &#8220;G\u00fczel Ahlak&#8221; konular\u0131 i\u015flenmi\u015fti.<\/div>\n<div dir=\"auto\">Bu m\u00fcbarek g\u00fcn ve gecelerde, M\u00fcsl\u00fcmanlar i\u00e7in birer yenilenme f\u0131rsat\u0131 olmu\u015ftu. Hafta boyunca bireysel olarak \u015fu ibadet ve salih amellere yo\u011funla\u015f\u0131lm\u0131\u015ft\u0131:<\/div>\n<div dir=\"auto\">*Kur&#8217;an-\u0131 Kerim Okumak: \u0130l\u00e7e m\u00fcft\u00fcl\u00fckleri ve camiler b\u00fcnyesinde y\u00fczlerce hatm-i \u015ferif okunmu\u015f ve dualar\u0131 yap\u0131lm\u0131\u015ft\u0131. Bireysel olarak Kur&#8217;an okumak ve mealini tefekk\u00fcr etmek bu d\u00f6nemin en faziletli amellerindendi.<\/div>\n<div dir=\"auto\">*Salavat Getirmek: Peygamber Efendimiz\u2019e (s.a.v.) bol bol salat\u00fcselam getirilmi\u015f, O\u2019na olan ba\u011fl\u0131l\u0131k ve sevgi peki\u015ftirirmi\u015fti.<\/div>\n<div dir=\"auto\">*T\u00f6vbe ve \u0130sti\u011ffar Etmek: G\u00fcnahlar\u0131n ba\u011f\u0131\u015flanmas\u0131 \u00fcmidiyle samimi bir \u015fekilde t\u00f6vbe edilmi\u015f, kaza ve nafile namazlar\u0131 k\u0131l\u0131nm\u0131\u015ft\u0131.<\/div>\n<div dir=\"auto\">*Peygamberimizin Hayat\u0131n\u0131 Okumak (Siyer): Haftan\u0131n ruhuna uygun olarak Hz. Muhammed&#8217;in hayat\u0131, insan ili\u015fkileri, adaleti ve g\u00fczel ahlak\u0131 \u00fczerine okumalar yap\u0131lm\u0131\u015f manevi bilin\u00e7ler art\u0131r\u0131lm\u0131\u015ft\u0131.<\/div>\n<div dir=\"auto\">*Dua Etmek ve Yard\u0131mla\u015fmak: Ba\u015fta \u0130slam \u00e2lemi, mazlum co\u011frafyalar (Gazze, Kud\u00fcs vb.) ve t\u00fcm insanl\u0131k i\u00e7in dualar edilmi\u015f; sadakalar verilerek ihtiya\u00e7 sahipleri sevindirilmi\u015fti.<\/div>\n<div dir=\"auto\">Mevlid-i Nebi Haftas\u0131&#8217;n\u0131n Anlam\u0131 ve \u00d6nemi \u015fu \u015fekildedir:<\/div>\n<div dir=\"auto\">\u2022Peygamberimizin Do\u011fumu: &#8220;Mevlid&#8221; kelime anlam\u0131 olarak do\u011fum yeri ve zaman\u0131 demektir. Mevlid-i Nebi ise \u0130slam peygamberi Hz. Muhammed&#8217;in (s.a.v.) d\u00fcnyaya geli\u015fini ifade eder.<\/div>\n<div dir=\"auto\">\u2022\u00d6rnek Ahlak\u0131 Anlamak: Bu hafta; yaln\u0131zca bir do\u011fum g\u00fcn\u00fc kutlamas\u0131 de\u011fil, Hz. Peygamber\u2019in insanl\u0131\u011fa sundu\u011fu merhamet, adalet, sab\u0131r ve c\u00f6mertlik gibi de\u011ferleri anlamak ve onun y\u00fcce ahlak\u0131n\u0131 hayat\u0131m\u0131za rehber edinmek i\u00e7in bir yenilenme d\u00f6nemidir.<\/div>\n<div dir=\"auto\">\u20222026 Y\u0131l\u0131 \u00d6zel Temas\u0131: Diyanet \u0130\u015fleri Ba\u015fkanl\u0131\u011f\u0131, 2026 y\u0131l\u0131 Mevlid-i Nebi Haftas\u0131&#8217;n\u0131n ana temas\u0131n\u0131 \u201cPeygamberimiz ve G\u00fczel Ahlak\u201d olarak belirlemi\u015ftir. Hafta boyunca yap\u0131lan etkinliklerde \u0130slam ahlak\u0131n\u0131n toplumsal hayat \u00fczerindeki \u00f6nemine dikkat \u00e7ekilmektedir.<\/div>\n<div dir=\"auto\">Eski y\u0131llarda miladi takvime g\u00f6re (14-20 Nisan tarihleri aras\u0131nda) &#8220;Kutlu Do\u011fum Haftas\u0131&#8221; ad\u0131yla kutlanan bu \u00f6zel hafta, 2017 y\u0131l\u0131nda yap\u0131lan d\u00fczenlemeyle tamamen hicr\u00ee takvime (Reb\u00ee\u00fclevvel ay\u0131n\u0131n 12. g\u00fcn\u00fcne) g\u00f6re sabitlenmi\u015f ve ad\u0131 &#8220;Mevlid-i Nebi Haftas\u0131&#8221; olarak g\u00fcncellenmi\u015ftir.<\/div>\n<div dir=\"auto\">On \u00fc\u00e7\u00fcnc\u00fc ve on d\u00f6rd\u00fcnc\u00fc as\u0131rlarda Anadolu\u2019da dini edebiyat b\u00fcy\u00fck geli\u015fme g\u00f6stermi\u015fti.<\/div>\n<div dir=\"auto\">On be\u015finci as\u0131rda Anadolu\u2019da g\u00f6r\u00fclen k\u00fclt\u00fcr ve edebiyat\u0131n geli\u015fmesi Osmanl\u0131 hanedan\u0131n\u0131n mensuplar\u0131n\u0131n ya\u015fad\u0131\u011f\u0131 alanlarda g\u00f6r\u00fclmeye ba\u015flam\u0131\u015ft\u0131r.<\/div>\n<div dir=\"auto\">\u0130kinci Murat, Fatih Sultan Mehmet, \u0130kinci Beyaz\u0131t, Cem Sultan pek \u00e7ok \u015fiir yazm\u0131\u015f Y\u0131ld\u0131r\u0131m Beyaz\u0131t&#8217;\u0131n o\u011flu emir S\u00fcleyman da \u015fairleri himaye etmi\u015ftir.<\/div>\n<div dir=\"auto\">Bu arada k\u0131ymetli eserler ortaya \u00e7\u0131km\u0131\u015ft\u0131r.<\/div>\n<div dir=\"auto\">Mevlit; O d\u00f6nemde ya\u015fayan S\u00fcleyman \u00c7elebi&#8217;nin yazd\u0131\u011f\u0131 \u201cVes\u00eelet\u00fc\u2019n-necat\u201d isimli eseridir.<\/div>\n<div dir=\"auto\">S\u00fcleyman \u00c7elebi\u2019nin hayat\u0131 hakk\u0131nda fazla bilgi olmamakla birlikte Birinci Murat devri vezirlerinden Ahmet Pa\u015fan\u0131n o\u011flu oldu\u011fu s\u00f6ylenmektedir.<\/div>\n<div dir=\"auto\">Y\u0131ld\u0131r\u0131m Beyaz\u0131t zaman\u0131nda divan-\u0131 h\u00fcmayunda imaml\u0131k yapt\u0131\u011f\u0131 bilinmektedir.<\/div>\n<div dir=\"auto\">Mezar\u0131n\u0131n nerede oldu\u011fu pek bilinmemekle birlikte Bursa \u00c7ekirge yolu \u00fczerinde bulundu\u011fu \u0130stanbul Y\u00fcksek \u0130slam Enstit\u00fcs\u00fc\u2019nde \u00f6\u011frencilik y\u0131llar\u0131mda \u0130slami T\u00fcrk Edebiyat\u0131 \u00f6\u011fretim \u00fcyemiz muhterem hocam merhum Necla Pekolcay\u2019\u0131n tutturdu\u011fu ders notlar\u0131ndan anla\u015f\u0131lmaktad\u0131r.<\/div>\n<div dir=\"auto\">Dr. Necla Pekolcay hocam\u0131z\u0131n anlatt\u0131klar\u0131ndan hat\u0131r\u0131mda kald\u0131\u011f\u0131 kadar\u0131yla S\u00fcleyman \u00c7elebi&#8217;nin yazd\u0131\u011f\u0131 Mevlit\u2019inin \u0130stanbul K\u00fct\u00fcphanelerinde tespit edilebilen n\u00fcshalar\u0131n\u0131n say\u0131s\u0131 51 adettir.<\/div>\n<div dir=\"auto\">Say\u0131n hocam\u0131z yapt\u0131\u011f\u0131 ara\u015ft\u0131rmada \u0130stanbul K\u00fct\u00fcphanelerinde 30 \u00e7e\u015fit ve 100 n\u00fcsha T\u00fcrk\u00e7e Mevlit tespit etmi\u015fti.<\/div>\n<div dir=\"auto\">Bunlardan 48 tanesinin di\u011fer \u015fah\u0131slara ait oldu\u011funu belirtmi\u015fti.<\/div>\n<div dir=\"auto\">Yine ayn\u0131 ara\u015ft\u0131rmas\u0131nda \u0130stanbul K\u00fct\u00fcphanelerinde 71 n\u00fcsha Arap\u00e7a, 55 adet fars\u00e7a, 3 adet Arnavut\u00e7a, 1 adet K\u00fcrt\u00e7e, 1 adet Rumca olmak \u00fczere 81 adet mevlit metni tespit etmi\u015fti.<\/div>\n<div dir=\"auto\">Herkes\u00e7e ve Bo\u015fnak\u00e7a mevlit metinlerinin varl\u0131\u011f\u0131ndan da bahsetmi\u015fti.<\/div>\n<div dir=\"auto\">Necla Pekolcay hocama buradan tekrar rahmet diliyorum. Mekan\u0131 Cennet olsun&#8230;<\/div>\n<div dir=\"auto\">Mevlit; Peygamberimizin do\u011fum y\u0131ld\u00f6n\u00fcm\u00fc kutlama merasimlerine \u00f6zel ad olmu\u015ftur.<\/div>\n<div dir=\"auto\">Mevlit merasimlerinin yap\u0131lmas\u0131 i\u00e7in 1231 y\u0131l\u0131nda \u0130bn D\u0131hye isimli bir din bilgini \u201ckitabut-tenvir fi Mevlidi\u2019s-siracii-m\u00fcnir.\u201d isimli eseri yazarak Erbil Emiri Muzaffer\u00fcddin G\u00f6kb\u00f6r\u00fc\u2019ye sunmu\u015ftur.<\/div>\n<div dir=\"auto\">\u0130lk Mevlit merasimini kutlayan Muzaffer\u00fcddin G\u00f6kb\u00f6r\u00fc olmu\u015ftur.<\/div>\n<div dir=\"auto\">Mevlid merasimleri b\u00fct\u00fcn \u0130slam aleminde kutlana gelmi\u015ftir.<\/div>\n<div dir=\"auto\">Sultanahmet, Ayasofya, S\u00fcleymaniye, Hamidiye gibi selatin camilerde \u201cMevlit alay\u0131\u201d ad\u0131yla geni\u015f kapsaml\u0131 kutlamalar 100\u2032lerce y\u0131l devam etmi\u015ftir.<\/div>\n<div dir=\"auto\">Mevlit kandili de \u00fc\u00e7\u00fcnc\u00fc Murad&#8217;\u0131n emriyle umum\u00ee bayram g\u00fcn\u00fc ilan edilmi\u015ftir.<\/div>\n<div dir=\"auto\">Mevlid-i Nebi haftas\u0131nda Cumhurba\u015fkan\u0131m\u0131z\u0131n g\u00fcndemlere ili\u015fkin konu\u015fmalar\u0131 dostlara sevin\u00e7,d\u00fc\u015fmanlara korku verecek nitelikteydi ve haftaya damgas\u0131n\u0131 vurmu\u015ftu.<\/div>\n<div dir=\"auto\">Mevlid-i Nebi haftas\u0131 kutlanmas\u0131nda eme\u011fi ge\u00e7enlere te\u015fekk\u00fcrlerimizi sunuyoruz.<\/div>\n<div dir=\"auto\">Ho\u015f\u00e7a kal\u0131n\u0131z.<\/div>\n<\/div>\n<div class=\"yj6qo\"><\/div>\n<div class=\"adL\"><\/div>\n<\/div>\n<\/div>\n<\/div>\n<div id=\"avWBGd-241\" class=\"WhmR8e\" data-hash=\"0\"><\/div>\n<\/div>\n<\/div>\n","protected":false},"excerpt":{"rendered":"<p>2026 y\u0131l\u0131 Mevlid-i Nebi Haftas\u0131, Diyanet \u0130\u015fleri Ba\u015fkanl\u0131\u011f\u0131&#8217;n\u0131n takvimine g\u00f6re 24 A\u011fustos 2026 Pazartesi g\u00fcn\u00fc idrak edilen Mevlid Kandili ile ba\u015flam\u0131\u015ft\u0131r. Hicr\u00ee takvime g\u00f6re Reb\u00ee\u00fclevvel ay\u0131n\u0131n 12. g\u00fcn\u00fc esas al\u0131narak belirlenen bu kutlu hafta, kandil g\u00fcn\u00fcn\u00fc takip eden g\u00fcnler boyunca \u00e7e\u015fitli dini ve k\u00fclt\u00fcrel etkinliklerle kutlanm\u0131\u015ft\u0131r. Mevlid-i Nebi Haftas\u0131, Peygamber Efendimiz Hz. Muhammed\u2019in (s.a.v.) d\u00fcnyaya [&hellip;]<\/p>\n","protected":false},"author":11,"featured_media":142198,"comment_status":"open","ping_status":"open","sticky":false,"template":"","format":"standard","meta":{"footnotes":""},"categories":[21],"tags":[],"class_list":["post-142197","post","type-post","status-publish","format-standard","has-post-thumbnail","hentry","category-gazi-mert"],"views":189,"_links":{"self":[{"href":"https:\/\/mersingazetesi.com\/index.php\/wp-json\/wp\/v2\/posts\/142197","targetHints":{"allow":["GET"]}}],"collection":[{"href":"https:\/\/mersingazetesi.com\/index.php\/wp-json\/wp\/v2\/posts"}],"about":[{"href":"https:\/\/mersingazetesi.com\/index.php\/wp-json\/wp\/v2\/types\/post"}],"author":[{"embeddable":true,"href":"https:\/\/mersingazetesi.com\/index.php\/wp-json\/wp\/v2\/users\/11"}],"replies":[{"embeddable":true,"href":"https:\/\/mersingazetesi.com\/index.php\/wp-json\/wp\/v2\/comments?post=142197"}],"version-history":[{"count":1,"href":"https:\/\/mersingazetesi.com\/index.php\/wp-json\/wp\/v2\/posts\/142197\/revisions"}],"predecessor-version":[{"id":142199,"href":"https:\/\/mersingazetesi.com\/index.php\/wp-json\/wp\/v2\/posts\/142197\/revisions\/142199"}],"wp:featuredmedia":[{"embeddable":true,"href":"https:\/\/mersingazetesi.com\/index.php\/wp-json\/wp\/v2\/media\/142198"}],"wp:attachment":[{"href":"https:\/\/mersingazetesi.com\/index.php\/wp-json\/wp\/v2\/media?parent=142197"}],"wp:term":[{"taxonomy":"category","embeddable":true,"href":"https:\/\/mersingazetesi.com\/index.php\/wp-json\/wp\/v2\/categories?post=142197"},{"taxonomy":"post_tag","embeddable":true,"href":"https:\/\/mersingazetesi.com\/index.php\/wp-json\/wp\/v2\/tags?post=142197"}],"curies":[{"name":"wp","href":"https:\/\/api.w.org\/{rel}","templated":true}]}}