{"id":142184,"date":"2026-08-30T22:25:21","date_gmt":"2026-08-30T19:25:21","guid":{"rendered":"https:\/\/mersingazetesi.com\/?p=142184"},"modified":"2026-08-30T22:25:49","modified_gmt":"2026-08-30T19:25:49","slug":"3-gunluk-milli-yas-ilan-edildi","status":"publish","type":"post","link":"https:\/\/mersingazetesi.com\/index.php\/2026\/08\/30\/3-gunluk-milli-yas-ilan-edildi\/","title":{"rendered":"K\u0131br\u0131s&#8217;ta 3 g\u00fcnl\u00fck milli yas ilan edildi"},"content":{"rendered":"<div class=\"xyamay9 xv54qhq xsag5q8 xf7dkkf\">\n<div>\n<div class=\"xyinxu5 xyri2b x1g2khh7 x1c1uobl\"><span class=\"x193iq5w xeuugli x13faqbe x1vvkbs x1xmvt09 x1lliihq x1s928wv xhkezso x1gmr53x x1cpjm7i x1fgarty x1943h6x xudqn12 x3x7a5m x6prxxf xvq8zen xo1l8bm xzsf02u\" dir=\"auto\">Kuzey K\u0131br\u0131s T\u00fcrk Cumhuriyeti\u2019nde, Girne a\u00e7\u0131klar\u0131nda ya\u015fanan yolcu gemisi facias\u0131n\u0131n ard\u0131ndan 3 g\u00fcnl\u00fck milli yas ilan edildi.<br class=\"html-br\" \/><br class=\"html-br\" \/>Karar kapsam\u0131nda \u00fclke genelinde bayraklar\u0131n yar\u0131ya indirilmesi ve hayat\u0131n\u0131 kaybedenler i\u00e7in resmi programlar\u0131n yas \u00e7er\u00e7evesinde d\u00fczenlenmesi bekleniyor.<br class=\"html-br\" \/><br class=\"html-br\" \/>Girne a\u00e7\u0131klar\u0131nda alabora olan yolcu gemisinde can kayb\u0131n\u0131n artmas\u0131n\u0131n ard\u0131ndan arama-kurtarma \u00e7al\u0131\u015fmalar\u0131 s\u00fcrerken, ya\u015fanan facia KKTC genelinde b\u00fcy\u00fck \u00fcz\u00fcnt\u00fcye neden oldu.<br class=\"html-br\" \/><br class=\"html-br\" \/>T\u00fcrkiye de KKTC\u2019de ya\u015fanan ac\u0131ya ortak olurken, Milli Savunma Bakanl\u0131\u011f\u0131 30 A\u011fustos Zafer Bayram\u0131 kapsam\u0131nda planlanan t\u00fcm bando konserlerinin iptal edildi\u011fini a\u00e7\u0131klam\u0131\u015ft\u0131.\u00a0<\/span><\/div>\n<\/div>\n<div class=\"x17zd0t2 x78zum5\"><\/div>\n<\/div>\n<div>\n<div>\n<div class=\"xn3w4p2 x1gslohp\">\n<div class=\"x9f619 x1ja2u2z x78zum5 x2lah0s x1n2onr6 x1qughib x6s0dn4 xozqiw3 x1q0g3np x11lfxj5 x135b78x x18d9i69 xexx8yu x4cne27 xifccgj\">\n<div class=\"x9f619 x1n2onr6 x1ja2u2z x78zum5 xdt5ytf x2lah0s x193iq5w xeuugli x10b6aqq x1yrsyyn\"><\/div>\n<div class=\"x9f619 x1n2onr6 x1ja2u2z x78zum5 xdt5ytf x2lah0s x193iq5w xeuugli x10b6aqq x1yrsyyn\"><\/div>\n<div class=\"x9f619 x1n2onr6 x1ja2u2z x78zum5 xdt5ytf x2lah0s x193iq5w xeuugli x10b6aqq x1yrsyyn\"><\/div>\n<div class=\"x9f619 x1n2onr6 x1ja2u2z xdt5ytf x2lah0s x193iq5w xeuugli x10b6aqq x1yrsyyn x6s0dn4 x78zum5 xn3w4p2 xl56j7k xvc5jky xf159sx xmzvs34\"><\/div>\n<\/div>\n<\/div>\n<\/div>\n<\/div>\n<div class=\"html-div xdj266r x14z9mp xat24cr x1lziwak xexx8yu x18d9i69 xf7dkkf xv54qhq\">\n<div class=\"html-div xdj266r x14z9mp xat24cr x1lziwak xexx8yu xyri2b x18d9i69 x1c1uobl\">\n<div class=\"html-div xdj266r x14z9mp xat24cr x1lziwak xexx8yu xyri2b x18d9i69 x1c1uobl x78zum5 x1n2onr6 x1nhvcw1\"><\/div>\n<\/div>\n<\/div>\n","protected":false},"excerpt":{"rendered":"<p>Kuzey K\u0131br\u0131s T\u00fcrk Cumhuriyeti\u2019nde, Girne a\u00e7\u0131klar\u0131nda ya\u015fanan yolcu gemisi facias\u0131n\u0131n ard\u0131ndan 3 g\u00fcnl\u00fck milli yas ilan edildi.Karar kapsam\u0131nda \u00fclke genelinde bayraklar\u0131n yar\u0131ya indirilmesi ve hayat\u0131n\u0131 kaybedenler i\u00e7in resmi programlar\u0131n yas \u00e7er\u00e7evesinde d\u00fczenlenmesi bekleniyor.Girne a\u00e7\u0131klar\u0131nda alabora olan yolcu gemisinde can kayb\u0131n\u0131n artmas\u0131n\u0131n ard\u0131ndan arama-kurtarma \u00e7al\u0131\u015fmalar\u0131 s\u00fcrerken, ya\u015fanan facia KKTC genelinde b\u00fcy\u00fck \u00fcz\u00fcnt\u00fcye neden oldu.T\u00fcrkiye de KKTC\u2019de [&hellip;]<\/p>\n","protected":false},"author":2,"featured_media":142151,"comment_status":"open","ping_status":"open","sticky":false,"template":"","format":"standard","meta":{"footnotes":""},"categories":[1],"tags":[],"class_list":["post-142184","post","type-post","status-publish","format-standard","has-post-thumbnail","hentry","category-gundem"],"views":145,"_links":{"self":[{"href":"https:\/\/mersingazetesi.com\/index.php\/wp-json\/wp\/v2\/posts\/142184","targetHints":{"allow":["GET"]}}],"collection":[{"href":"https:\/\/mersingazetesi.com\/index.php\/wp-json\/wp\/v2\/posts"}],"about":[{"href":"https:\/\/mersingazetesi.com\/index.php\/wp-json\/wp\/v2\/types\/post"}],"author":[{"embeddable":true,"href":"https:\/\/mersingazetesi.com\/index.php\/wp-json\/wp\/v2\/users\/2"}],"replies":[{"embeddable":true,"href":"https:\/\/mersingazetesi.com\/index.php\/wp-json\/wp\/v2\/comments?post=142184"}],"version-history":[{"count":2,"href":"https:\/\/mersingazetesi.com\/index.php\/wp-json\/wp\/v2\/posts\/142184\/revisions"}],"predecessor-version":[{"id":142186,"href":"https:\/\/mersingazetesi.com\/index.php\/wp-json\/wp\/v2\/posts\/142184\/revisions\/142186"}],"wp:featuredmedia":[{"embeddable":true,"href":"https:\/\/mersingazetesi.com\/index.php\/wp-json\/wp\/v2\/media\/142151"}],"wp:attachment":[{"href":"https:\/\/mersingazetesi.com\/index.php\/wp-json\/wp\/v2\/media?parent=142184"}],"wp:term":[{"taxonomy":"category","embeddable":true,"href":"https:\/\/mersingazetesi.com\/index.php\/wp-json\/wp\/v2\/categories?post=142184"},{"taxonomy":"post_tag","embeddable":true,"href":"https:\/\/mersingazetesi.com\/index.php\/wp-json\/wp\/v2\/tags?post=142184"}],"curies":[{"name":"wp","href":"https:\/\/api.w.org\/{rel}","templated":true}]}}