{"id":142180,"date":"2026-08-30T22:23:51","date_gmt":"2026-08-30T19:23:51","guid":{"rendered":"https:\/\/mersingazetesi.com\/?p=142180"},"modified":"2026-08-30T22:23:51","modified_gmt":"2026-08-30T19:23:51","slug":"mtsoda-yine-ayni-yuzler","status":"publish","type":"post","link":"https:\/\/mersingazetesi.com\/index.php\/2026\/08\/30\/mtsoda-yine-ayni-yuzler\/","title":{"rendered":"MTSO\u2019DA Y\u0130NE AYNI Y\u00dcZLER!"},"content":{"rendered":"<p>Mersin Ticaret ve Sanayi Odas\u0131 -MTSO- se\u00e7imleri yakla\u015f\u0131rken Meslek Komitesi ve Meclis \u00dcyesi adaylar\u0131 ortaya \u00e7\u0131kmaya ba\u015flad\u0131.<\/p>\n<p>Fakat daha \u015fimdiden g\u00f6r\u00fcnen tablo pek de \u015fa\u015f\u0131rt\u0131c\u0131 de\u011fil!<\/p>\n<p><b>Siyasette ayn\u0131 y\u00fczler\u2026<br \/>\nSTK\u2019larda ayn\u0131 y\u00fczler\u2026<br \/>\nCemiyet hayat\u0131nda ayn\u0131 y\u00fczler\u2026<br \/>\n\u015eimdi MTSO\u2019da da ayn\u0131 y\u00fczler!<\/b><\/p>\n<p>Mersin\u2019de baz\u0131 isimler adeta her kap\u0131n\u0131n anahtar\u0131n\u0131 elinde tutuyor.<\/p>\n<p>Bir g\u00fcn siyasette, bir g\u00fcn STK\u2019da, ba\u015fka bir g\u00fcn oda y\u00f6netiminde\u2026<\/p>\n<p>Bir koltuk bo\u015fal\u0131yor, ayn\u0131 isimler yeniden ortaya \u00e7\u0131k\u0131yor.<\/p>\n<p>\u0130nsan sormadan edemiyor:<\/p>\n<p><b>MERS\u0130N\u2019DE BA\u015eKA \u0130NSAN YOK MU?<\/b><\/p>\n<p>Elbette var!<\/p>\n<p>Hem de Mersin i\u00e7in s\u00f6yleyecek s\u00f6z\u00fc, yapacak i\u015fi, ortaya koyacak projesi olan \u00e7ok say\u0131da insan var.<\/p>\n<p>Ama nedense onlar\u0131n \u00f6n\u00fc yeterince a\u00e7\u0131lm\u0131yor.<\/p>\n<p>MTSO gibi Mersin ekonomisinin en \u00f6nemli kurumlar\u0131ndan birinde art\u0131k\u00a0<b>dar \u00e7evrelerin de\u011fil, kentin tamam\u0131n\u0131n beklentileri<\/b>\u00a0dikkate al\u0131nmal\u0131.<\/p>\n<p>Mersin\u2019in sanayicisi, esnaf\u0131, \u00fcreticisi, ihracat\u00e7\u0131s\u0131, gen\u00e7 giri\u015fimcisi ve i\u015f d\u00fcnyas\u0131 temsilcileri kendilerini ger\u00e7ekten temsil edecek isimleri g\u00f6rmek istiyor.<\/p>\n<p><b>MTSO bir \u201ckoltuk payla\u015f\u0131m yeri\u201d de\u011fildir!<\/b><\/p>\n<p>MTSO Mersin\u2019in ekonomik gelece\u011finin konu\u015fulaca\u011f\u0131 ve y\u00f6n verilece\u011fi bir yerdir.<\/p>\n<p>O nedenle aday olacak herkes kendisine \u015fu soruyu sormal\u0131:<\/p>\n<p><b>\u201cBen bu koltu\u011fu mu istiyorum, yoksa Mersin\u2019e hizmet etmeyi mi?\u201d<\/b><\/p>\n<p>\u00c7\u00fcnk\u00fc Mersin art\u0131k ayn\u0131 isimlerin farkl\u0131 koltuklarda dola\u015fmas\u0131n\u0131 de\u011fil;<\/p>\n<p><b>yeni y\u00fczleri, yeni fikirleri ve cesur kadrolar\u0131 g\u00f6rmek istiyor.<\/b><\/p>\n<p>Bizden s\u00f6ylemesi\u2026<\/p>\n<p>Se\u00e7im gelir, listeler de\u011fi\u015fir, koltuklar de\u011fi\u015fir.<\/p>\n<p>Ama e\u011fer isimler yine ayn\u0131ysa;<\/p>\n<p><b>DE\u011e\u0130\u015eEN H\u0130\u00c7B\u0130R \u015eEY YOKTUR!<\/b><\/p>\n<p><b>Mersin\u2019e sahip \u00e7\u0131kacak insanlar aday olsun.<\/b><\/p>\n<p><b>Mersin\u2019in gelece\u011fi, birka\u00e7 ki\u015finin de\u011fil, Mersin\u2019in ortak iradesinin elinde olsun!<\/b><\/p>\n","protected":false},"excerpt":{"rendered":"<p>MERS\u0130N\u2019DE KOLTUKLAR DE\u011e\u0130\u015e\u0130YOR, \u0130S\u0130MLER DE\u011e\u0130\u015eM\u0130YOR!<\/p>\n","protected":false},"author":26,"featured_media":142181,"comment_status":"open","ping_status":"open","sticky":false,"template":"","format":"standard","meta":{"footnotes":""},"categories":[23],"tags":[],"class_list":["post-142180","post","type-post","status-publish","format-standard","has-post-thumbnail","hentry","category-selahiddin-akkussesiniz"],"views":129,"_links":{"self":[{"href":"https:\/\/mersingazetesi.com\/index.php\/wp-json\/wp\/v2\/posts\/142180","targetHints":{"allow":["GET"]}}],"collection":[{"href":"https:\/\/mersingazetesi.com\/index.php\/wp-json\/wp\/v2\/posts"}],"about":[{"href":"https:\/\/mersingazetesi.com\/index.php\/wp-json\/wp\/v2\/types\/post"}],"author":[{"embeddable":true,"href":"https:\/\/mersingazetesi.com\/index.php\/wp-json\/wp\/v2\/users\/26"}],"replies":[{"embeddable":true,"href":"https:\/\/mersingazetesi.com\/index.php\/wp-json\/wp\/v2\/comments?post=142180"}],"version-history":[{"count":2,"href":"https:\/\/mersingazetesi.com\/index.php\/wp-json\/wp\/v2\/posts\/142180\/revisions"}],"predecessor-version":[{"id":142183,"href":"https:\/\/mersingazetesi.com\/index.php\/wp-json\/wp\/v2\/posts\/142180\/revisions\/142183"}],"wp:featuredmedia":[{"embeddable":true,"href":"https:\/\/mersingazetesi.com\/index.php\/wp-json\/wp\/v2\/media\/142181"}],"wp:attachment":[{"href":"https:\/\/mersingazetesi.com\/index.php\/wp-json\/wp\/v2\/media?parent=142180"}],"wp:term":[{"taxonomy":"category","embeddable":true,"href":"https:\/\/mersingazetesi.com\/index.php\/wp-json\/wp\/v2\/categories?post=142180"},{"taxonomy":"post_tag","embeddable":true,"href":"https:\/\/mersingazetesi.com\/index.php\/wp-json\/wp\/v2\/tags?post=142180"}],"curies":[{"name":"wp","href":"https:\/\/api.w.org\/{rel}","templated":true}]}}