{"id":142176,"date":"2026-08-30T20:56:44","date_gmt":"2026-08-30T17:56:44","guid":{"rendered":"https:\/\/mersingazetesi.com\/?p=142176"},"modified":"2026-08-30T20:56:44","modified_gmt":"2026-08-30T17:56:44","slug":"tasucu-limaninda-endiseli-bekleyis-suruyor","status":"publish","type":"post","link":"https:\/\/mersingazetesi.com\/index.php\/2026\/08\/30\/tasucu-limaninda-endiseli-bekleyis-suruyor\/","title":{"rendered":"Ta\u015fucu Liman\u0131&#8217;nda endi\u015feli bekleyi\u015f s\u00fcr\u00fcyor"},"content":{"rendered":"<p>Kuzey K\u0131br\u0131s T\u00fcrk Cumhuriyeti&#8217;nin (KKTC) Girne kenti a\u00e7\u0131klar\u0131nda meydana gelen feribot kazas\u0131n\u0131n ard\u0131ndan Mersin&#8217;in Silifke il\u00e7esindeki Ta\u015fucu Liman\u0131&#8217;na gelen kazazede yak\u0131nlar\u0131n\u0131n endi\u015feli bekleyi\u015fi s\u00fcr\u00fcyor.<\/p>\n<p>Girne a\u00e7\u0131klar\u0131nda meydana gelen kazan\u0131n haberini alan kazazede yak\u0131nlar\u0131, kurtar\u0131lan yolcular\u0131n Ta\u015fucu Liman\u0131&#8217;na getirilme ihtimali \u00fczerine limana geldi. Saatlerdir yak\u0131nlar\u0131ndan gelecek haberleri bekleyen aileler, bir yandan sa\u011fl\u0131k durumlar\u0131 ve ak\u0131betleri hakk\u0131nda bilgi almaya \u00e7al\u0131\u015f\u0131rken, di\u011fer yandan umutlar\u0131n\u0131 korumaya \u00e7al\u0131\u015f\u0131yor.<\/p>\n<p>Liman i\u00e7erisinde bekleyi\u015f s\u00fcrerken baz\u0131 ailelerin g\u00f6zya\u015flar\u0131na hakim olamad\u0131\u011f\u0131 g\u00f6r\u00fcld\u00fc. Yak\u0131nlar\u0131ndan gelecek g\u00fczel bir haber i\u00e7in dua eden ailelerin endi\u015feli bekleyi\u015fleri, zaman ilerledik\u00e7e daha da yo\u011funla\u015ft\u0131.<\/p>\n<p>&nbsp;<\/p>\n<p>M\u00fcdahale \u00fcnitesi kuruldu<\/p>\n<p>\u00d6te yandan Sa\u011fl\u0131k Bakanl\u0131\u011f\u0131 Ulusal Medikal Kurtarma Ekibi (UMKE) taraf\u0131ndan Ta\u015fucu Liman\u0131&#8217;nda acil m\u00fcdahale \u00fcnitesi kuruldu. Bekleyi\u015f s\u0131ras\u0131nda rahats\u0131zlanan kazazede yak\u0131nlar\u0131 burada sa\u011fl\u0131k kontrol\u00fcnden ge\u00e7irilirken, fenala\u015fanlara ilk m\u00fcdahale ekipler taraf\u0131ndan yap\u0131l\u0131yor.<\/p>\n<p>Bu arada Ta\u015fucu Liman\u0131&#8217;na gelen Mersin Valisi Atilla Toros ve Silifke Kaymakam\u0131 Ey\u00fcp F\u0131rat, ilgili kurumlar\u0131n y\u00f6neticileriyle g\u00f6r\u00fc\u015ferek y\u00fcr\u00fct\u00fclen \u00e7al\u0131\u015fmalar hakk\u0131nda bilgi ald\u0131. Vali Toros, limanda bekleyen kazazede yak\u0131nlar\u0131yla da g\u00f6r\u00fc\u015ferek s\u00fcre\u00e7 hakk\u0131nda kendilerine bilgi verdi.<\/p>\n","protected":false},"excerpt":{"rendered":"<p>Kuzey K\u0131br\u0131s T\u00fcrk Cumhuriyeti&#8217;nin (KKTC) Girne kenti a\u00e7\u0131klar\u0131nda meydana gelen feribot kazas\u0131n\u0131n ard\u0131ndan Mersin&#8217;in Silifke il\u00e7esindeki Ta\u015fucu Liman\u0131&#8217;na gelen kazazede yak\u0131nlar\u0131n\u0131n endi\u015feli bekleyi\u015fi s\u00fcr\u00fcyor. Girne a\u00e7\u0131klar\u0131nda meydana gelen kazan\u0131n haberini alan kazazede yak\u0131nlar\u0131, kurtar\u0131lan yolcular\u0131n Ta\u015fucu Liman\u0131&#8217;na getirilme ihtimali \u00fczerine limana geldi. Saatlerdir yak\u0131nlar\u0131ndan gelecek haberleri bekleyen aileler, bir yandan sa\u011fl\u0131k durumlar\u0131 ve ak\u0131betleri hakk\u0131nda [&hellip;]<\/p>\n","protected":false},"author":2,"featured_media":142177,"comment_status":"open","ping_status":"open","sticky":false,"template":"","format":"standard","meta":{"footnotes":""},"categories":[1],"tags":[],"class_list":["post-142176","post","type-post","status-publish","format-standard","has-post-thumbnail","hentry","category-gundem"],"views":152,"_links":{"self":[{"href":"https:\/\/mersingazetesi.com\/index.php\/wp-json\/wp\/v2\/posts\/142176","targetHints":{"allow":["GET"]}}],"collection":[{"href":"https:\/\/mersingazetesi.com\/index.php\/wp-json\/wp\/v2\/posts"}],"about":[{"href":"https:\/\/mersingazetesi.com\/index.php\/wp-json\/wp\/v2\/types\/post"}],"author":[{"embeddable":true,"href":"https:\/\/mersingazetesi.com\/index.php\/wp-json\/wp\/v2\/users\/2"}],"replies":[{"embeddable":true,"href":"https:\/\/mersingazetesi.com\/index.php\/wp-json\/wp\/v2\/comments?post=142176"}],"version-history":[{"count":1,"href":"https:\/\/mersingazetesi.com\/index.php\/wp-json\/wp\/v2\/posts\/142176\/revisions"}],"predecessor-version":[{"id":142178,"href":"https:\/\/mersingazetesi.com\/index.php\/wp-json\/wp\/v2\/posts\/142176\/revisions\/142178"}],"wp:featuredmedia":[{"embeddable":true,"href":"https:\/\/mersingazetesi.com\/index.php\/wp-json\/wp\/v2\/media\/142177"}],"wp:attachment":[{"href":"https:\/\/mersingazetesi.com\/index.php\/wp-json\/wp\/v2\/media?parent=142176"}],"wp:term":[{"taxonomy":"category","embeddable":true,"href":"https:\/\/mersingazetesi.com\/index.php\/wp-json\/wp\/v2\/categories?post=142176"},{"taxonomy":"post_tag","embeddable":true,"href":"https:\/\/mersingazetesi.com\/index.php\/wp-json\/wp\/v2\/tags?post=142176"}],"curies":[{"name":"wp","href":"https:\/\/api.w.org\/{rel}","templated":true}]}}