{"id":142171,"date":"2026-08-30T17:20:14","date_gmt":"2026-08-30T14:20:14","guid":{"rendered":"https:\/\/mersingazetesi.com\/?p=142171"},"modified":"2026-08-30T17:20:14","modified_gmt":"2026-08-30T14:20:14","slug":"kktc-cumhurbaskani-erhurman-geminin-battigi-yerde-denizin-derinligi-500-metre","status":"publish","type":"post","link":"https:\/\/mersingazetesi.com\/index.php\/2026\/08\/30\/kktc-cumhurbaskani-erhurman-geminin-battigi-yerde-denizin-derinligi-500-metre\/","title":{"rendered":"KKTC Cumhurba\u015fkan\u0131 Erh\u00fcrman: &#8220;Geminin batt\u0131\u011f\u0131 yerde denizin derinli\u011fi 500 metre&#8221;"},"content":{"rendered":"<p>Kuzey K\u0131br\u0131s T\u00fcrk Cumhuriyeti (KKTC) Cumhurba\u015fkan\u0131 Tufan Erh\u00fcrman, Girne\u2019de meydana gelen gemi kazas\u0131na ili\u015fkin yapt\u0131\u011f\u0131 a\u00e7\u0131klamada, &#8220;Geminin batt\u0131\u011f\u0131 yerde denizin derinli\u011fi 500 metre. Derinde \u00e7al\u0131\u015fma yapmak kolay de\u011fil. Y\u00fczeyde ve y\u00fczeye yak\u0131n yerlerde arama yap\u0131l\u0131yor. Dalg\u0131\u00e7lar b\u00f6lgede, aramalar devam ediyor&#8221; dedi.<br \/>\nKuzey K\u0131br\u0131s T\u00fcrk Cumhuriyeti (KKTC) Cumhurba\u015fkan\u0131 Tufan Erh\u00fcrman, Girne\u2019de meydana gelen gemi kazas\u0131na ili\u015fkin a\u00e7\u0131klama yapt\u0131. Erh\u00fcrman, batan gemiyle ilgili arama-kurtarma \u00e7al\u0131\u015fmalar\u0131n\u0131n s\u00fcrd\u00fc\u011f\u00fcn\u00fc belirterek, 7 ki\u015finin hayat\u0131n\u0131 kaybeti\u011fini, 237 ki\u015finin sa\u011f kurtar\u0131ld\u0131\u011f\u0131n\u0131 aktard\u0131.<br \/>\n&#8220;\u00d6nceli\u011fimiz kay\u0131p 23 ki\u015fiye ula\u015fmak&#8221; ifadelerini kullanan Erh\u00fcrman, KKTC\u2019nin t\u00fcm imkan ve kabiliyetlerinin arama-kurtarma faaliyetleri i\u00e7in seferber edildi\u011fini s\u00f6yledi. Tufan Erh\u00fcrman, temas halinde olduklar\u0131 T\u00fcrkiye\u2019nin her zamanki gibi KKTC\u2019nin yan\u0131nda oldu\u011funu ifade etti.<br \/>\nEndi\u015feye ve spek\u00fclasyona mahal verecek a\u00e7\u0131klamalar yapman\u0131n do\u011fru olmad\u0131\u011f\u0131n\u0131 vurgulayan KKTC Cumhurba\u015fkan\u0131, &#8220;Geminin batt\u0131\u011f\u0131 yerde denizin derinli\u011fi 500 metre. Derinde \u00e7al\u0131\u015fma yapmak kolay de\u011fil. Y\u00fczeyde ve y\u00fczeye yak\u0131n yerlerde arama yap\u0131l\u0131yor. Dalg\u0131\u00e7lar b\u00f6lgede, aramalar devam ediyor. T\u00fcm kurumlar\u0131m\u0131z b\u00f6lgede. KKTC, var olan imkan ve kabiliyetlerinin t\u00fcm\u00fcn\u00fc kullan\u0131yor. Hepimiz kriz masas\u0131nday\u0131z&#8221; \u015feklinde konu\u015ftu.<br \/>\nCumhurba\u015fkan\u0131 Erh\u00fcrman, Polis Genel M\u00fcd\u00fcrl\u00fc\u011f\u00fc&#8217;n\u00fcn olayla ilgili soru\u015fturma ba\u015flatt\u0131\u011f\u0131n\u0131 da s\u00f6yledi.<\/p>\n","protected":false},"excerpt":{"rendered":"<p>Kuzey K\u0131br\u0131s T\u00fcrk Cumhuriyeti (KKTC) Cumhurba\u015fkan\u0131 Tufan Erh\u00fcrman, Girne\u2019de meydana gelen gemi kazas\u0131na ili\u015fkin yapt\u0131\u011f\u0131 a\u00e7\u0131klamada, &#8220;Geminin batt\u0131\u011f\u0131 yerde denizin derinli\u011fi 500 metre. Derinde \u00e7al\u0131\u015fma yapmak kolay de\u011fil. Y\u00fczeyde ve y\u00fczeye yak\u0131n yerlerde arama yap\u0131l\u0131yor. Dalg\u0131\u00e7lar b\u00f6lgede, aramalar devam ediyor&#8221; dedi. Kuzey K\u0131br\u0131s T\u00fcrk Cumhuriyeti (KKTC) Cumhurba\u015fkan\u0131 Tufan Erh\u00fcrman, Girne\u2019de meydana gelen gemi kazas\u0131na ili\u015fkin [&hellip;]<\/p>\n","protected":false},"author":2,"featured_media":142146,"comment_status":"open","ping_status":"open","sticky":false,"template":"","format":"standard","meta":{"footnotes":""},"categories":[1],"tags":[],"class_list":["post-142171","post","type-post","status-publish","format-standard","has-post-thumbnail","hentry","category-gundem"],"views":199,"_links":{"self":[{"href":"https:\/\/mersingazetesi.com\/index.php\/wp-json\/wp\/v2\/posts\/142171","targetHints":{"allow":["GET"]}}],"collection":[{"href":"https:\/\/mersingazetesi.com\/index.php\/wp-json\/wp\/v2\/posts"}],"about":[{"href":"https:\/\/mersingazetesi.com\/index.php\/wp-json\/wp\/v2\/types\/post"}],"author":[{"embeddable":true,"href":"https:\/\/mersingazetesi.com\/index.php\/wp-json\/wp\/v2\/users\/2"}],"replies":[{"embeddable":true,"href":"https:\/\/mersingazetesi.com\/index.php\/wp-json\/wp\/v2\/comments?post=142171"}],"version-history":[{"count":1,"href":"https:\/\/mersingazetesi.com\/index.php\/wp-json\/wp\/v2\/posts\/142171\/revisions"}],"predecessor-version":[{"id":142172,"href":"https:\/\/mersingazetesi.com\/index.php\/wp-json\/wp\/v2\/posts\/142171\/revisions\/142172"}],"wp:featuredmedia":[{"embeddable":true,"href":"https:\/\/mersingazetesi.com\/index.php\/wp-json\/wp\/v2\/media\/142146"}],"wp:attachment":[{"href":"https:\/\/mersingazetesi.com\/index.php\/wp-json\/wp\/v2\/media?parent=142171"}],"wp:term":[{"taxonomy":"category","embeddable":true,"href":"https:\/\/mersingazetesi.com\/index.php\/wp-json\/wp\/v2\/categories?post=142171"},{"taxonomy":"post_tag","embeddable":true,"href":"https:\/\/mersingazetesi.com\/index.php\/wp-json\/wp\/v2\/tags?post=142171"}],"curies":[{"name":"wp","href":"https:\/\/api.w.org\/{rel}","templated":true}]}}